{"id":2026,"date":"2021-05-27T15:16:08","date_gmt":"2021-05-27T13:16:08","guid":{"rendered":"http:\/\/www.infokuryr.cz\/n\/?p=2026"},"modified":"2021-05-27T15:16:08","modified_gmt":"2021-05-27T13:16:08","slug":"o-mrtvych-jen-dobre-ale-take-pravdive","status":"publish","type":"post","link":"https:\/\/www.infokuryr.cz\/n\/2021\/05\/27\/o-mrtvych-jen-dobre-ale-take-pravdive\/","title":{"rendered":"O mrtv\u00fdch jen dob\u0159e. Ale tak\u00e9 pravdiv\u011b!"},"content":{"rendered":"<div id=\"fb-root\"><\/div>\n<p>K ned\u00e1vn\u00e9mu \u00famrt\u00ed pan\u00ed Ji\u0159iny \u0160iklov\u00e9 jsem si mj. p\u0159e\u010detl osobn\u00ed vzpom\u00ednku, kterou na Aktu\u00e1ln\u011b. cz (<a href=\"https:\/\/magazin.aktualne.cz\/kultura\/literatura\/pomahat-kulture-a-chranit-jirina-siklova-85\/r\">https:\/\/magazin.aktualne.cz\/kultura\/literatura\/pomahat-kulture-a-chranit-jirina-siklova-85\/r<\/a>) napsal Michal Plz\u00e1k,\u00a0\u00a0<em>\u0159editel nakladatelstv\u00ed Kalich, kter\u00e9 vyd\u00e1v\u00e1 knihy Ji\u0159iny \u0160iklov\u00e9 a je spoluautorem kni\u017en\u00edho rozhovoru s n\u00ed z roku 2011, nazvan\u00e9ho Bez ohl\u00e1vky.<\/em>\u00a0Popisuje v n\u00ed nejen jej\u00ed bohatou a mo\u017eno \u0159\u00edct, obecn\u011b prosp\u011b\u0161nou \u010dinnost a \u017eivotn\u00ed dr\u00e1hu, ale tak\u00e9 n\u00e1hled\u016f do rodinn\u00e9ho \u017eivota. Nehodl\u00e1m rozeb\u00edrat jednotliv\u00e9 pas\u00e1\u017ee tohoto pojedn\u00e1n\u00ed, nem\u00e1m dostate\u010dn\u00e9 v\u011bdom\u00ed,\u00a0 kter\u00e9 by mohly na textu n\u011bco m\u011bnit. P\u0159esto bych se pozastavil nad ne zcela \u00fapln\u00fdm, resp.\u00a0 nep\u0159esn\u00fdm popisem \u017eivotn\u00ed dr\u00e1hy J. \u0160iklov\u00e9.<\/p>\n<p>Ten nedostatek vid\u00edm v tom, \u017ee jej\u00ed bohat\u00e1 \u017eivotn\u00ed dr\u00e1ha je \u010di byla (\u010dasto) popisov\u00e1na a zmi\u0148ov\u00e1na v\u017edy jen zhruba\u00a0 od r. 1970, jako by d\u0159\u00edve ne\u017eila. Nemohu se zbavit dojmu, \u017ee je\u00a0 tak \u010din\u011bno z\u00e1m\u011brn\u011b. Jen p\u0159ipomenu, \u017ee v r. 1970 bylo pan\u00ed J. \u0160iklov\u00e9 35 let a jej\u00ed \u017eivot do t\u00e9 doby rozhodn\u011b nebyl nezaj\u00edmav\u00fd. Nen\u00ed proto od v\u011bci tak\u00e9 p\u0159ipomenout n\u011bkter\u00e9 skute\u010dnosti, kter\u00e9 se k osob\u011b pan\u00ed \u0160iklov\u00e9 v\u00e1\u017e\u00ed od doby sv\u00e9ho, no \u0159ekn\u011bme, ve\u0159ejn\u00e9ho anga\u017em\u00e1.<\/p>\n<p>P\u0159edn\u011b je dobr\u00e9 \u010di vhodn\u00e9 zm\u00ednit, \u017ee Ji\u0159ina \u0160iklov\u00e1 byla \u010dlenkou KS\u010c od r. 1955 a\u017e do r. 1968. Jako \u010dlenka Komunistick\u00e9 strany \u010ceskoslovenska se aktivn\u011b pod\u00edlela na stranick\u00e9 pr\u00e1ci na Karlov\u011b univerzit\u011b v Praze, kde studovala sociologii. Jej\u00ed hlavn\u00ed osobn\u00ed \u010dinnost\u00ed ve stran\u011b byla anga\u017eovanost coby obh\u00e1jkyn\u011b reformy KS\u010c.\u00a0 Po invazi arm\u00e1d st\u00e1t\u016f Var\u0161avsk\u00e9 smlouvy\u00a0\u00a0\u00a0\u00a0 v r. 1968 v\u0161ak ze strany ode\u0161la a stala se \u010dlenem \u010ds. podzemn\u00edho hnut\u00ed. Jej\u00ed anga\u017eovanost v \u010desk\u00e9m disentu m\u011bla mj. za\u00a0 n\u00e1sledek uv\u011bzn\u011bn\u00ed v roce 1981, kdy byla pron\u00e1sledov\u00e1na StB, komunistickou tajnou polici\u00ed byla \u010dasto p\u0159edv\u00e1d\u011bna k v\u00fdslech\u016fm<\/p>\n<p>Ji\u0159ina \u0160iklov\u00e1 o sob\u011b tvrdila, \u017ee m\u011bla v\u017edy bl\u00edzko k levicov\u00e9 \u010cSSD, kter\u00e1 jako sou\u010d\u00e1st N\u00e1rodn\u00ed fronty podporovala, \u010di l\u00e9pe \u0159e\u010deno realizovala v\u00fdstavbu a budov\u00e1n\u00ed socialismu v \u010ceskoslovensku. Nedlouho p\u0159ed sv\u00fdm skonem se tak\u00e9 vyj\u00e1d\u0159ila o sou\u010dasn\u00e9 situaci v soci\u00e1ln\u00ed demokracii, kterou pova\u017eovala za kritickou s t\u00edm, \u017ee j\u00ed ned\u00e1v\u00e1 \u017e\u00e1dn\u00e9 velk\u00e9 nad\u011bje na \u00fasp\u011bch ve volb\u00e1ch. V t\u00e9to souvislosti se zm\u00ednila o tom, \u017ee a\u017e do r. 1945 byla soci\u00e1ln\u00ed demokracie samostatn\u00e1, ale \u017ee po vytvo\u0159en\u00ed tzv. N\u00e1rodn\u00ed fronty\u00a0 se \u010cSSD roz\u0161t\u011bpila, \u010d\u00e1st \u010dlen\u016f pr\u00fd ode\u0161la do ciziny, dal\u0161\u00ed \u010d\u00e1st (doslovn\u00fd cit\u00e1t ) a zbytek se \u010dlenstv\u00ed ve stran\u011b vzdal.<\/p>\n<p>Toto konstatov\u00e1n\u00ed pan\u00ed\u00a0 \u0160iklov\u00e9 zmi\u0148uji proto, \u017ee i takov\u00e1 \u010dinn\u00e1 polistopadov\u00e1 aktivistka, havlistka, chartistka, demokratka\u00a0\u00a0\u00a0\u00a0 se neubr\u00e1nila jist\u00e9 (\u00fa\u010delov\u00e9) licom\u011brnosti a pokrytectv\u00ed, kdy\u017e se zna\u010dn\u011b pejorativn\u011b vyjad\u0159ila o jist\u00e9 \u010d\u00e1sti \u010dlen\u016f soc.demokrat\u016f, kte\u0159\u00ed \u00fadajn\u011b p\u0159e\u0161li (vlezli do prdele) ke komunist\u016fm, tedy do t\u00e9 strany, ve kter\u00e9 pak\u00a0<strong>tak\u00e9 ona\u00a0 sama l\u00e9ta aktivn\u011b p\u016fsobila.<\/strong><\/p>\n<p>Touto p\u0159ipom\u00ednkou nechci nijak dehonestovat \u010dinnost a \u017eivot Ji\u0159iny \u0160iklov\u00e9, jen jsem t\u00edm cht\u011bl p\u0159ipomenout fakt, \u017ee mnoz\u00ed b\u00fdval\u00ed komunist\u00e9, kte\u0159\u00ed bu\u010fto tzv. \u201eproz\u0159eli\u201c nebo prost\u011b tenden\u010dn\u011b p\u0159evl\u00e9kli kab\u00e1t, svou minulost jakoby \u201ezazdili\u201c. Neradi o n\u00ed mluv\u00ed, neradi ji v\u016fbec p\u0159izn\u00e1vaj\u00ed. Pokud maj\u00ed pocit studu, \u017ee se p\u0159evl\u00e9kli do jin\u00e9ho\u00a0 h\u00e1vu sv\u00e9 politick\u00e9, l\u00e9pe \u0159e\u010deno prosperuj\u00edc\u00ed kari\u00e9ry, pak je jejich odta\u017eivost od minulosti pochopiteln\u00e1, pokud ale p\u0159edstavuj\u00ed pozitivn\u011b prosp\u011b\u0161nou \u010dinnost, m\u011bli by um\u011bt se \u010destn\u011b p\u0159iznat, \u017ee byli \u010dleny strany, kterou dnes sami \u010dasto i nevyb\u00edrav\u00fdm zp\u016fsobem han\u00ed.<\/p>\n<p>Pan\u00ed \u0160iklov\u00e1, kter\u00e1 se dlouh\u00e1 l\u00e9ta v\u011bnovala pozitivn\u00ed pr\u00e1ci a \u010dinnosti pro st\u00e1t, by se mohla \u010di m\u011bla beze studu hl\u00e1sit k b\u00fdval\u00e9mu\u00a0 \u010dlenstv\u00ed v KS\u010c. Nen\u00ed jedin\u00e1, kter\u00e1 se \u201ep\u0159erodila\u201c v jinou ideologii. M\u011bla k tomu sv\u00e9, i pro ve\u0159ejnost zcela pochopiteln\u00e9 d\u016fvody. Tak tedy, navzdory jej\u00edm n\u011bkter\u00fdm ve\u0159ejn\u00fdm faux pas nebo exces\u016fm, \u010dest\u00a0\u00a0\u00a0 jej\u00ed pam\u00e1tce!<\/p>\n<p>Ji\u0159\u00ed\u00a0 B a \u0165 a<\/p>\n<p><img decoding=\"async\" loading=\"lazy\" class=\"alignnone  wp-image-1539\" src=\"http:\/\/www.infokuryr.cz\/n\/wp-content\/uploads\/2021\/05\/jiri-bata-225x300.jpg\" alt=\"\" width=\"94\" height=\"126\" srcset=\"https:\/\/www.infokuryr.cz\/n\/wp-content\/uploads\/2021\/05\/jiri-bata-225x300.jpg 225w, https:\/\/www.infokuryr.cz\/n\/wp-content\/uploads\/2021\/05\/jiri-bata.jpg 280w\" sizes=\"(max-width: 94px) 100vw, 94px\" \/><\/p>\n<p>&nbsp;<\/p>\n","protected":false},"excerpt":{"rendered":"<p>K ned\u00e1vn\u00e9mu \u00famrt\u00ed pan\u00ed Ji\u0159iny \u0160iklov\u00e9 jsem si mj. p\u0159e\u010detl osobn\u00ed vzpom\u00ednku, kterou na Aktu\u00e1ln\u011b&#8230;.<\/p>\n","protected":false},"author":2,"featured_media":2027,"comment_status":"closed","ping_status":"closed","sticky":false,"template":"","format":"standard","meta":[],"categories":[6],"tags":[29,471],"_links":{"self":[{"href":"https:\/\/www.infokuryr.cz\/n\/wp-json\/wp\/v2\/posts\/2026"}],"collection":[{"href":"https:\/\/www.infokuryr.cz\/n\/wp-json\/wp\/v2\/posts"}],"about":[{"href":"https:\/\/www.infokuryr.cz\/n\/wp-json\/wp\/v2\/types\/post"}],"author":[{"embeddable":true,"href":"https:\/\/www.infokuryr.cz\/n\/wp-json\/wp\/v2\/users\/2"}],"replies":[{"embeddable":true,"href":"https:\/\/www.infokuryr.cz\/n\/wp-json\/wp\/v2\/comments?post=2026"}],"version-history":[{"count":0,"href":"https:\/\/www.infokuryr.cz\/n\/wp-json\/wp\/v2\/posts\/2026\/revisions"}],"wp:featuredmedia":[{"embeddable":true,"href":"https:\/\/www.infokuryr.cz\/n\/wp-json\/wp\/v2\/media\/2027"}],"wp:attachment":[{"href":"https:\/\/www.infokuryr.cz\/n\/wp-json\/wp\/v2\/media?parent=2026"}],"wp:term":[{"taxonomy":"category","embeddable":true,"href":"https:\/\/www.infokuryr.cz\/n\/wp-json\/wp\/v2\/categories?post=2026"},{"taxonomy":"post_tag","embeddable":true,"href":"https:\/\/www.infokuryr.cz\/n\/wp-json\/wp\/v2\/tags?post=2026"}],"curies":[{"name":"wp","href":"https:\/\/api.w.org\/{rel}","templated":true}]}}