{"id":20240,"date":"2022-12-26T01:08:23","date_gmt":"2022-12-26T00:08:23","guid":{"rendered":"http:\/\/www.infokuryr.cz\/n\/?p=20240"},"modified":"2022-12-25T15:50:06","modified_gmt":"2022-12-25T14:50:06","slug":"putin-zakladem-vseho-je-politika-geopolitickych-oponentu-majici-za-cil-rozdeleni-ruska","status":"publish","type":"post","link":"https:\/\/www.infokuryr.cz\/n\/2022\/12\/26\/putin-zakladem-vseho-je-politika-geopolitickych-oponentu-majici-za-cil-rozdeleni-ruska\/","title":{"rendered":"Putin: Z\u00e1kladem v\u0161eho je politika geopolitick\u00fdch oponent\u016f maj\u00edc\u00ed za c\u00edl rozd\u011blen\u00ed Ruska"},"content":{"rendered":"<div id=\"fb-root\"><\/div>\n<p><strong>Prezident RF poskytl rozhovor televizn\u00edmu kan\u00e1lu Rossya 1, v n\u011bm\u017e se v\u011bnoval priorit\u00e1m sv\u00e9 politiky, v\u010detn\u011b speci\u00e1ln\u00ed operace na Ukrajin\u011b.<\/strong><\/p>\n<p>Prezident RF Vladimir Putin prohl\u00e1sil v odpov\u011bdi na ot\u00e1zku, jestli se Rusko nebl\u00ed\u017e\u00ed k nebezpe\u010dn\u00e9 \u010d\u00e1\u0159e kv\u016fli situaci na Ukrajin\u011b, \u017ee nepokl\u00e1d\u00e1 ji za moc nebezpe\u010dnou, a \u017ee Rusko jedn\u00e1 v z\u00e1jmu ob\u010dan\u016f.<\/p>\n<p>\u201eNemysl\u00edm, \u017ee je a\u017e tak moc nebezpe\u010dn\u00e1. M\u00e1m za to, \u017ee jedn\u00e1me spr\u00e1vn\u00fdm sm\u011brem, br\u00e1n\u00edme vlastn\u00ed n\u00e1rodn\u00ed z\u00e1jmy, z\u00e1jmy na\u0161ich ob\u010dan\u016f, na\u0161ich lid\u00ed. Jinou volbu krom\u011b ochrany na\u0161ich ob\u010dan\u016f prost\u011b nem\u00e1me. Ale jsme p\u0159ipraveni se dohodnout se v\u0161emi \u00fa\u010dastn\u00edky dan\u00e9ho procesu na jak\u00fdchsi p\u0159ijateln\u00fdch rozhodnut\u00edch, av\u0161ak je to jejich v\u011bc, proto\u017ee nejsme to my, kdo odm\u00edtaj\u00ed jedn\u00e1n\u00ed, ale oni,\u201d prohl\u00e1sil v rozhovoru pro Pavla Zarubina v po\u0159adu Moskva. Kreml. Putin. Novin\u00e1\u0159 zve\u0159ejnil rozhovor na Telegramu.<\/p>\n<p>Prezident poznamenal, \u017ee Rusko v\u017edy usilovalo o to, aby v\u0161echny vznikaj\u00edc\u00ed spory byly vy\u0159e\u0161eny m\u00edrov\u00fdmi prost\u0159edky, na jedn\u00e1n\u00edch.<\/p>\n<p>\u201eBohu\u017eel m\u011bla opa\u010dn\u00e1, druh\u00e1 strana jinou n\u00e1ladu, zah\u00e1jila, jak jsem ji\u017e v\u00edckr\u00e1t mluvil, a v\u0161ichni to v\u00edme, prov\u00e1d\u011bt tam tvrd\u00e9 akce vojensk\u00e9ho r\u00e1zu. Byli jsme tak nebo jinak nuceni postavit se na obranu lid\u00ed, je\u017e ob\u00fdvaj\u00ed tato \u00fazem\u00ed, museli jsme podpo\u0159it volbu obyvatel Krymu, proto\u017ee t\u00edm to v\u0161echno za\u010dalo, v\u0161echno za\u010dalo t\u00edm!\u201d dodal prezident.<\/p>\n<p>Putin \u0159ekl, \u017ee z\u00e1kladem v\u0161eho je politika geopolitick\u00fdch oponent\u016f maj\u00edc\u00ed za c\u00edl rozd\u011blen\u00ed Ruska.<\/p>\n<p>\u201eRozd\u011bluj a panuj, tohle se v\u017edy sna\u017eili ud\u011blat, sna\u017e\u00ed se o to tak\u00e9 dnes, ale n\u00e1\u0161 c\u00edl spo\u010d\u00edv\u00e1 v jin\u00e9m, v sjednocen\u00ed rusk\u00e9ho n\u00e1roda,\u201d prohl\u00e1sil prezident RF.<\/p>\n<p><img decoding=\"async\" loading=\"lazy\" class=\"alignnone size-full wp-image-1185\" src=\"http:\/\/www.infokuryr.cz\/n\/wp-content\/uploads\/2021\/04\/kuryr-podpis.png\" alt=\"\" width=\"84\" height=\"24\" \/><\/p>\n<p>&nbsp;<\/p>\n<p><img decoding=\"async\" loading=\"lazy\" class=\"wp-image-19187 aligncenter\" src=\"http:\/\/www.infokuryr.cz\/n\/wp-content\/uploads\/2022\/12\/1-PRO-300x36.jpg\" alt=\"\" width=\"1183\" height=\"142\" srcset=\"https:\/\/www.infokuryr.cz\/n\/wp-content\/uploads\/2022\/12\/1-PRO-300x36.jpg 300w, https:\/\/www.infokuryr.cz\/n\/wp-content\/uploads\/2022\/12\/1-PRO.jpg 699w\" sizes=\"(max-width: 1183px) 100vw, 1183px\" \/><\/p>\n<p>&nbsp;<\/p>\n","protected":false},"excerpt":{"rendered":"<p>Prezident RF poskytl rozhovor televizn\u00edmu kan\u00e1lu Rossya 1, v n\u011bm\u017e se v\u011bnoval priorit\u00e1m sv\u00e9 politiky,&#8230;<\/p>\n","protected":false},"author":2,"featured_media":16426,"comment_status":"closed","ping_status":"closed","sticky":false,"template":"","format":"standard","meta":[],"categories":[7],"tags":[2181,102,2738,1052,22],"_links":{"self":[{"href":"https:\/\/www.infokuryr.cz\/n\/wp-json\/wp\/v2\/posts\/20240"}],"collection":[{"href":"https:\/\/www.infokuryr.cz\/n\/wp-json\/wp\/v2\/posts"}],"about":[{"href":"https:\/\/www.infokuryr.cz\/n\/wp-json\/wp\/v2\/types\/post"}],"author":[{"embeddable":true,"href":"https:\/\/www.infokuryr.cz\/n\/wp-json\/wp\/v2\/users\/2"}],"replies":[{"embeddable":true,"href":"https:\/\/www.infokuryr.cz\/n\/wp-json\/wp\/v2\/comments?post=20240"}],"version-history":[{"count":0,"href":"https:\/\/www.infokuryr.cz\/n\/wp-json\/wp\/v2\/posts\/20240\/revisions"}],"wp:featuredmedia":[{"embeddable":true,"href":"https:\/\/www.infokuryr.cz\/n\/wp-json\/wp\/v2\/media\/16426"}],"wp:attachment":[{"href":"https:\/\/www.infokuryr.cz\/n\/wp-json\/wp\/v2\/media?parent=20240"}],"wp:term":[{"taxonomy":"category","embeddable":true,"href":"https:\/\/www.infokuryr.cz\/n\/wp-json\/wp\/v2\/categories?post=20240"},{"taxonomy":"post_tag","embeddable":true,"href":"https:\/\/www.infokuryr.cz\/n\/wp-json\/wp\/v2\/tags?post=20240"}],"curies":[{"name":"wp","href":"https:\/\/api.w.org\/{rel}","templated":true}]}}