{"id":2021,"date":"2021-05-27T14:57:42","date_gmt":"2021-05-27T12:57:42","guid":{"rendered":"http:\/\/www.infokuryr.cz\/n\/?p=2021"},"modified":"2021-05-27T14:57:42","modified_gmt":"2021-05-27T12:57:42","slug":"cesko-si-pripomina-vyroci-atentatu-na-heydricha","status":"publish","type":"post","link":"https:\/\/www.infokuryr.cz\/n\/2021\/05\/27\/cesko-si-pripomina-vyroci-atentatu-na-heydricha\/","title":{"rendered":"\u010cesko si p\u0159ipom\u00edn\u00e1 v\u00fdro\u010d\u00ed atent\u00e1tu na Heydricha"},"content":{"rendered":"<div id=\"fb-root\"><\/div>\n<div><b>79 let uplyne dnes od chv\u00edle, kdy na v\u016fz se zastupuj\u00edc\u00edm \u0159\u00ed\u0161sk\u00fdm protektorem Reinhardem Heydrichem za\u00fato\u010dili \u010deskosloven\u0161t\u00ed para\u0161utist\u00e9.<\/b><\/p>\n<p>Atent\u00e1t na nejmocn\u011bj\u0161\u00edho mu\u017ee Protektor\u00e1tu \u010cechy a Morava se zda\u0159il, Heydrich na n\u00e1sledky zran\u011bn\u00ed zem\u0159el 4. \u010dervna 1942.<\/p><\/div>\n<div>\n<div>\nMy\u0161lenka atent\u00e1tu se zrodila na podzim roku 1941 v Lond\u00fdn\u011b a p\u0159edb\u011b\u017en\u011b se i vybral term\u00edn, p\u016fvodn\u011b se m\u011bl uskute\u010dnit na v\u00fdro\u010d\u00ed vzniku republiky, 28. \u0159\u00edjna. \u00dakol s n\u00e1zvem operace Anthropoid m\u011bli prov\u00e9st dva vybran\u00ed voj\u00e1ci \u010deskoslovensk\u00e9 zahrani\u010dn\u00ed arm\u00e1dy &#8211; Jozef Gab\u010d\u00edk a Karel Svoboda. Oba za\u010dali s intenzivn\u00edm v\u00fdcvikem, kter\u00fd se ale Svobodovi stal osudn\u00fdm. Zranil se a musel ho nahradit Jan Kubi\u0161.<\/p>\n<p>Dal\u0161\u00ed komplikace p\u0159i\u0161la p\u0159i odletu para\u0161utist\u016f do protektor\u00e1tu. N\u011bkolikr\u00e1t se musel odlo\u017eit kv\u016fli nedostatku letadel. Nakonec letadlo s v\u00fdsadk\u00e1\u0159i vzl\u00e9tlo 28. prosince 1941 z anglick\u00e9ho leti\u0161t\u011b Tangmere Halifax. Let trval deset hodin, nad protektor\u00e1tem byly hust\u00e9 mraky a sn\u011b\u017eilo. \u010clenov\u00e9 skupiny Anthropoid sesko\u010dili u obce Nehvizdy bl\u00edzko Prahy, a\u010dkoli m\u011bli b\u00fdt p\u016fvodn\u011b vysazeni u Plzn\u011b. Po po\u010d\u00e1te\u010dn\u00edch probl\u00e9mech se jim poda\u0159ilo nav\u00e1zat kontakt s p\u0159\u00edslu\u0161n\u00edky dom\u00e1c\u00edho odboje, nejv\u00edce jim pomohla sokolsk\u00e1 organizace.<\/p><\/div>\n<div>\n<h3><b>Atent\u00e1t<\/b><\/h3>\n<div>P\u0159i hled\u00e1n\u00ed m\u00edsta, kde by se mohl atent\u00e1t nejl\u00e9pe prov\u00e9st, padla volba na silnici pod Vychovatelnou v Praze-Libni. Protektor tudy t\u00e9m\u011b\u0159 ka\u017ed\u00fd den proj\u00ed\u017ed\u011bl ze sv\u00e9ho s\u00eddla v Panensk\u00fdch B\u0159e\u017eanech do \u00fa\u0159adu. V ostr\u00e9 zat\u00e1\u010dce nedaleko nemocnice Na Bulovce musel jeho v\u016fz zpomalit a stal se snadn\u00fdm ter\u010dem. Para\u0161utist\u00e9 na n\u011bj 27. kv\u011btna kr\u00e1tce po des\u00e1t\u00e9 hodin\u011b \u010dekali.<\/p>\n<p>Ve chv\u00edli, kdy se mercedes v zat\u00e1\u010dce objevil, vb\u011bhl Gab\u010d\u00edk do dr\u00e1hy jeho j\u00edzdy a cht\u011bl pou\u017e\u00edt k likvidaci Heydricha samopal, ov\u0161em ze zbran\u011b \u017e\u00e1dn\u00e1 r\u00e1na nevy\u0161la. Na situaci bleskov\u011b zareagoval Kubi\u0161 a hodil na v\u016fz gran\u00e1t. Ten dopadl na stup\u00e1tko a explodoval, \u00falomky Heydricha v\u00e1\u017en\u011b zranily. Exploze byla tak siln\u00e1, \u017ee vyrazila okna i pr\u00e1v\u011b proj\u00ed\u017ed\u011bj\u00edc\u00ed tramvaji.<\/p>\n<p>Protektor byl p\u0159evezen do nemocnice na Bulovce, kde mu l\u00e9ka\u0159i diagnostikovali zlomen\u00e9 \u017eebro, protr\u017eenou br\u00e1nici a po\u0161kozenou slezinu. Do Prahy byl narychlo povolan\u00fd Hitler\u016fv osobn\u00ed l\u00e9ka\u0159, kter\u00fd Heydricha operoval. Za\u010d\u00e1tkem \u010dervna zas\u00e1hla protektor\u016fv organismus infekce a ta se mu stala osudnou. Heydrich zem\u0159el v p\u016fl p\u00e1t\u00e9 r\u00e1no 4. \u010dervna.<br \/>\n<b><br \/>\nStann\u00e9 pr\u00e1vo<\/b><\/div>\n<div><b><br \/>\n<\/b>Atent\u00e1t nez\u016fstal bez n\u00e1sledk\u016f. Okam\u017eit\u011b bylo vyhl\u00e1\u0161eno stann\u00e9 pr\u00e1vo a za\u010daly masov\u00e9 popravy. V\u016fdce t\u0159et\u00ed \u0159\u00ed\u0161e Adolf Hitler dokonce cht\u011bl nechat popravit deset tis\u00edc nejv\u00fdznamn\u011bj\u0161\u00edch \u010cech\u016f, a ztrestat tak zem za smrt t\u0159et\u00edho mu\u017ee nacistick\u00e9ho N\u011bmecka. Od tohoto kroku Hitlera podle historik\u016f zvr\u00e1tila a\u017e pot\u0159eba klidu v protektor\u00e1tu, kter\u00fd byl kv\u016fli sv\u00e9mu zbrojn\u00edmu pr\u016fmyslu pro N\u011bmecko nesm\u00edrn\u011b d\u016fle\u017eit\u00fd. Trest tak dopadl na obce Le\u017e\u00e1ky a Lidice. Byly vyp\u00e1len\u00e9 a srovnan\u00e9 se zem\u00ed, mu\u017ei post\u0159\u00edleni a \u017eeny s d\u011btmi p\u0159evezen\u00e9 do koncentra\u010dn\u00edch t\u00e1bor\u016f.<\/p>\n<p>Para\u0161utist\u00e9, kte\u0159\u00ed provedli atent\u00e1t, a dal\u0161\u00ed v\u00fdsadk\u00e1\u0159i se skr\u00fdvali p\u0159es t\u0159i t\u00fddny. Nejprve byli v rodin\u00e1ch p\u0159\u00edslu\u0161n\u00edk\u016f dom\u00e1c\u00edho odboje, potom se ukr\u00fdvali v kostele sv. Cyrila a Metod\u011bje v pra\u017esk\u00e9 Resslov\u011b ulici.<\/p>\n<p>Nakonec je zradil jeden z nich, a to Karel \u010curda. Po t\u011b\u017ek\u00e9m boji zahynulo sedm para\u0161utist\u016f 18. \u010dervna v pravoslavn\u00e9m chr\u00e1mu Cyrila a Metod\u011bje v pra\u017esk\u00e9 Resslov\u011b ulici. Nacistick\u00fd teror vyvrcholil v \u010dervnu 1942 vyhlazen\u00edm Lidic a Le\u017e\u00e1k\u016f. Za dobu stann\u00e9ho pr\u00e1va, kter\u00e9 skon\u010dilo 3. \u010dervence 1942, zahynulo p\u0159es 3000 lid\u00ed.<\/p><\/div>\n<div><\/div>\n<\/div>\n<\/div>\n<div><a href=\"https:\/\/www.prvnizpravy.cz\/zpravy\/politika\/cesko-si-pripomina-vyroci-atentatu-na-heydricha-3\/\">rp<\/a><\/div>\n<div><\/div>\n<div><\/div>\n<div><\/div>\n","protected":false},"excerpt":{"rendered":"<p>79 let uplyne dnes od chv\u00edle, kdy na v\u016fz se zastupuj\u00edc\u00edm \u0159\u00ed\u0161sk\u00fdm protektorem Reinhardem Heydrichem&#8230;<\/p>\n","protected":false},"author":2,"featured_media":2022,"comment_status":"closed","ping_status":"closed","sticky":false,"template":"","format":"standard","meta":[],"categories":[6],"tags":[468,76,170,469,470,429],"_links":{"self":[{"href":"https:\/\/www.infokuryr.cz\/n\/wp-json\/wp\/v2\/posts\/2021"}],"collection":[{"href":"https:\/\/www.infokuryr.cz\/n\/wp-json\/wp\/v2\/posts"}],"about":[{"href":"https:\/\/www.infokuryr.cz\/n\/wp-json\/wp\/v2\/types\/post"}],"author":[{"embeddable":true,"href":"https:\/\/www.infokuryr.cz\/n\/wp-json\/wp\/v2\/users\/2"}],"replies":[{"embeddable":true,"href":"https:\/\/www.infokuryr.cz\/n\/wp-json\/wp\/v2\/comments?post=2021"}],"version-history":[{"count":0,"href":"https:\/\/www.infokuryr.cz\/n\/wp-json\/wp\/v2\/posts\/2021\/revisions"}],"wp:featuredmedia":[{"embeddable":true,"href":"https:\/\/www.infokuryr.cz\/n\/wp-json\/wp\/v2\/media\/2022"}],"wp:attachment":[{"href":"https:\/\/www.infokuryr.cz\/n\/wp-json\/wp\/v2\/media?parent=2021"}],"wp:term":[{"taxonomy":"category","embeddable":true,"href":"https:\/\/www.infokuryr.cz\/n\/wp-json\/wp\/v2\/categories?post=2021"},{"taxonomy":"post_tag","embeddable":true,"href":"https:\/\/www.infokuryr.cz\/n\/wp-json\/wp\/v2\/tags?post=2021"}],"curies":[{"name":"wp","href":"https:\/\/api.w.org\/{rel}","templated":true}]}}