{"id":20207,"date":"2022-12-25T01:08:23","date_gmt":"2022-12-25T00:08:23","guid":{"rendered":"http:\/\/www.infokuryr.cz\/n\/?p=20207"},"modified":"2022-12-24T13:01:11","modified_gmt":"2022-12-24T12:01:11","slug":"americka-snemovna-reprezentantu-schvalila-rozpocet-17-bilionu-dolaru-na-rok-2023","status":"publish","type":"post","link":"https:\/\/www.infokuryr.cz\/n\/2022\/12\/25\/americka-snemovna-reprezentantu-schvalila-rozpocet-17-bilionu-dolaru-na-rok-2023\/","title":{"rendered":"Americk\u00e1 Sn\u011bmovna reprezentant\u016f schv\u00e1lila rozpo\u010det 1,7 bilionu dolar\u016f na rok 2023"},"content":{"rendered":"<div id=\"fb-root\"><\/div>\n<p><strong>Sn\u011bmovna reprezentant\u016f USA schv\u00e1lila vl\u00e1dn\u00ed v\u00fddaje ve v\u00fd\u0161i 1,7 bilionu dolar\u016f na fisk\u00e1ln\u00ed rok 2023, uv\u00e1d\u00ed The Guardian.\u00a0Nyn\u00ed ji bude muset podepsat americk\u00fd prezident Joe Biden.<\/strong><\/p>\n<p>Sn\u011bmovna reprezentant\u016f Kongresu USA po Sen\u00e1tu schv\u00e1lila n\u00e1vrh rozpo\u010dtu zem\u011b na fisk\u00e1ln\u00ed rok 2023, kter\u00fd skon\u010d\u00ed v z\u00e1\u0159\u00ed, ve v\u00fd\u0161i asi 1,7 bilionu dolar\u016f, uv\u00e1d\u00ed The Guardian.\u00a0Projekt po\u010d\u00edt\u00e1 s p\u0159id\u011blen\u00edm 44,9 miliardy dolar\u016f na pomoc Kyjevu.<\/p>\n<p>N\u00e1vrh z\u00e1kona bude nyn\u00ed zasl\u00e1n k podpisu americk\u00e9mu prezidentovi Joe Bidenovi.\u00a0V p\u00e1tek ji\u017e Biden podepsal samostatn\u00fd z\u00e1kon o kr\u00e1tkodob\u00fdch v\u00fddaj\u00edch, aby dal Kongresu v\u00edce \u010dasu na schv\u00e1len\u00ed legislativy o financov\u00e1n\u00ed.<\/p>\n<p>Podle publikace bylo schv\u00e1len\u00ed z\u00e1kona \u201e\u00a0<em>posledn\u00edm aktem<\/em>\u00a0\u201c pro druh\u00e9 funk\u010dn\u00ed obdob\u00ed Nancy Pelosiov\u00e9 jako p\u0159edsedkyn\u011b Sn\u011bmovny reprezentant\u016f.\u00a0Republik\u00e1nsk\u00e1 strana p\u0159evezme kontrolu nad Sn\u011bmovnou reprezentant\u016f p\u0159\u00ed\u0161t\u00ed rok a sou\u010dasn\u00fd v\u016fdce men\u0161in Kevin McCarthy usiluje o jej\u00ed odstran\u011bn\u00ed.<\/p>\n<p>Podle listu The Guardian byl McCarthy jedn\u00edm z t\u011bch, kte\u0159\u00ed n\u00e1vrhu rozpo\u010dtu vyt\u00fdkali v\u00fd\u0161i financ\u00ed a priority v n\u011bm obsa\u017een\u00e9.\u00a0Republik\u00e1n se vyslovil proti nadm\u011brn\u00e9mu utr\u00e1cen\u00ed a odsoudil je za to, \u017ee nab\u00edz\u00ed p\u0159\u00edli\u0161 m\u00e1lo k omezen\u00ed neleg\u00e1ln\u00edho p\u0159ist\u011bhovalectv\u00ed a toku fentanylu p\u0159es americko-mexickou hranici.<\/p>\n<p>&#8220;\u00a0<em>To je monstrum, co\u017e je jeden z nejhanebn\u011bj\u0161\u00edch \u010din\u016f, jak\u00e9 jsem kdy v tomto t\u011ble vid\u011bl<\/em>\u00a0,&#8220; komentoval McCarthy n\u00e1vrh rozpo\u010dtu.<\/p>\n<p>V reakci na to v\u0161ak Pelosiov\u00e1 pouk\u00e1zala na \u201e\u00a0<em>velk\u00e9 pot\u0159eby zem\u011b<\/em>\u00a0\u201c.\u00a0&#8220;\u00a0<em>Bylo smutn\u00e9, kdy\u017e jsem ho sly\u0161el \u0159\u00edkat, \u017ee tento z\u00e1kon\u00a0je\u00a0tou nejhanebn\u011bj\u0161\u00ed v\u011bc\u00ed, kterou lze ve Sn\u011bmovn\u011b reprezentant\u016f vid\u011bt<\/em>\u00a0,&#8220; \u0159ekla Pelosiov\u00e1, ne\u017e nazna\u010dila, \u017ee McCarthy musel zapomenout na \u00fatok na Kapitol 6. ledna 2021.<\/p>\n<p>Biden p\u0159iv\u00edtal schv\u00e1len\u00ed z\u00e1kona a ozna\u010dil jej za d\u016fkaz toho, jak mohou republik\u00e1ni a demokrat\u00e9 spolupracovat.\u00a0&#8220;\u00a0<em>T\u011b\u0161\u00edm se na pokra\u010duj\u00edc\u00ed pokrok obou stran v p\u0159\u00ed\u0161t\u00edm roce,<\/em>\u00a0&#8220; \u0159ekl prezident.<\/p>\n<p><img decoding=\"async\" loading=\"lazy\" class=\"alignnone size-full wp-image-1185\" src=\"http:\/\/www.infokuryr.cz\/n\/wp-content\/uploads\/2021\/04\/kuryr-podpis.png\" alt=\"\" width=\"84\" height=\"24\" \/><\/p>\n<p>&nbsp;<\/p>\n<p><img decoding=\"async\" loading=\"lazy\" class=\"wp-image-19187 aligncenter\" src=\"http:\/\/www.infokuryr.cz\/n\/wp-content\/uploads\/2022\/12\/1-PRO-300x36.jpg\" alt=\"\" width=\"1250\" height=\"150\" srcset=\"https:\/\/www.infokuryr.cz\/n\/wp-content\/uploads\/2022\/12\/1-PRO-300x36.jpg 300w, https:\/\/www.infokuryr.cz\/n\/wp-content\/uploads\/2022\/12\/1-PRO.jpg 699w\" sizes=\"(max-width: 1250px) 100vw, 1250px\" \/><\/p>\n<p>&nbsp;<\/p>\n","protected":false},"excerpt":{"rendered":"<p>Sn\u011bmovna reprezentant\u016f USA schv\u00e1lila vl\u00e1dn\u00ed v\u00fddaje ve v\u00fd\u0161i 1,7 bilionu dolar\u016f na fisk\u00e1ln\u00ed rok 2023,&#8230;<\/p>\n","protected":false},"author":2,"featured_media":6977,"comment_status":"closed","ping_status":"closed","sticky":false,"template":"","format":"standard","meta":[],"categories":[7],"tags":[604,477,37],"_links":{"self":[{"href":"https:\/\/www.infokuryr.cz\/n\/wp-json\/wp\/v2\/posts\/20207"}],"collection":[{"href":"https:\/\/www.infokuryr.cz\/n\/wp-json\/wp\/v2\/posts"}],"about":[{"href":"https:\/\/www.infokuryr.cz\/n\/wp-json\/wp\/v2\/types\/post"}],"author":[{"embeddable":true,"href":"https:\/\/www.infokuryr.cz\/n\/wp-json\/wp\/v2\/users\/2"}],"replies":[{"embeddable":true,"href":"https:\/\/www.infokuryr.cz\/n\/wp-json\/wp\/v2\/comments?post=20207"}],"version-history":[{"count":0,"href":"https:\/\/www.infokuryr.cz\/n\/wp-json\/wp\/v2\/posts\/20207\/revisions"}],"wp:featuredmedia":[{"embeddable":true,"href":"https:\/\/www.infokuryr.cz\/n\/wp-json\/wp\/v2\/media\/6977"}],"wp:attachment":[{"href":"https:\/\/www.infokuryr.cz\/n\/wp-json\/wp\/v2\/media?parent=20207"}],"wp:term":[{"taxonomy":"category","embeddable":true,"href":"https:\/\/www.infokuryr.cz\/n\/wp-json\/wp\/v2\/categories?post=20207"},{"taxonomy":"post_tag","embeddable":true,"href":"https:\/\/www.infokuryr.cz\/n\/wp-json\/wp\/v2\/tags?post=20207"}],"curies":[{"name":"wp","href":"https:\/\/api.w.org\/{rel}","templated":true}]}}