{"id":2020,"date":"2021-05-27T14:49:29","date_gmt":"2021-05-27T12:49:29","guid":{"rendered":"http:\/\/www.infokuryr.cz\/n\/?p=2020"},"modified":"2021-05-27T16:06:29","modified_gmt":"2021-05-27T14:06:29","slug":"2020","status":"publish","type":"post","link":"https:\/\/www.infokuryr.cz\/n\/2021\/05\/27\/2020\/","title":{"rendered":"Protasevi\u010d \u0159ekne v\u0161echno&#8230; sly\u0161\u00edte vyt\u00ed v ba\u017ein\u00e1ch?"},"content":{"rendered":"<div id=\"fb-root\"><\/div>\n<p><strong>Roman Protasevi\u010d se ji\u017e objevil v b\u011blorusk\u00e9 televizi a \u0159ekl, \u017ee aktivn\u011b spolupracuje s vy\u0161et\u0159ovateli a \u017ee s jeho zdrav\u00edm je v\u0161e v po\u0159\u00e1dku a \u017ee je p\u0159ipraven v\u0161echno \u0159\u00edct<\/strong>.\u00a0<b>Soud\u011b podle videa je chlapec docela rozumn\u00fd, rozum\u00ed tomu co ud\u011blal a okam\u017eit\u011b se p\u0159iznal. Obecn\u011b plat\u00ed \u2013 ocitl se v \u201e\u00fa\u017easn\u00e9m sv\u011bt\u011b\u201c, ve kter\u00e9m ho za takovou v\u011bc m\u016f\u017ee \u010dekat i trest smrti. Aby se takov\u00e9mu osudu vyhnul, budeme m\u00edt to pot\u011b\u0161en\u00ed brzy usly\u0161et fascinuj\u00edc\u00ed a obs\u00e1hl\u00e9 vypr\u00e1v\u011bn\u00ed.<\/b><\/p>\n<p>A on \u0159ekne:<\/p>\n<p>1. Jak polsk\u00e9 speci\u00e1ln\u00ed slu\u017eby organizovaly pokus o st\u00e1tn\u00ed p\u0159evrat v B\u011blorusku.<\/p>\n<p>2. Kdo v syst\u00e9mu mocensk\u00fdch org\u00e1n\u016f B\u011bloruska spolupracuje s tajn\u00fdmi slu\u017ebami zem\u00ed NATO.<\/p>\n<p>3. Kdo v rusk\u00e9m syst\u00e9mu mocensk\u00fdch org\u00e1n\u016f spolupracuje s politick\u00fdmi centry zem\u00ed NATO.<\/p>\n<p>4. Jak prob\u00edh\u00e1 financov\u00e1n\u00ed syst\u00e9mu politick\u00fdch zdroj\u016f pracuj\u00edc\u00edch na st\u00e1tn\u00edch p\u0159evratech jak v Rusku, tak i B\u011blorusku.<\/p>\n<p>5. Jak jsou neonacist\u00e9 z Ukrajiny spojeni s opozic\u00ed v Rusku a B\u011blorusku a jak se p\u0159ipravuj\u00ed p\u0159esuny militant\u016f do Moskvy a Minsku, aby provokovali n\u00e1sil\u00ed.<\/p>\n<p>6. Jak\u00e1 je obecn\u00e1 strategie tajn\u00fdch slu\u017eeb zem\u00ed NATO p\u0159i p\u0159\u00edprav\u011b st\u00e1tn\u00edch p\u0159evrat\u016f v Rusku a B\u011blorusku.<\/p>\n<p>Aby nic z toho neprozradil, ze zem\u00ed NATO mu zas\u00edlaj\u00ed dopisy o podpo\u0159e.\u00a0Ka\u017ed\u00fd slibuje.\u00a0\u017d\u00e1daj\u00ed jen jednu v\u011bc \u2013 aby ml\u010del.\u00a0Ale on je prod\u00e1.\u00a0Zrad\u00ed je.\u00a0D\u016fvod je prost\u00fd \u2013 pro pr\u00e1ci si vyb\u00edraj\u00ed a verbuj\u00ed jenom zr\u00e1dce.<\/p>\n<p><strong>Pro\u010d Z\u00e1pad a kruhy s n\u00edm spojen\u00e9 reagovaly na zat\u010den\u00ed Protasevi\u010de tak ost\u0159e?<\/strong><\/p>\n<p>Sly\u0161\u00edte to vyt\u00ed v ba\u017ein\u00e1ch?\u00a0Ne, nejde o psa baskervillsk\u00e9ho, je to Z\u00e1pad a s n\u00edm spojen\u00e9 liber\u00e1ln\u00ed kruhy, kter\u00e9 reaguj\u00ed na zat\u010den\u00ed Protasevi\u010de.<\/p>\n<p>Evropsk\u00e1 unie zak\u00e1zala b\u011blorusk\u00fdm letadl\u016fm lety nad sv\u00fdm \u00fazem\u00edm, zavedou nov\u00e9 sankce a v Rize byla sund\u00e1na n\u00e1rodn\u00ed vlajka B\u011bloruska a na jej\u00ed m\u00edsto byl vyv\u011b\u0161en hadr b\u011blorusk\u00e9 opozice.<\/p>\n<p>Starosta Rigy a ministr zahrani\u010dn\u00edch v\u011bc\u00ed Loty\u0161ska se pod\u00edleli na v\u00fdm\u011bn\u011b vlajky.<\/p>\n<p>Pro\u010d Z\u00e1pad tak ost\u0159e reagoval na zat\u010den\u00ed Protasevi\u010de?<\/p>\n<p>Mimochodem, mnoz\u00ed p\u00ed\u0161\u00ed, \u017ee Roman Protasevi\u010d je jen novin\u00e1\u0159, ve sv\u00e9 zemi prost\u011b nemohl vydr\u017eet tyranii a rozhodl se nasm\u011brovat cestu k sv\u011btlej\u0161\u00ed budoucnosti.<\/p>\n<p>Ve skute\u010dnosti Roman je mu\u017e, kter\u00fd se dlouhodob\u011b dr\u017e\u00ed nacistick\u00fdch n\u00e1zor\u016f.\u00a0S\u00ed\u0165 je pln\u00e1 fotografi\u00ed, kde on a jeho k\u00e1mo\u0161i p\u0159edv\u00e1d\u011bj\u00ed ur\u010dit\u00e1 gesta nacist\u016f.<\/p>\n<p>Roman se z\u00fa\u010dastnil ukrajinsk\u00e9ho Majdanu a dokonce zni\u010dil Lenin\u016fv pomn\u00edk:<\/p>\n<p>&nbsp;<\/p>\n<div class=\"separator\"><a href=\"https:\/\/1.bp.blogspot.com\/-W7ELb08CGe8\/YK52ECUhwyI\/AAAAAAAADRw\/0zRkcoLiBWEZlUJxf9ws38uO0r9uvZ2VgCNcBGAsYHQ\/s768\/scale_1200%2B%25281088%2529.jpeg\"><img decoding=\"async\" src=\"https:\/\/1.bp.blogspot.com\/-W7ELb08CGe8\/YK52ECUhwyI\/AAAAAAAADRw\/0zRkcoLiBWEZlUJxf9ws38uO0r9uvZ2VgCNcBGAsYHQ\/s320\/scale_1200%2B%25281088%2529.jpeg\" width=\"320\" border=\"0\" data-original-height=\"586\" data-original-width=\"768\" \/><\/a><\/div>\n<p>Snad nejzaj\u00edmav\u011bj\u0161\u00edm bodem v jeho biografii byla jeho \u00fa\u010dast ve v\u00e1lce na \u00fazem\u00ed Donbasu.<\/p>\n<p>V roce 2014 se z\u00fa\u010dastnil nep\u0159\u00e1telsk\u00fdch akc\u00ed.\u00a0Tam se setkal s \u0161\u00e9fem krajn\u011b pravicov\u00e9 N\u00e1rodn\u00ed aliance a aktivn\u00edm \u00fa\u010dastn\u00edkem Majdanu\u00a0Igorem Guzem.\u00a0Na jeho n\u00e1vrh nastoupil do praporu Azov, kde absolvoval speci\u00e1ln\u00ed v\u00fdcvik st\u0159elby ze st\u0159eln\u00fdch zbran\u00ed, boje tv\u00e1\u0159\u00ed tv\u00e1\u0159, sabot\u00e1\u017ee a podvratn\u00fdch prac\u00ed a \u00fato\u010dn\u00fdch operac\u00ed.<\/p>\n<div class=\"separator\"><a href=\"https:\/\/1.bp.blogspot.com\/--BRs2ZwIYhM\/YK53xuXOl_I\/AAAAAAAADSA\/sE33xZuQ2pgnDY9WVTSxnssBfsZWpfKAgCNcBGAsYHQ\/s615\/60aca5650e4cc.png.webp\"><img decoding=\"async\" src=\"https:\/\/1.bp.blogspot.com\/--BRs2ZwIYhM\/YK53xuXOl_I\/AAAAAAAADSA\/sE33xZuQ2pgnDY9WVTSxnssBfsZWpfKAgCNcBGAsYHQ\/s16000\/60aca5650e4cc.png.webp\" border=\"0\" data-original-height=\"615\" data-original-width=\"434\" \/><\/a><\/div>\n<p>V zim\u011b roku 2015 se Protasevi\u010d stal komunika\u010dn\u00ed spojkou 2. \u00fato\u010dn\u00e9 roty.\u00a0V\u0161emo\u017en\u011b pro Azov pom\u00e1hal z\u00edskat pen\u00edze z USA a Polska.<\/p>\n<p>Co je prapor \u201eAzov\u201c a k jak\u00fdm n\u00e1zor\u016fm se hl\u00e1s\u00ed? Nemysl\u00edm si, \u017ee by st\u00e1lo za \u0159e\u010d to rozv\u00e1d\u011bt.<\/p>\n<p>Nyn\u00ed o reakci Z\u00e1padu a liber\u00e1ln\u00edch kruh\u016f s n\u00edm spojen\u00fdch.<\/p>\n<p>Nejde o to, zda b\u011blorusk\u00e9 org\u00e1ny neleg\u00e1ln\u011b odklonily letadlo.\u00a0Zaprv\u00e9 \u2013 leg\u00e1ln\u011b, a za druh\u00e9 \u2013 kdy se Z\u00e1pad zaj\u00edmal o z\u00e1konnost?<\/p>\n<p>V\u00edte, v tomto p\u0159\u00edb\u011bhu nejde o to, co je leg\u00e1ln\u00ed nebo ne.<\/p>\n<p>Faktem je, \u017ee Luka\u0161enko ud\u011blal p\u0159esn\u011b to sam\u00e9 jako oni.\u00a0To se jich dotklo nejv\u00edce.<\/p>\n<p>Koneckonc\u016f a\u017e do t\u00e9to chv\u00edle na Z\u00e1pad\u011b \u017eili podle pravidel \u2013\u00a0<strong>D\u017eentlmeni<\/strong>\u00a0nikdy neprohr\u00e1vaj\u00ed, a pokud prohr\u00e1vaj\u00ed, pak jednodu\u0161e pravidla zm\u011bn\u00ed.\u00a0Uk\u00e1zalo se v\u0161ak, \u017ee podobnou hru lze hr\u00e1t ze dvou stran.<br \/>\nUk\u00e1zalo se, \u017ee B\u011blorusko m\u00e1 sv\u00e9 vlastn\u00ed principy a vlastn\u00ed respekt.<\/p>\n<p>Z tohoto d\u016fvodu v\u0161ichni uprchl\u00edci, od B\u011blorusky Tichanovsk\u00e9 a\u017e po Rusa Volkova, byli prvn\u00ed, kdo za\u010dali k\u0159i\u010det o sv\u00e9voli Luka\u0161enka.<\/p>\n<p>A k\u0159i\u010deli to ze strachu!\u00a0Koneckonc\u016f, p\u0159edt\u00edm se zd\u00e1lo, \u017ee Z\u00e1pad je jejich spolehliv\u00e1 st\u0159echa, m\u016f\u017eou jak je libo poru\u0161ovat z\u00e1kony sv\u00e9 zem\u011b, a pak v\u010das uprchnout do zahrani\u010d\u00ed.<\/p>\n<p>A najednou se hrout\u00ed cel\u00fd obraz sv\u011bta.\u00a0Uk\u00e1zalo se, \u017ee nikdo se neboj\u00ed v\u00fdhru\u017en\u00fdch v\u00fdk\u0159ik\u016f Z\u00e1padu a nikdo je vlastn\u011b ani neposlouch\u00e1.<\/p>\n<p><i><b>Dr. Sergej Markov (rusk\u00fd politolog a publicista)<\/b><\/i><\/p>\n<p>V\u00edce zde:<br \/>\n<a href=\"https:\/\/bit.ly\/2Svdetp\">https:\/\/bit.ly\/2Svdetp<\/a><br \/>\n<a href=\"https:\/\/bit.ly\/3yBuePt\">https:\/\/bit.ly\/3yBuePt<\/a><\/p>\n<p><a href=\"https:\/\/www.pokec24.cz\/politika\/protasevic-rekne-vsechno-slysite-vyti-v-bazinach\/\">ZDROJ<\/a><\/p>\n<p>&nbsp;<\/p>\n","protected":false},"excerpt":{"rendered":"<p>Roman Protasevi\u010d se ji\u017e objevil v b\u011blorusk\u00e9 televizi a \u0159ekl, \u017ee aktivn\u011b spolupracuje s vy\u0161et\u0159ovateli&#8230;<\/p>\n","protected":false},"author":2,"featured_media":1939,"comment_status":"closed","ping_status":"closed","sticky":false,"template":"","format":"standard","meta":[],"categories":[7],"tags":[150,455,31,446,22,26,37],"_links":{"self":[{"href":"https:\/\/www.infokuryr.cz\/n\/wp-json\/wp\/v2\/posts\/2020"}],"collection":[{"href":"https:\/\/www.infokuryr.cz\/n\/wp-json\/wp\/v2\/posts"}],"about":[{"href":"https:\/\/www.infokuryr.cz\/n\/wp-json\/wp\/v2\/types\/post"}],"author":[{"embeddable":true,"href":"https:\/\/www.infokuryr.cz\/n\/wp-json\/wp\/v2\/users\/2"}],"replies":[{"embeddable":true,"href":"https:\/\/www.infokuryr.cz\/n\/wp-json\/wp\/v2\/comments?post=2020"}],"version-history":[{"count":0,"href":"https:\/\/www.infokuryr.cz\/n\/wp-json\/wp\/v2\/posts\/2020\/revisions"}],"wp:featuredmedia":[{"embeddable":true,"href":"https:\/\/www.infokuryr.cz\/n\/wp-json\/wp\/v2\/media\/1939"}],"wp:attachment":[{"href":"https:\/\/www.infokuryr.cz\/n\/wp-json\/wp\/v2\/media?parent=2020"}],"wp:term":[{"taxonomy":"category","embeddable":true,"href":"https:\/\/www.infokuryr.cz\/n\/wp-json\/wp\/v2\/categories?post=2020"},{"taxonomy":"post_tag","embeddable":true,"href":"https:\/\/www.infokuryr.cz\/n\/wp-json\/wp\/v2\/tags?post=2020"}],"curies":[{"name":"wp","href":"https:\/\/api.w.org\/{rel}","templated":true}]}}