{"id":2018,"date":"2021-05-27T14:39:40","date_gmt":"2021-05-27T12:39:40","guid":{"rendered":"http:\/\/www.infokuryr.cz\/n\/?p=2018"},"modified":"2021-05-27T14:39:40","modified_gmt":"2021-05-27T12:39:40","slug":"zastreli-vas-nejspis-ve-svedsku","status":"publish","type":"post","link":"https:\/\/www.infokuryr.cz\/n\/2021\/05\/27\/zastreli-vas-nejspis-ve-svedsku\/","title":{"rendered":"Zast\u0159el\u00ed v\u00e1s nejsp\u00ed\u0161 ve \u0160v\u00e9dsku"},"content":{"rendered":"<div id=\"fb-root\"><\/div>\n<p>Prakticky nejv\u011bt\u0161\u00ed pravd\u011bpodobnost, \u017ee v\u00e1s n\u011bkdo zast\u0159el\u00ed m\u00e1te v Evrop\u011b ve \u0160v\u00e9dsku (spolu s Loty\u0161skem a Chorvatskem). Podle posledn\u00ed studie, je \u0160v\u00e9dsko na \u0161pici v po\u010dtu zast\u0159elen\u00fdch v Evrop\u011b. Pokud v pr\u016fm\u011bru v Evrop\u011b na 1 milion obyvatel p\u0159ipad\u00e1 1,6 zast\u0159elen\u00fdch, ve \u0160v\u00e9dsku jsou to 4. A velkou m\u011brou se to t\u00fdk\u00e1 mlad\u00fdch. \u0160v\u00e9dsko se vyzna\u010duje vysokou m\u011brou zast\u0159elen\u00fdch mlad\u00fdch lid\u00ed ve v\u011bku 20 a\u017e 29 let.<\/p>\n<p>P\u0159\u00ed\u010diny u\u017e ani nejsou nijak ml\u017eeny &#8211; jsou spojeny s masovou imigrac\u00ed. Vysok\u00e1 m\u00edra smrtnosti zast\u0159elen\u00edm je toti\u017e zaznamen\u00e1v\u00e1na pr\u00e1v\u011b v\u00a0<strong>imigrantsk\u00fdch \u010dtvrt\u00edch\u00a0<\/strong><em>(&#8222;l&#8217;augmentation de la mortalit\u00e9 violente par armes \u00e0 feu est fortement li\u00e9e aux milieux criminels dans les\u00a0<strong>quartiers difficiles<\/strong>&#8222;).<\/em> Tam se prost\u011b bod\u00e1 a st\u0159\u00edl\u00ed a\u0165 u\u017e je to ve Francii, Brit\u00e1nii, Belgii nebo \u0160v\u00e9dsku. To holt u\u017e dnes pat\u0159\u00ed k multikulturn\u00edmu koloritu Evropy, a zdaleka ne v\u0161ichni politici si jsou jisti, zda je to probl\u00e9m nebo obohacen\u00ed. Za rok 2020 jen podle \u0161v\u00e9dsk\u00e9 policejn\u00ed statistiky se v zemi ud\u00e1lo v\u00edce ne\u017e 360 st\u0159eln\u00fdch incident\u016f (cca 1 st\u0159elba denn\u011b) s se 117 zran\u011bn\u00fdmi a 47 mrtv\u00fdmi.<\/p>\n<p>Nen\u00ed f\u00e9r, a\u0165 u\u017e od imigra\u010dn\u00edch politik\u016f nebo od samotn\u00e9 EU, tuto skute\u010dnost ve\u0159ejnosti nep\u0159edlo\u017eit. Nemaj\u00ed pr\u00e1vo to lidem zaml\u010det, maj\u00ed jen demokratick\u00e9 pr\u00e1vo to okomentovat v duchu ok\u0159\u00eddlen\u00e9ho epidemiologick\u00e9ho r\u010den\u00ed, \u017ee podle jejich n\u00e1zoru a stranick\u00e9ho st\u0159ihu v\u00fdhody p\u0159evy\u0161uj\u00ed rizika. Ale z\u00e1konit\u00fd n\u00e1r\u016fst smrtnosti s t\u00edm spojen\u00e9 jsou v demokratick\u00e9 spole\u010dnosti povinni ob\u010dan\u016fm seri\u00f3zn\u011b vyjevit. A naopak, bd\u011bl\u00ed voli\u010di by m\u011bli imigra\u010dn\u00edm politik\u016fm a stran\u00e1m obratem polo\u017eit adekv\u00e1tn\u00ed ot\u00e1zku &#8211; s jak velk\u00fdm n\u00e1r\u016fstem smrtnosti (zn\u00e1siln\u011bn\u00ed, zran\u011bn\u00ed, terorizmu a kriminality v\u016fbec) ve sv\u00fdch programech po\u010d\u00edtaj\u00ed.<\/p>\n<p><a href=\"https:\/\/www.7sur7.be\/monde\/la-suede-affiche-lun-des-plus-hauts-taux-de-deces-par-armes-a-feu-en-europe~a82c8a20\/\">ZDROJ<\/a><\/p>\n<p>&nbsp;<\/p>\n","protected":false},"excerpt":{"rendered":"<p>Prakticky nejv\u011bt\u0161\u00ed pravd\u011bpodobnost, \u017ee v\u00e1s n\u011bkdo zast\u0159el\u00ed m\u00e1te v Evrop\u011b ve \u0160v\u00e9dsku (spolu s Loty\u0161skem&#8230;<\/p>\n","protected":false},"author":2,"featured_media":1424,"comment_status":"closed","ping_status":"closed","sticky":false,"template":"","format":"standard","meta":[],"categories":[7],"tags":[119,369,239,124],"_links":{"self":[{"href":"https:\/\/www.infokuryr.cz\/n\/wp-json\/wp\/v2\/posts\/2018"}],"collection":[{"href":"https:\/\/www.infokuryr.cz\/n\/wp-json\/wp\/v2\/posts"}],"about":[{"href":"https:\/\/www.infokuryr.cz\/n\/wp-json\/wp\/v2\/types\/post"}],"author":[{"embeddable":true,"href":"https:\/\/www.infokuryr.cz\/n\/wp-json\/wp\/v2\/users\/2"}],"replies":[{"embeddable":true,"href":"https:\/\/www.infokuryr.cz\/n\/wp-json\/wp\/v2\/comments?post=2018"}],"version-history":[{"count":0,"href":"https:\/\/www.infokuryr.cz\/n\/wp-json\/wp\/v2\/posts\/2018\/revisions"}],"wp:featuredmedia":[{"embeddable":true,"href":"https:\/\/www.infokuryr.cz\/n\/wp-json\/wp\/v2\/media\/1424"}],"wp:attachment":[{"href":"https:\/\/www.infokuryr.cz\/n\/wp-json\/wp\/v2\/media?parent=2018"}],"wp:term":[{"taxonomy":"category","embeddable":true,"href":"https:\/\/www.infokuryr.cz\/n\/wp-json\/wp\/v2\/categories?post=2018"},{"taxonomy":"post_tag","embeddable":true,"href":"https:\/\/www.infokuryr.cz\/n\/wp-json\/wp\/v2\/tags?post=2018"}],"curies":[{"name":"wp","href":"https:\/\/api.w.org\/{rel}","templated":true}]}}