{"id":20147,"date":"2022-12-23T06:15:47","date_gmt":"2022-12-23T05:15:47","guid":{"rendered":"http:\/\/www.infokuryr.cz\/n\/?p=20147"},"modified":"2022-12-23T06:15:47","modified_gmt":"2022-12-23T05:15:47","slug":"sok-rotujici-fiala-proplaci-tureckym-matkam-chuvy-i-se-sluzkami-ceskym-matkam-penize-bere-do-ciziny-je-posila","status":"publish","type":"post","link":"https:\/\/www.infokuryr.cz\/n\/2022\/12\/23\/sok-rotujici-fiala-proplaci-tureckym-matkam-chuvy-i-se-sluzkami-ceskym-matkam-penize-bere-do-ciziny-je-posila\/","title":{"rendered":"\u0160ok! Rotuj\u00edc\u00ed Fiala propl\u00e1c\u00ed tureck\u00fdm matk\u00e1m ch\u016fvy i se slu\u017ekami! \u010cesk\u00fdm matk\u00e1m pen\u00edze bere, do ciziny je pos\u00edl\u00e1!"},"content":{"rendered":"<div id=\"fb-root\"><\/div>\n<p>Rotuj\u00edc\u00ed p\u0159edseda EU Petr Fiala mus\u00ed doma po ve\u010derech asi opravdu \u201crotovat\u201d nad \u201cn\u011bjak\u00fdm orient\u00e1ln\u00edm kobere\u010dkem\u201d a prokl\u00ednat u toho \u010desk\u00e9 matky a \u010desk\u00e9 d\u011bti, proto\u017ee jinak si nedovedu p\u0159edstavit,\u00a0<a href=\"https:\/\/www.avrupa.info.tr\/en\/news\/we-continue-promoting-equal-participation-and-registered-employment-women-work-life-through\">\u017ee zat\u00edm, co Brusel letos vypl\u00e1c\u00ed 24,3 milionu EUR (607 milion\u016f CZK) do Turecka pro 3 700 tureck\u00fdch matek samo\u017eivitelek, aby si za n\u011b doma v Turecku mohly najmout slu\u017eku a ch\u016fvu pro d\u011bti<\/a>, tak rotuj\u00edc\u00ed p\u0159edseda EU Fiala, jmenovit\u011b jeho rotuj\u00edc\u00ed ministr financ\u00ed EU Stanjura, 17.12. uva\u017euje o\u00a0<a href=\"https:\/\/www.mfcr.cz\/cs\/aktualne\/v-mediich\/2022\/interview-ministra-stanjury-pro-pravo-49705\">mo\u017en\u00e9m zkr\u00e1cen\u00ed rodi\u010dovsk\u00e9ho p\u0159\u00edsp\u011bvku pro \u010cechy<\/a>! A je\u0161t\u011b si tu svoji \u00favahu, jak o\u0161kubat \u010desk\u00e9 rodi\u010de, vylep\u00ed na str\u00e1nky sv\u00e9ho ministerstva! Ale o v\u00fdplat\u00e1ch bruselsk\u00fdch p\u0159\u00edplatk\u016f Turkyn\u00edm, aby m\u011bly na slu\u017eky i na ch\u016fvy, nep\u0159izn\u00e1 \u010cech\u016fm ani slovo! \u010ce\u0161i jsou tu jen od toho, aby v\u0161echny nesmysly rotuj\u00edc\u00edho Fialy jen platili! A \u010cT, jen aby zatajovala, jak ten Fiala rotuje, jak Brusel p\u00edsk\u00e1!<\/p>\n<p><img decoding=\"async\" loading=\"lazy\" class=\"wp-image-2414 aligncenter\" src=\"https:\/\/www.michalapetr.com\/wp-content\/uploads\/2022\/12\/FkAcWA1XoAAboib.jpg\" sizes=\"(max-width: 1066px) 100vw, 1066px\" srcset=\"https:\/\/www.michalapetr.com\/wp-content\/uploads\/2022\/12\/FkAcWA1XoAAboib.jpg 1066w, https:\/\/www.michalapetr.com\/wp-content\/uploads\/2022\/12\/FkAcWA1XoAAboib-300x200.jpg 300w, https:\/\/www.michalapetr.com\/wp-content\/uploads\/2022\/12\/FkAcWA1XoAAboib-1030x687.jpg 1030w, https:\/\/www.michalapetr.com\/wp-content\/uploads\/2022\/12\/FkAcWA1XoAAboib-768x512.jpg 768w, https:\/\/www.michalapetr.com\/wp-content\/uploads\/2022\/12\/FkAcWA1XoAAboib-705x470.jpg 705w, https:\/\/www.michalapetr.com\/wp-content\/uploads\/2022\/12\/FkAcWA1XoAAboib-450x300.jpg 450w\" alt=\"\" width=\"756\" height=\"504\" \/><\/p>\n<p><a href=\"https:\/\/twitter.com\/EUDelegationTur\/status\/1603312642566782976\">15. prosince 2022 se v Anka\u0159e v Turecku konala konference EU<\/a>\u00a0(foto), a na n\u00ed velvyslanec EU v Turecku\u00a0<span class=\"mw-page-title-main\">Nikolaus Meyer-Landrut ozn\u00e1mil, \u017ee Brusel po\u0161le do Turecka dal\u0161\u00ed miliony EUR, aby 12 tis\u00edc Turky\u0148 z\u00edskalo form\u00e1ln\u00ed zam\u011bstn\u00e1n\u00ed p\u0159i dom\u00e1c\u00ed p\u00e9\u010di o 5300 d\u011bt\u00ed mlad\u0161\u00edch 3 let, a aby se tak matky t\u011bchto d\u011bt\u00ed, u\u017e m\u00edsto p\u00e9\u010de o sv\u00e9 potomky, mohly pln\u011b v\u011bnovat sv\u00e9 pracovn\u00ed kari\u00e9\u0159e!<\/span><\/p>\n<p>Na stejn\u00e9 konferenci v Anka\u0159e vystoupil i z\u00e1stupce vyslance EU v Turecku, Meyer-Landruta, \u0161pan\u011blsk\u00fd \u0161lechtic Angel Gutierrez Hidalgo\u00a0de Quintana, a ten tleskaj\u00edc\u00edm Turk\u016fm ozn\u00e1mil:\u00a0<a href=\"https:\/\/www.sgk.gov.tr\/Haber\/Detay\/Bakan-Bilgin-Egitimli-Cocuk-Bakicilarinin-Tesviki-Yoluyla-Kayitli-Kadin-Istihdaminin-Desteklenmesi-Projesinin-kapanis-konferansina-katildi-2022-12-14-05-07-49\"><em>\u017ee c\u00edlem projektu EU je formou finan\u010dn\u00ed podpory podpo\u0159it tureck\u00e9 matky, kter\u00fdm hroz\u00ed odchod z pr\u00e1ce kv\u016fli p\u00e9\u010di o d\u011bti. A \u017ee \u00fasp\u011b\u0161n\u00fd projekt bude pokra\u010dovat i v roce 2023<\/em><\/a>!<\/p>\n<p><a href=\"https:\/\/www.idnes.cz\/zpravy\/domaci\/samozivitele-mpsv-prace-rodice-dluhy-exekuce-zamestnani-samozivitelky.A191107_173132_domaci_linv\">V \u010cesku p\u0159itom maj\u00ed matky samo\u017eivitelky probl\u00e9m,<\/a>\u00a0aby si v\u016fbec sehnaly pr\u00e1ci, proto\u017ee je zam\u011bstnavatel\u00e9\u00a0 necht\u011bj\u00ed zam\u011bstn\u00e1vat, a tvrd\u00ed, \u017ee \u010desk\u00e9 matky se p\u0159i pr\u00e1ci nebudou schopny postarat o sv\u00e9 d\u011bti, a budou s nimi muset z\u016fst\u00e1vat doma, kdy\u017e d\u011bti onemocn\u00ed, m\u00edsto toho, aby pracovaly! 77% samo\u017eivitel\u016f v \u010cesku m\u00e1 tento probl\u00e9m, a nem\u016f\u017ee si dovolit ze sv\u00e9 \u010desk\u00e9 mzdy platit ani ch\u016fvu, a ani slu\u017eku! Ale rotuj\u00edc\u00ed \u010desk\u00fd p\u0159edseda EU Fiala nech\u00e1 bruselsk\u00e9 \u00fa\u0159edn\u00edky, aby platili \u017een\u00e1m v Turecku slu\u017eky a vychovatelky d\u011bt\u00ed, aby nemusely odej\u00edt z pr\u00e1ce!<\/p>\n<p>Fiala je je\u0161t\u011b v\u011bt\u0161\u00ed vyd\u0159iduch ne\u017e Kalousek. V \u010cesku u\u017e nyn\u00ed 28% dom\u00e1cnost\u00ed nakupuje jen z\u00e1kladn\u00ed potraviny, a\u00a0<a href=\"https:\/\/www.seznamzpravy.cz\/clanek\/audio-podcast-ptam-se-ja-ctvrtina-cechu-ma-sotva-na-jidlo-o-kolik-chudsi-budou-letosni-vanoce-221602\">experti rad\u00ed \u010cech\u016fm, aby rad\u011bji jezdili nakupovat potraviny do ciziny<\/a>, proto\u017ee tam je levn\u011bji! Fial\u016fv ministr Jura\u010dka je\u0161t\u011b ke v\u0161emu prosadil o tomto v\u00edkendu v Bruselu, aby \u010ce\u0161i platili nov\u00e9 poplatky za bydlen\u00ed, za potraviny, za dopravu do pr\u00e1ce i do \u0161koly!<\/p>\n<p>Co k tomu dodat? \u010ce\u0161i vym\u00edraj\u00ed, proto\u017ee se nerod\u00ed d\u011bti, proto\u017ee Fiala podporuje natalitu Turk\u016f! Bruno, d\u011bde\u010dek Nikolause Meyer-Landruta velvyslance EU v Turecku by takov\u00e9to politice ur\u010dit\u011b tleskal, ostatn\u011b posu\u010fte sami pro\u010d.<\/p>\n<p><img decoding=\"async\" loading=\"lazy\" class=\"wp-image-2419 aligncenter\" src=\"https:\/\/www.michalapetr.com\/wp-content\/uploads\/2022\/12\/FkAcWA3XgAMHuTR.jpg\" sizes=\"(max-width: 1066px) 100vw, 1066px\" srcset=\"https:\/\/www.michalapetr.com\/wp-content\/uploads\/2022\/12\/FkAcWA3XgAMHuTR.jpg 1066w, https:\/\/www.michalapetr.com\/wp-content\/uploads\/2022\/12\/FkAcWA3XgAMHuTR-300x200.jpg 300w, https:\/\/www.michalapetr.com\/wp-content\/uploads\/2022\/12\/FkAcWA3XgAMHuTR-1030x687.jpg 1030w, https:\/\/www.michalapetr.com\/wp-content\/uploads\/2022\/12\/FkAcWA3XgAMHuTR-768x512.jpg 768w, https:\/\/www.michalapetr.com\/wp-content\/uploads\/2022\/12\/FkAcWA3XgAMHuTR-705x470.jpg 705w, https:\/\/www.michalapetr.com\/wp-content\/uploads\/2022\/12\/FkAcWA3XgAMHuTR-450x300.jpg 450w\" alt=\"\" width=\"568\" height=\"379\" \/><\/p>\n<p>Foto: Velvyslanec EU v Turecku\u00a0<span class=\"mw-page-title-main\">Nikolaus Meyer-Landrut oznamuje 15. prosince na konferenci,\u00a0<a href=\"https:\/\/twitter.com\/EUDelegationTur\/status\/1603312642566782976\">\u017ee EU proplat\u00ed tureck\u00fdm matk\u00e1m d\u011bt\u00ed do 3,5 roku slu\u017eebn\u00e9 i vychovatelky, aby se mohly v\u011bnovat sv\u00e9 pr\u00e1ci<\/a>.<\/span><\/p>\n<p><img decoding=\"async\" loading=\"lazy\" class=\"wp-image-2420 aligncenter\" src=\"https:\/\/www.michalapetr.com\/wp-content\/uploads\/2022\/12\/Bundesarchiv_B_145_Bild-F082149-0007_Rolandseck_Empfang_Chef_Bundespr%C3%A4sidialamt.jpg\" sizes=\"(max-width: 800px) 100vw, 800px\" srcset=\"https:\/\/www.michalapetr.com\/wp-content\/uploads\/2022\/12\/Bundesarchiv_B_145_Bild-F082149-0007_Rolandseck_Empfang_Chef_Bundespr\u00e4sidialamt.jpg 800w, https:\/\/www.michalapetr.com\/wp-content\/uploads\/2022\/12\/Bundesarchiv_B_145_Bild-F082149-0007_Rolandseck_Empfang_Chef_Bundespr\u00e4sidialamt-300x189.jpg 300w, https:\/\/www.michalapetr.com\/wp-content\/uploads\/2022\/12\/Bundesarchiv_B_145_Bild-F082149-0007_Rolandseck_Empfang_Chef_Bundespr\u00e4sidialamt-768x484.jpg 768w, https:\/\/www.michalapetr.com\/wp-content\/uploads\/2022\/12\/Bundesarchiv_B_145_Bild-F082149-0007_Rolandseck_Empfang_Chef_Bundespr\u00e4sidialamt-705x444.jpg 705w, https:\/\/www.michalapetr.com\/wp-content\/uploads\/2022\/12\/Bundesarchiv_B_145_Bild-F082149-0007_Rolandseck_Empfang_Chef_Bundespr\u00e4sidialamt-450x284.jpg 450w\" alt=\"\" width=\"643\" height=\"405\" \/><\/p>\n<p>Foto: Otec velvyslance EU v Turecku\u00a0<span class=\"mw-page-title-main\">Nikolause Meyer-Landruta, Andreas Meyer-Landrut, (vlevo) kter\u00fd jako n\u011bmeck\u00fd vyslanec a zvl\u00e1\u0161tn\u00ed posel Z\u00e1padu p\u0159esv\u011bd\u010dil v osmdes\u00e1t\u00fdch letech Gorba\u010deva, aby uv\u011b\u0159il z\u00e1padn\u00edm politik\u016fm, \u017ee sv\u00e9 sliby mysl\u00ed up\u0159\u00edmn\u011b. Vpravo\u00a0<\/span><span class=\"mw-page-title-main\">Richard von Weizs\u00e4cker, n\u011bmeck\u00fd prezident v letech 1984 \u2013 1994, kter\u00fd Andrease za Gorba\u010dovem vyslal, aby jej p\u0159esv\u011bd\u010dil.\u00a0<a href=\"https:\/\/de.wikipedia.org\/wiki\/Richard_von_Weizs%C3%A4cker\">Richard je nositelem dvou \u017delezn\u00fdch k\u0159\u00ed\u017e\u016f za boj proti Rus\u016fm<\/a>, a jeho otec Ernst je v\u00e1le\u010dn\u00fd zlo\u010dinec odsouzen\u00fd v Norimberku za vyhlazov\u00e1n\u00ed \u017did\u016f!\u00a0<\/span><\/p>\n<p><span class=\"mw-page-title-main\">Nikolaus Meyer-Landrut je b\u00fdval\u00fd hlavn\u00ed poradce Angely Merklov\u00e9. (STASI agentka Erika!) U\u017e jeho otec Andreas byl vysok\u00fdm z\u00e1padon\u011bmeck\u00fdm diplomatem, a\u00a0<a href=\"https:\/\/web.archive.org\/web\/20100402094901\/http:\/\/politik-gesellschaft-deutschland.suite101.de\/article.cfm\/andreas-meyer-landrut---diplomat-und-lenas-opa\">je na Z\u00e1pad\u011b zna\u010dn\u011b oce\u0148ov\u00e1n, proto\u017ee se mu poda\u0159ilo v osmdes\u00e1t\u00fdch letech p\u0159esv\u011bd\u010dit Gorba\u010deva, aby uv\u011b\u0159il z\u00e1padn\u00edm politik\u016fm, \u017ee to mysl\u00ed poctiv\u011b<\/a>. Jeho d\u011bde\u010dek Bruno, otec Andrease, byl zase nacistick\u00fd fabrikant, (viz: Baltischer Biographischer Index, Axel Frey, Bd. 2: J-Q, M\u00fcnchen 1999, Str. 607),\u00a0<a href=\"https:\/\/de.wikipedia.org\/wiki\/Wartheland\">kter\u00fd se od po\u010d\u00e1tku \u00fa\u010dastnil hitlerovsk\u00e9 operace<\/a>, \u0159\u00edzen\u00e9 od samotn\u00fdm Himlerem, na vyhn\u00e1n\u00ed a vyvra\u017ed\u011bn\u00ed milion\u016f Pol\u00e1k\u016f a \u017did\u016f na \u00fazem\u00ed tzv. Warthelandu, co\u017e bylo nacisty zabran\u00e9 polsk\u00e9 \u00fazem\u00ed, kter\u00e9 bylo pl\u00e1novit\u011b o\u010di\u0161\u0165ov\u00e1no od p\u016fvodn\u011b naprosto v\u011bt\u0161inov\u00fdch p\u0159\u00edslu\u0161n\u00edk\u016f ni\u017e\u0161\u00edch ras. D\u011bde\u010dek Bruno se nast\u011bhoval u\u017e v roce 1939 do jedn\u00e9 z prvn\u00edch vy\u010di\u0161t\u011bn\u00fdch nemovitost\u00ed v polsk\u00e9 Poznani, stejn\u011b jako se pozd\u011bji stovky tis\u00edc nov\u00fdch n\u011bmeck\u00fdch kolonist\u016f nast\u011bhovali do cel\u00e9ho vy\u010di\u0161t\u011bn\u00e9ho Warthelandu.\u00a0<a href=\"https:\/\/de.wikipedia.org\/wiki\/Andreas_Meyer-Landrut\">\u017de fabrikant Bruno nebyl \u017e\u00e1dn\u00e1 mal\u00e1 ryba sv\u011bd\u010d\u00ed, \u017ee v roce 1940 se z Poznan\u011b p\u0159est\u011bhoval do dal\u0161\u00ed vy\u010di\u0161t\u011bn\u00e9 nemovitosti ve m\u011bst\u011b Wloclavek<\/a>. Z Wloclawku byli \u017did\u00e9 deportov\u00e1ni k vyhlazen\u00ed jako z prvn\u00edho polsk\u00e9ho m\u011bsta, a hned za nimi byli vyh\u00e1n\u011bni i oby\u010dejn\u00ed Pol\u00e1ci po desetitis\u00edc\u00edch.<a href=\"https:\/\/pl.wikipedia.org\/wiki\/W%C5%82oc%C5%82awek\">\u00a0Pol\u00e1ci byli ve Wloclavku pron\u00e1sledov\u00e1ni, a nuceni k otrock\u00fdm pracem<\/a>. D\u011bda Bruno byl fabrikant se specializac\u00ed na pap\u00edrenstv\u00ed, a ve Wloclawku byla v\u00fdznamn\u00e1 polsk\u00e1 pap\u00edrna. Nav\u00edc, kdy\u017e se p\u0159ibl\u00ed\u017eili v roce 1945 Rusov\u00e9, nemuseli d\u011bda Bruno ani otec Andreas (15let), na rozd\u00edl od oby\u010dejn\u00fdch kolonist\u016f, nov\u00e9 \u0159\u00ed\u0161sk\u00e9 \u00fazem\u00ed, kter\u00e9 p\u0159edt\u00edm o\u010distili od podlid\u00ed, nastoupit do Wehrmachtu a bojovat proti Rus\u016fm se zbran\u00ed v ruce, jako oby\u010dejn\u00ed kolonist\u00e9, ale mohli rychle prchnout do z\u00e1padn\u00ed okupa\u010dn\u00ed z\u00f3ny, a tam se d\u00e1t do slu\u017eeb nov\u00fdm p\u00e1n\u016fm. U nich se jim i jejich potomk\u016fm da\u0159\u00ed evidentn\u011b dob\u0159e. \u017de se n\u00e1m neda\u0159\u00ed, nen\u00ed divu, proto\u017ee jsme m\u011bli b\u00fdt stejn\u011b jako ti Pol\u00e1ci i \u017did\u00e9 ve Wartelandu z na\u0161eho B\u00f6hmenlandu o\u010di\u0161t\u011bni. Ot\u00e1zka zn\u00ed, zda tomu nem\u00e1 tak b\u00fdt i te\u010f, proto\u017ee Fiala letos usilovn\u011b rotuje, aby se \u010cech\u016f, Moravan\u016f i Slezan\u016f rodilo co nejm\u00e9n\u011b! Co od rodil\u00fdch obyvatel \u010ceska vy\u017ed\u00edm\u00e1, to hned do ciziny pos\u00edl\u00e1! Narodit se o 70 let d\u0159\u00edv, stal by se Fiala s touto politikou ur\u010dit\u011b vzorn\u00fdm p\u0159edsedou \u010desk\u00e9 protektor\u00e1tn\u00ed vl\u00e1dy. Je t\u0159eba s t\u00edm v prezidentsk\u00fdch volb\u00e1ch n\u011bco ud\u011blat!<\/span><\/p>\n<p><img decoding=\"async\" loading=\"lazy\" class=\"wp-image-2421 aligncenter\" src=\"https:\/\/www.michalapetr.com\/wp-content\/uploads\/2022\/12\/Bundesarchiv_Bild_146-1979-093-29_Ernst_v._Weizs%C3%A4cker.jpg\" sizes=\"(max-width: 567px) 100vw, 567px\" srcset=\"https:\/\/www.michalapetr.com\/wp-content\/uploads\/2022\/12\/Bundesarchiv_Bild_146-1979-093-29_Ernst_v._Weizs\u00e4cker.jpg 567w, https:\/\/www.michalapetr.com\/wp-content\/uploads\/2022\/12\/Bundesarchiv_Bild_146-1979-093-29_Ernst_v._Weizs\u00e4cker-225x300.jpg 225w, https:\/\/www.michalapetr.com\/wp-content\/uploads\/2022\/12\/Bundesarchiv_Bild_146-1979-093-29_Ernst_v._Weizs\u00e4cker-529x705.jpg 529w, https:\/\/www.michalapetr.com\/wp-content\/uploads\/2022\/12\/Bundesarchiv_Bild_146-1979-093-29_Ernst_v._Weizs\u00e4cker-450x600.jpg 450w\" alt=\"\" width=\"437\" height=\"583\" \/><\/p>\n<p>Foto:\u00a0<span class=\"mw-page-title-main\">SS Oberfuhrer\u00a0<\/span>Ernst von\u00a0<span class=\"mw-page-title-main\">Weizs\u00e4cker, otec Richarda von Weizs\u00e4cker, n\u011bmeck\u00e9ho prezidenta a kamar\u00e1da V\u00e1clava Havla, kter\u00fd vyslal v osmdes\u00e1t\u00fdch letech do Moskvy Andrease Meyer-Landruta, aby p\u0159esv\u011bd\u010dil Gorba\u010dova, \u017ee Z\u00e1pad mysl\u00ed sv\u00e9 sliby SSSR (Rusku) v\u00e1\u017en\u011b.\u00a0<a href=\"https:\/\/de.wikipedia.org\/wiki\/Ernst_Freiherr_von_Weizs%C3%A4cker\">Ernst je v Norimberku odsouzen\u00fd v\u00e1le\u010dn\u00fd zlo\u010dinec<\/a>, za organizov\u00e1n\u00ed vyhlazov\u00e1n\u00ed \u017did\u016f. Za v\u00e1lky byl \u010dlenem osobn\u00edho \u0161t\u00e1bu Heinricha Himmlera, pod\u00edlel se na realizaci v\u00fdsledk\u016f\u00a0 konference ve Wannsee, a byl s jej\u00edmi v\u00fdsledky osobn\u011b sezn\u00e1men. A nen\u00ed ani vylou\u010deno, \u017ee se znal s d\u011bde\u010dkem velvyslance EU v Turecku Andreasem Meyerem-Landrut, Bruno Meyerem-Landrut, proto\u017ee Himmler\u016fv osobn\u00ed \u0161t\u00e1b organizoval i tzv. o\u010distu Warthelandu. Bruno byl v\u00fdznamn\u00fd pap\u00edrensk\u00fd fabrikant, kter\u00fd byl do oblasti, kde se vyhlazovali \u017did\u00e9 i Pol\u00e1ci p\u0159es\u00eddlen u\u017e v roce 1939, a to do m\u011bsta s v\u00fdznamnou pap\u00edrnou! Celou oblast majetkov\u011b spravovala SS!\u00a0<\/span><\/p>\n<p>Co napsat z\u00e1v\u011brem:<\/p>\n<ol>\n<li>Jsem zv\u011bdav, kter\u00fd z \u010desk\u00fdch prezidentsk\u00fdch kandid\u00e1t\u016f se odv\u00e1\u017e\u00ed vyzvat Fialu, aby p\u0159estal rotovat, a za\u0159\u00eddil v Bruselu, aby i \u010desk\u00e9 matky d\u011bt\u00ed do 3,5 let dost\u00e1valy 350 EUR (8750 CZK) m\u011bs\u00ed\u010dn\u011b na slu\u017eku a ch\u016fvu, aby mohly neru\u0161en\u011b pracovat, jako ty tureck\u00e9 matky! A nebo rad\u011bji, aby dost\u00e1valy t\u011bch 8750 CZK, m\u00edsto Turky\u0148, a mohly je m\u00edsto slu\u017eek a ch\u016fv pou\u017e\u00edt na to, aby \u010desk\u00e9 d\u011bti m\u011bly teplo, elekt\u0159inu, plyn, ovoce, zeleninu a maso!\u00a0<a href=\"https:\/\/www.fdesouche.com\/2022\/12\/21\/lunion-europeenne-se-felicite-davoir-finance-la-politique-nataliste-de-la-turquie-formation-des-baby-sitters-et-300-e-par-mois-aux-meres-qui-travaillent\/\">Je to te\u010f na V\u00e1s, bombardujte kandid\u00e1ty, a\u0165 se vyj\u00e1d\u0159\u00ed<\/a>!<\/li>\n<li>Tahle anal\u00fdza by nebyla \u00fapln\u00e1, kdybychom ji nedoplnili o posledn\u00ed v\u00fdrok Merklov\u00e9, \u017ee \u00famysln\u011b nap\u00e1lila Putina Minsk\u00fdmi dohodami, aby se Ukrajina stihla vyzbrojit! To je stejn\u00e9, jako kdy\u017e otec sou\u010dasn\u00e9ho velvyslance EU v Turecku a b\u00fdval\u00e9ho poradce Merklov\u00e9, Andreas nap\u00e1lil Gorba\u010dova. \u010ciny Nicolase, Andrease, Bruna, Richarda, Ernsta i Angely, n\u011bjak podez\u0159ele smrd\u00ed pohrobky Himmlera.\u00a0<a href=\"https:\/\/t.me\/swodki\/206451\">Koukn\u011bte na fotku z rusk\u00fdch m\u00e9di\u00ed dole<\/a>, pr\u00fd je na n\u00ed symbol SS. N\u00e1hoda? Rusk\u00e1 dezinformace? Kdo v\u00ed?\u00a0<img decoding=\"async\" loading=\"lazy\" class=\"wp-image-2426 aligncenter\" src=\"https:\/\/www.michalapetr.com\/wp-content\/uploads\/2022\/12\/photo_2022-12-22_07-43-17.jpg\" sizes=\"(max-width: 1010px) 100vw, 1010px\" srcset=\"https:\/\/www.michalapetr.com\/wp-content\/uploads\/2022\/12\/photo_2022-12-22_07-43-17.jpg 1010w, https:\/\/www.michalapetr.com\/wp-content\/uploads\/2022\/12\/photo_2022-12-22_07-43-17-300x163.jpg 300w, https:\/\/www.michalapetr.com\/wp-content\/uploads\/2022\/12\/photo_2022-12-22_07-43-17-768x418.jpg 768w, https:\/\/www.michalapetr.com\/wp-content\/uploads\/2022\/12\/photo_2022-12-22_07-43-17-705x384.jpg 705w, https:\/\/www.michalapetr.com\/wp-content\/uploads\/2022\/12\/photo_2022-12-22_07-43-17-450x245.jpg 450w\" alt=\"\" width=\"1033\" height=\"562\" \/><\/li>\n<\/ol>\n<p>Origin\u00e1ln\u00ed text z roku 2010 o otci Andreasovi a Gorba\u010dovovi, kdyby se neotev\u0159el archivovan\u00fd odkaz:\u00a0<em>Andreas Meyer-Landrut hat in dieser Zeit eine Schl\u00fcsselstellung eingenommen bei der Ann\u00e4herung zwischen Deutschland und der Sowjetunion, in der Zeit der Perestroijka, im partnerschaftlichen Zusammenwirken zwischen Bundeskanzler Helmut Kohl und Michail Gorbatschov<\/em>.<\/p>\n<p><a href=\"https:\/\/www.michalapetr.com\/map-1548-sok-rotujici-fiala-proplaci-tureckym-matkam-chuvy-i-se-sluzkami-ceskym-matkam-penize-bere-do-ciziny-je-posila\/\">Michael Svato\u0161<\/a><\/p>\n<p><img decoding=\"async\" loading=\"lazy\" class=\"wp-image-19187 aligncenter\" src=\"http:\/\/www.infokuryr.cz\/n\/wp-content\/uploads\/2022\/12\/1-PRO-300x36.jpg\" alt=\"\" width=\"1258\" height=\"151\" srcset=\"https:\/\/www.infokuryr.cz\/n\/wp-content\/uploads\/2022\/12\/1-PRO-300x36.jpg 300w, https:\/\/www.infokuryr.cz\/n\/wp-content\/uploads\/2022\/12\/1-PRO.jpg 699w\" sizes=\"(max-width: 1258px) 100vw, 1258px\" \/><\/p>\n<p>&nbsp;<\/p>\n<p>&nbsp;<\/p>\n","protected":false},"excerpt":{"rendered":"<p>Rotuj\u00edc\u00ed p\u0159edseda EU Petr Fiala mus\u00ed doma po ve\u010derech asi opravdu \u201crotovat\u201d nad \u201cn\u011bjak\u00fdm orient\u00e1ln\u00edm&#8230;<\/p>\n","protected":false},"author":2,"featured_media":18696,"comment_status":"closed","ping_status":"closed","sticky":false,"template":"","format":"standard","meta":[],"categories":[6],"tags":[245,1050,90,535],"_links":{"self":[{"href":"https:\/\/www.infokuryr.cz\/n\/wp-json\/wp\/v2\/posts\/20147"}],"collection":[{"href":"https:\/\/www.infokuryr.cz\/n\/wp-json\/wp\/v2\/posts"}],"about":[{"href":"https:\/\/www.infokuryr.cz\/n\/wp-json\/wp\/v2\/types\/post"}],"author":[{"embeddable":true,"href":"https:\/\/www.infokuryr.cz\/n\/wp-json\/wp\/v2\/users\/2"}],"replies":[{"embeddable":true,"href":"https:\/\/www.infokuryr.cz\/n\/wp-json\/wp\/v2\/comments?post=20147"}],"version-history":[{"count":0,"href":"https:\/\/www.infokuryr.cz\/n\/wp-json\/wp\/v2\/posts\/20147\/revisions"}],"wp:featuredmedia":[{"embeddable":true,"href":"https:\/\/www.infokuryr.cz\/n\/wp-json\/wp\/v2\/media\/18696"}],"wp:attachment":[{"href":"https:\/\/www.infokuryr.cz\/n\/wp-json\/wp\/v2\/media?parent=20147"}],"wp:term":[{"taxonomy":"category","embeddable":true,"href":"https:\/\/www.infokuryr.cz\/n\/wp-json\/wp\/v2\/categories?post=20147"},{"taxonomy":"post_tag","embeddable":true,"href":"https:\/\/www.infokuryr.cz\/n\/wp-json\/wp\/v2\/tags?post=20147"}],"curies":[{"name":"wp","href":"https:\/\/api.w.org\/{rel}","templated":true}]}}