{"id":20120,"date":"2022-12-23T01:06:21","date_gmt":"2022-12-23T00:06:21","guid":{"rendered":"http:\/\/www.infokuryr.cz\/n\/?p=20120"},"modified":"2022-12-22T17:58:07","modified_gmt":"2022-12-22T16:58:07","slug":"svatopluk-otava-plutokrat-a-psychopat-a-oportunista-se-rovna-valek","status":"publish","type":"post","link":"https:\/\/www.infokuryr.cz\/n\/2022\/12\/23\/svatopluk-otava-plutokrat-a-psychopat-a-oportunista-se-rovna-valek\/","title":{"rendered":"Svatopluk Otava: Plutokrat a psychopat a oportunista se rovn\u00e1 V\u00e1lek"},"content":{"rendered":"<div id=\"fb-root\"><\/div>\n<p><strong>Jde o v\u011btu, nikoli rovnici. Proto nejsou v\u00a0titulku pou\u017eita matematick\u00e1 znam\u00e9nka + a = i kdy\u017e v\u00fdsledn\u00e1 suma na konci je zcela katastroficky identick\u00e1. Nic tak stra\u0161liv\u00e9ho, jako \u017e\u00edt v\u00a0\u0161\u00edlen\u00e9 dob\u011b na stran\u011b lidstva veden\u00e9 \u0161\u00edlenci, humanitou nedot\u010den\u00fdmi politick\u00fdmi hoch\u0161taplery a gangstery, n\u00e1s u\u017e asi nemohlo potkat. Co je to za lidi? Pod\u00edvejme se pro tentokr\u00e1t aspo\u0148 na jednoho.<\/strong><\/p>\n<p><span style=\"font-size: 18pt;\"><strong>Nadlidi \u2013 to je hodnota!<\/strong><\/span><\/p>\n<p>Vlast\u00edk V\u00e1lek se p\u0159ed dvaa\u0161edes\u00e1ti lety narodil na Morav\u011b, vyr\u016fstal tam, chodil do \u0161koly, vystudoval \u201eza doktora\u201c, d\u011blal slu\u0161nou kari\u00e9ru. Co jej vedlo usilovat od r. 2010 i o politickou dr\u00e1hu nen\u00ed zn\u00e1mo, aspo\u0148 dosa\u017eiteln\u00e9 zdroje to bl\u00ed\u017ee neosv\u011btluj\u00ed a pt\u00e1t se na to p\u0159\u00edmo tohoto chlap\u00edka je asi zbyte\u010dn\u00e9. Jako ka\u017ed\u00fd vl\u00e1dn\u00ed hybatel by zaplavil tazatele u\u0161lechtil\u00fdmi \u00famysly o prosp\u011b\u0161nosti pro spole\u010dnost, o humanit\u011b, o lidsk\u00fdch pr\u00e1vech, zkr\u00e1tka o ni\u010dem.<\/p>\n<p>O \u010demsi by u\u017e asi vypov\u00eddalo v\u00edce, pro\u010d si vlastn\u011b k\u00a0lezen\u00ed po politick\u00e9m \u017eeb\u0159\u00edku vybral d\u00edtko zn\u00e1m\u00e9ho exlidovce Kalouska. Tento chemik tak dlouho provozoval politickou lu\u010dbu kamv\u00edtrtampl\u00e1\u0161\u0165 \u0159\u00edznutou opovr\u017een\u00edm ke v\u0161em, co mu kdysi pom\u00e1hali volebn\u00edmi hlasy nahoru, a\u017e vytvo\u0159il pozoruhodn\u00fd klub arogant\u016f zvan\u00fd TOP-09. Elitokrati, po \u010desku lep\u0161olidi, se pova\u017euj\u00ed za (nikoli Bohem) p\u0159edur\u010den\u00e9 \u00fcbermenschen, po \u010desku rovnou nadlidi, co maj\u00ed \u0161\u00e9fovat okrsku \u201ecivilizace\u201c pod pl\u00e1\u0161t\u00edkem demokracie, ji\u017e ov\u0161em ani za m\u00e1k nevyzn\u00e1vaj\u00ed. A ten okrsek z\u00a0rozbit\u00e9ho \u010ceskoslovenska jim vym\u011b\u0159ila men\u0161ina degeneruj\u00edc\u00edho lidstva, kter\u00e9 dosud nedo\u0161lo \u017ee historicky kon\u010d\u00ed. Sice kon\u010d\u00ed, ale dosud vl\u00e1dnou nad pomalu se probouzej\u00edc\u00edmi lidmi, jim\u017e (velmi) pomalu doch\u00e1z\u00ed, \u017ee jde sv\u011bt \u017eiven\u00edm nadlid\u00ed kamsi \u0161patn\u011b a mnoz\u00ed se s nimi dokonce sna\u017e\u00ed diskutovat a na sebevra\u017eedn\u00e9 po\u010d\u00edn\u00e1n\u00ed je upozor\u0148ovat.<\/p>\n<p>To je <strong>plutokracie<\/strong>. Lidstvo t\u011bchto vl\u00e1d \u201elep\u0161\u00edch\u201c (bohat\u00fdch) nad \u201eoby\u010dejn\u00fdmi\u201c (s majetkem zaru\u010duj\u00edc\u00edm aspo\u0148 ob\u017eivu) za\u017eilo bezpo\u010det. Demokracie, kter\u00e1 m\u011bla zaru\u010dit vl\u00e1du v\u011bt\u0161iny nad men\u0161inou, plutokrat\u00e9 ukradli jako v\u0161echno, co jim m\u016f\u017ee kdy prosp\u011bt. Opentlili ji p\u0159\u00edv\u011bsky jako t\u0159eba \u201eliber\u00e1ln\u00ed\u201c, obohatili o \u201ehodnoty\u201c, za n\u011b\u017e se v\u0161e schov\u00e1, aby nebyl vid\u011bt jejich j\u00edzliv\u00fd \u00fasm\u011bv p\u0159i vysloven\u00ed toho slova. Demokracie.<\/p>\n<p><span style=\"font-size: 18pt;\"><strong>Kdo by se za modr\u00fdmi tren\u00fdrkami s\u00a0hv\u011bzdi\u010dkami b\u00e1l\u2026<\/strong><\/span><\/p>\n<p>No, a je jim \u00fapln\u011b jedno, \u017ee nakonec prohraj\u00ed, \u017ee po nich pro jejich (bohu\u017eel i na\u0161e) potomky nez\u016fstane z\u00a0n\u00e1rodn\u00edho majetku k\u00e1men na kameni a v\u0161ichni budou t\u0159\u00edt jen b\u00eddu s\u00a0nouz\u00ed. Pokud v\u016fbec bude co t\u0159\u00edt, kdy\u017e n\u00e1s v\u00e1lkov\u00e9 na m\u00edsto starosti o sv\u011b\u0159en\u00fd rezort t\u00e1hnou do v\u00e1lky jako dobyt\u010data na por\u00e1\u017eku.<\/p>\n<p>Neznaj\u00ed toti\u017e pocit strachu. Ne, \u017ee by byli Nebojsov\u00e9 z\u00a0poh\u00e1dky, to rozhodn\u011b ne. Nep\u0159\u00edtomnost strachu je toti\u017e projevem z\u00e1va\u017en\u00e9 poruchy osobnosti, kter\u00e1 postihuje snad 1% &#8211; 2% obyvatelstva, v\u00a0obchod\u011b a byznyse kolem 10%, v\u00a0politice snad a\u017e 50% &#8211; 60%, naz\u00fdvan\u00e9 psychopatie. U n\u00e1s za sou\u010dasn\u00e9 protektor\u00e1tn\u00ed vl\u00e1dy je psychopat\u016f evidentn\u011b 100%, v\u00a0dal\u0161\u00edch psychopatick\u00fdch atributech, jako nap\u0159. neexistence empatie, soucitu \u010di schopnosti diskutovat je\u0161t\u011b n\u011bkte\u0159\u00ed z\u00a0nich speci\u00e1ln\u011b vynikaj\u00ed.<\/p>\n<p>Nap\u0159\u00edklad v\u00a0ud\u00edlen\u00ed kn\u00ed\u017eec\u00edch rad. T\u0159eba psychopatka Pekarov\u00e1 doporu\u010duje nuzn\u011bj\u0161\u00edm vrstv\u00e1m p\u0159i nedostatku financ\u00ed na otop zdvojen\u00ed oble\u010den\u00ed a psychopat V\u00e1lek zase mamink\u00e1m nemocn\u00fdch d\u011bt\u00ed tr\u00e1vit \u010das obtelefonov\u00e1v\u00e1n\u00edm des\u00edtek l\u00e9k\u00e1ren, dokud se nestane z\u00e1zrak. Z\u00e1zrak v\u00a0podob\u011b kdysi b\u011b\u017en\u00e9ho l\u00e9ku proti hore\u010dce d\u00edtek, jen\u017e za \u201ehodnotov\u00e9ho\u201c zhuntov\u00e1n\u00ed tohoto rezortu lempl\u00e1ck\u00fdm ministrem zdravotnictv\u00ed za\u010d\u00edn\u00e1 m\u00edt pro rodi\u010de najednou cenu zlata. Jak se takov\u00fd \u201eodborn\u00edk\u201c vlastn\u011b k\u00a0t\u00e9to demoli\u010dn\u00ed ministersk\u00e9 misi dostal?<\/p>\n<p><span style=\"font-size: 18pt;\"><strong>Do politiky jedin\u011b s titulem MBA (za ziskem p\u0159es mrtvoly\u2026)<\/strong><\/span><\/p>\n<p>Inu, m\u00e1 na to. Patrn\u011b vzd\u011bl\u00e1n\u00ed a taky pen\u00edze. Vzd\u011bl\u00e1n\u00ed, aby jako spr\u00e1vn\u00fd fangli\u010dk\u00e1\u0159 \u201eoslnil\u201c ty hloup\u011bj\u0161\u00ed tituly a to medic\u00ednsk\u00e9 v\u010das odhodil. Pen\u00edze pak proto, aby si p\u0159\u00edpadn\u011b chyb\u011bj\u00edc\u00ed politickou v\u00fdkonnost mo\u017en\u00e1 tak n\u011bjak dokoupil.<\/p>\n<p>Tak nap\u0159ed k\u00a0t\u011bm titul\u016fm. Pan ministr Vlastimil V\u00e1lek se p\u00ed\u0161e spr\u00e1vn\u011b prof. MUDr. Vlastimil V\u00e1lek, CSc., MBA, EBIR.\u00a0 Kdy\u017e u\u017e je te\u010f ministrem, tak na ty tituly p\u0159ed jm\u00e9nem z\u00edskan\u00fdmi v\u00a0medic\u00edn\u011b zapomn\u011bl. Jsou ji\u017e nepot\u0159ebn\u00e9 a vize pana V\u00e1lka o \u010desk\u00e9m zdravotnictv\u00ed je takov\u00e1, \u017ee maxim\u00e1ln\u011b zafa\u010dovat a zbytek a\u0165 si ka\u017ed\u00fd (kdo na to bude m\u00edt) koup\u00ed. K\u00a0tomu je d\u016fle\u017eit\u00fd titul MBA, co\u017e nen\u00ed \u017e\u00e1dn\u00e1 akademick\u00e1 hodnost, ale osv\u011bd\u010den\u00ed vyd\u00e1van\u00e1 korpor\u00e1ty, \u017ee doty\u010dn\u00fd absolvoval za n\u011bjak\u00fdch (p\u0159ibli\u017en\u011b) 100\u00a0000 K\u010d t\u0159eba ro\u010dn\u00ed nalejv\u00e1rnu \u010di kurs \u0159ekn\u011bme k\u00a0orientaci v\u00a0byznyse a v\u00a0um\u011bn\u00ed kr\u00e1\u010det p\u0159es mrtvoly. Titul EBIR pak \u017e\u00e1dn\u00fdm titulem sice nen\u00ed (jde o sdru\u017een\u00ed radiolog\u016f star\u00e9 18 let), ale m\u016f\u017ee se ps\u00e1t za jm\u00e9nem a tak jde o dal\u0161\u00ed fangli\u010dku. A jak u\u017e bylo uvedeno \u2013 fangli\u010dk\u00e1\u0159stv\u00ed a psychopatie se nevylu\u010duj\u00ed. Sp\u00ed\u0161e naopak.<\/p>\n<p><span style=\"font-size: 18pt;\"><strong>Ale co si mysl\u00edte? V\u00e1lek p\u0159ece nen\u00ed \u017e\u00e1dn\u00fd Babi\u0161\u2026!<\/strong><\/span><\/p>\n<p>No a co k\u00a0t\u011bm pen\u011bz\u016fm? Vzhledem k\u00a0\u201e\u00fasp\u011b\u0161nosti\u201c politick\u00e9 kari\u00e9ry, kter\u00e1 by mnohou slab\u0161\u00ed povahu \u010di nepsychopata od dal\u0161\u00edho \u00fato\u010den\u00ed hlavou proti zdi odradilo, je p\u0159ekvapiv\u00e9, \u017ee pan V\u00e1lek vydr\u017eel. Za\u010dal v\u00a0komun\u00e1ln\u00edch volb\u00e1ch jako nestran\u00edk na kandid\u00e1tce TOP-09 v\u00a0Brn\u011b -L\u00ed\u0161ni v\u00a0roce 2010. Usp\u011bl a obh\u00e1jil ji\u017e jako \u010dlen i v\u00a0roce 2014.<\/p>\n<p>V\u00a0tomt\u00e9\u017e roce v\u0161ak kandidoval i do zastupitelstva m\u011bsta Brna (v\u00edce \u017eidl\u00ed nem\u016f\u017ee \u0161kodit) a neusp\u011bl. Od r. 2012 sed\u011bl i v\u00a0zastupitelstvu do jihomoravsk\u00e9ho kraje, kde obhajoval i v\u00a0roce 2016 a rovn\u011b\u017e neusp\u011bl. V\u00a0krajsk\u00fdch volb\u00e1ch 2020 kandidoval Vlasta v\u00a0uskupen\u00ed SPOLU pro Moravu (takov\u00e1 spr\u00e1vn\u00e1 brn\u011bnsk\u00e1 p\u011btikolka TOP-09, Zelen\u00ed, Moravsk\u00e9 zemsk\u00e9 hnut\u00ed, LES, Idealist\u00e9) a zase neusp\u011bl. Zkou\u0161el to i ve volb\u00e1ch do Poslaneck\u00e9 sn\u011bmovny P\u010cR v\u00a0roce 2013 a v\u011b\u0159te nev\u011b\u0159te \u2013 zase bez \u00fasp\u011bchu.<\/p>\n<p>V\u00a0roce 2017 v\u0161ak u\u017e poslancem zvolen byl a inspirov\u00e1n \u00fasp\u011bchem hned v\u00a0n\u00e1sleduj\u00edc\u00edm roce (v\u00edce \u017eidl\u00ed nem\u016f\u017ee \u0161kodit) zase kandidoval dokonce na prim\u00e1tora m\u011bsta Brna, ke sm\u016fle Br\u0148\u00e1k\u016f v\u0161ak ne\u00fasp\u011b\u0161n\u011b. Co st\u00e1lo za jisk\u0159iv\u00fdm \u00fasp\u011bchem 2017? Vize dne\u0161n\u00edho p\u00e1n\u011b ministra? Tak jen pro dopln\u011bn\u00ed. Z port\u00e1lu hlidacstatu.cz plyne, \u017ee v\u00a0letech 2013 \u2013 2021 daroval Vlastimil V\u00e1lek stran\u011b TOP-09 50\u00a0000,-, 10\u00a0000,-, 120\u00a0000,-, 156\u00a0000,-, 40\u00a0000,-, a je\u0161t\u011b 40\u00a0000,-. Pak je\u0161t\u011b firma AVTOKRAT, kde byl pan V\u00e1lek jedin\u00fdm majitelem i jednatelem a ji\u017e dnes \u0161\u00e9fuje syn pana ministra sponzorovala TOP-09 30\u00a0000,- a 150\u00a0000,-. Tak\u017ee sumasum\u00e1rum kolem p\u016fl mili\u00f3nu korun. A v\u00a0roce 2021, v po\u010d\u00e1tc\u00edch jeho ministrantov\u00e1n\u00ed otci Fialovi neopomn\u011bl zasponzorovat osobn\u011b i ODS \u010d\u00e1stkou 258\u00a0419 korun. Tak\u017ee \u00fapln\u011b dohromady n\u011bjak\u00e9ho v\u00edce ne\u017e t\u0159i \u010dtvrt\u011b mili\u00f3nu. No, ale to jen tak pro po\u0159\u00e1dek, \u017ee ano. Jak\u00fdpak p\u0159\u00edpadn\u00fd st\u0159et z\u00e1jm\u016f, pravda. A kone\u010dn\u011b post \u010dist\u00e9ho protektor\u00e1tn\u00edho politika si p\u0159ece nikdo nem\u016f\u017ee jen tak koupit\u2026<\/p>\n<p>Tak jsme si aspo\u0148 vysv\u011btlili pojmy <strong>psychopat<\/strong> a <strong>plutokrat<\/strong>. Vysv\u011btlovat podrobn\u011bji v\u00fdznam slova <strong>oportunista<\/strong> pova\u017eujme za zbyte\u010dn\u00e9. V\u017edy\u0165 kdo by v\u011b\u0159il tomu, \u017ee snad pas\u00edvn\u00ed, bezz\u00e1sadov\u00e9 p\u0159izp\u016fsoben\u00ed se okolnostem, nedodr\u017een\u00ed z\u00e1sad ve prosp\u011bch okam\u017eit\u00fdch v\u00fdhod, \u010desky \u0159e\u010deno prosp\u011bch\u00e1\u0159stv\u00ed \u2013 by se snad mohlo t\u00fdkat pana ministra V\u00e1lka.<\/p>\n<p><strong>Svatopluk Otava<br \/>\n<\/strong><strong>koment\u00e1tor ANS<\/strong><\/p>\n<p><img decoding=\"async\" loading=\"lazy\" class=\"alignnone size-medium wp-image-9908\" src=\"http:\/\/www.infokuryr.cz\/n\/wp-content\/uploads\/2022\/04\/ANS-300x169.png\" alt=\"\" width=\"300\" height=\"169\" srcset=\"https:\/\/www.infokuryr.cz\/n\/wp-content\/uploads\/2022\/04\/ANS-300x169.png 300w, https:\/\/www.infokuryr.cz\/n\/wp-content\/uploads\/2022\/04\/ANS-1024x576.png 1024w, https:\/\/www.infokuryr.cz\/n\/wp-content\/uploads\/2022\/04\/ANS-768x432.png 768w, https:\/\/www.infokuryr.cz\/n\/wp-content\/uploads\/2022\/04\/ANS.png 1180w\" sizes=\"(max-width: 300px) 100vw, 300px\" \/><\/p>\n<p>_____________________________<\/p>\n<p><img decoding=\"async\" loading=\"lazy\" class=\"wp-image-19187 aligncenter\" src=\"http:\/\/www.infokuryr.cz\/n\/wp-content\/uploads\/2022\/12\/1-PRO-300x36.jpg\" alt=\"\" width=\"1275\" height=\"153\" srcset=\"https:\/\/www.infokuryr.cz\/n\/wp-content\/uploads\/2022\/12\/1-PRO-300x36.jpg 300w, https:\/\/www.infokuryr.cz\/n\/wp-content\/uploads\/2022\/12\/1-PRO.jpg 699w\" sizes=\"(max-width: 1275px) 100vw, 1275px\" \/><\/p>\n<p>&nbsp;<\/p>\n","protected":false},"excerpt":{"rendered":"<p>Jde o v\u011btu, nikoli rovnici. Proto nejsou v\u00a0titulku pou\u017eita matematick\u00e1 znam\u00e9nka + a = i&#8230;<\/p>\n","protected":false},"author":2,"featured_media":11720,"comment_status":"closed","ping_status":"closed","sticky":false,"template":"","format":"standard","meta":[],"categories":[6],"tags":[29,1601,21],"_links":{"self":[{"href":"https:\/\/www.infokuryr.cz\/n\/wp-json\/wp\/v2\/posts\/20120"}],"collection":[{"href":"https:\/\/www.infokuryr.cz\/n\/wp-json\/wp\/v2\/posts"}],"about":[{"href":"https:\/\/www.infokuryr.cz\/n\/wp-json\/wp\/v2\/types\/post"}],"author":[{"embeddable":true,"href":"https:\/\/www.infokuryr.cz\/n\/wp-json\/wp\/v2\/users\/2"}],"replies":[{"embeddable":true,"href":"https:\/\/www.infokuryr.cz\/n\/wp-json\/wp\/v2\/comments?post=20120"}],"version-history":[{"count":0,"href":"https:\/\/www.infokuryr.cz\/n\/wp-json\/wp\/v2\/posts\/20120\/revisions"}],"wp:featuredmedia":[{"embeddable":true,"href":"https:\/\/www.infokuryr.cz\/n\/wp-json\/wp\/v2\/media\/11720"}],"wp:attachment":[{"href":"https:\/\/www.infokuryr.cz\/n\/wp-json\/wp\/v2\/media?parent=20120"}],"wp:term":[{"taxonomy":"category","embeddable":true,"href":"https:\/\/www.infokuryr.cz\/n\/wp-json\/wp\/v2\/categories?post=20120"},{"taxonomy":"post_tag","embeddable":true,"href":"https:\/\/www.infokuryr.cz\/n\/wp-json\/wp\/v2\/tags?post=20120"}],"curies":[{"name":"wp","href":"https:\/\/api.w.org\/{rel}","templated":true}]}}