{"id":20078,"date":"2022-12-22T01:03:23","date_gmt":"2022-12-22T00:03:23","guid":{"rendered":"http:\/\/www.infokuryr.cz\/n\/?p=20078"},"modified":"2022-12-21T17:48:15","modified_gmt":"2022-12-21T16:48:15","slug":"agenda-2030-takto-vam-chteji-vzit-vas-domov","status":"publish","type":"post","link":"https:\/\/www.infokuryr.cz\/n\/2022\/12\/22\/agenda-2030-takto-vam-chteji-vzit-vas-domov\/","title":{"rendered":"Agenda 2030: Takto v\u00e1m cht\u011bj\u00ed vz\u00edt v\u00e1\u0161 domov"},"content":{"rendered":"<div id=\"fb-root\"><\/div>\n<p><span>Brzy v\u00e1m vl\u00e1da po\u0161le dopis s \u017e\u00e1dost\u00ed, abyste provedli n\u011bjak\u00e9 zm\u011bny ve sv\u00e9m dom\u011b, p\u0159edpov\u00edd\u00e1 zn\u00e1m\u00fd norsk\u00fd blogger a YouTuber Bj\u00f8rn Andreas Bull-Hansen.\u00a0To si mus\u00edte zaplatit z vlastn\u00ed kapsy.\u00a0A pokud pronaj\u00edm\u00e1te, v\u00e1\u0161 pronaj\u00edmatel v\u00e1m d\u00e1 dopis, ve kter\u00e9m v\u00e1m \u0159ekne, \u017ee n\u00e1jemn\u00e9 se v d\u016fsledku t\u011bchto zm\u011bn zv\u00fd\u0161\u00ed.<\/span><\/p>\n<p><span>\u0158e\u010d je o tzv. sm\u011brnici o energetick\u00e9 n\u00e1ro\u010dnosti budov, kter\u00e1 je sou\u010d\u00e1st\u00ed Evropsk\u00e9 zelen\u00e9 dohody.\u00a0Bull-Hansen o\u010dek\u00e1v\u00e1, \u017ee tyto pl\u00e1ny budou brzy realizov\u00e1ny mimo EU.<\/span><\/p>\n<p><span>V\u0161echno to souvis\u00ed se Sv\u011btov\u00fdm ekonomick\u00fdm f\u00f3rem, Velk\u00fdm resetem a Agendou 2030, vysv\u011btluje.\u00a0V\u0161echny soukrom\u00e9 domy mus\u00ed m\u00edt do roku 2033 energetick\u00fd \u0161t\u00edtek D.\u00a0Do roku 2050 mus\u00ed b\u00fdt v\u0161echny domy bez emis\u00ed.\u00a0N\u00e1klady na d\u016fm: p\u0159ibli\u017en\u011b 100 000 EUR.<\/span><\/p>\n<p>&nbsp;<\/p>\n<figure class=\"wp-block-embed is-type-video is-provider-youtube wp-block-embed-youtube wp-embed-aspect-16-9 wp-has-aspect-ratio\">\n<div class=\"wp-block-embed__wrapper\"><iframe loading=\"lazy\" title=\"Jak pl\u00e1nuj\u00ed vz\u00edt v\u00e1\u0161 d\u016fm: Agenda 2030 Wealth Transfer\" src=\"https:\/\/www.youtube.com\/embed\/Y2sqV7alDz8?feature=oembed\" width=\"800\" height=\"450\" frameborder=\"0\" allowfullscreen=\"allowfullscreen\" data-mce-fragment=\"1\"><\/iframe><\/div>\n<\/figure>\n<p>&nbsp;<\/p>\n<p><span>Mnoho lid\u00ed nen\u00ed schopno z\u00edskat 100 000 EUR a budou nuceni prodat sv\u00e9 domovy.\u00a0Nebude\u0161 nic vlastnit a bude\u0161 \u0161\u0165astn\u00fd.\u00a0A sm\u00edte v\u016fbec takov\u00fd d\u016fm prodat?\u00a0Dostanete pokutu?\u00a0Seberou v\u00e1m d\u016fm?\u00a0Jde jednozna\u010dn\u011b o \u00fatok na st\u0159edn\u00ed t\u0159\u00eddu, tvrd\u00ed Bull-Hansen.<\/span><\/p>\n<p><span>Pak jsou tu jen velmi bohat\u00ed a chud\u00ed lid\u00e9.\u00a0P\u0159istupujeme tak k feud\u00e1ln\u00edmu syst\u00e9mu neboli feudalismu.<\/span><\/p>\n<p><span>Bull-Hansen je p\u0159esv\u011bd\u010den, \u017ee velk\u00e9 spole\u010dnosti tyto domy skoup\u00ed a \u017ee mnoho lid\u00ed si v budoucnu nebude moci koupit vlastn\u00ed d\u016fm.<\/span><\/p>\n<p><span>Proti tomu se mus\u00edme br\u00e1nit, zd\u016fraz\u0148uje.\u00a0&#8222;Mus\u00edme b\u00fdt neposlu\u0161n\u00ed a nedovolit, aby se n\u00e1m to stalo.&#8220;\u00a0Toto je p\u0159erozd\u011blov\u00e1n\u00ed bohatstv\u00ed, kter\u00e9 nem\u016f\u017eeme p\u0159ijmout.\u00a0Nevzd\u00e1vej to.\u00a0Vyhrajeme.&#8220;<\/span><\/p>\n<p><img decoding=\"async\" loading=\"lazy\" class=\"alignnone size-full wp-image-1185\" src=\"http:\/\/www.infokuryr.cz\/n\/wp-content\/uploads\/2021\/04\/kuryr-podpis.png\" alt=\"\" width=\"84\" height=\"24\" \/><\/p>\n<p><img decoding=\"async\" loading=\"lazy\" class=\"wp-image-19187 aligncenter\" src=\"http:\/\/www.infokuryr.cz\/n\/wp-content\/uploads\/2022\/12\/1-PRO-300x36.jpg\" alt=\"\" width=\"1250\" height=\"150\" srcset=\"https:\/\/www.infokuryr.cz\/n\/wp-content\/uploads\/2022\/12\/1-PRO-300x36.jpg 300w, https:\/\/www.infokuryr.cz\/n\/wp-content\/uploads\/2022\/12\/1-PRO.jpg 699w\" sizes=\"(max-width: 1250px) 100vw, 1250px\" \/><\/p>\n<p>&nbsp;<\/p>\n","protected":false},"excerpt":{"rendered":"<p>Brzy v\u00e1m vl\u00e1da po\u0161le dopis s \u017e\u00e1dost\u00ed, abyste provedli n\u011bjak\u00e9 zm\u011bny ve sv\u00e9m dom\u011b, p\u0159edpov\u00edd\u00e1&#8230;<\/p>\n","protected":false},"author":2,"featured_media":20079,"comment_status":"closed","ping_status":"closed","sticky":false,"template":"","format":"standard","meta":[],"categories":[7],"tags":[4099,1416,2452,2954],"_links":{"self":[{"href":"https:\/\/www.infokuryr.cz\/n\/wp-json\/wp\/v2\/posts\/20078"}],"collection":[{"href":"https:\/\/www.infokuryr.cz\/n\/wp-json\/wp\/v2\/posts"}],"about":[{"href":"https:\/\/www.infokuryr.cz\/n\/wp-json\/wp\/v2\/types\/post"}],"author":[{"embeddable":true,"href":"https:\/\/www.infokuryr.cz\/n\/wp-json\/wp\/v2\/users\/2"}],"replies":[{"embeddable":true,"href":"https:\/\/www.infokuryr.cz\/n\/wp-json\/wp\/v2\/comments?post=20078"}],"version-history":[{"count":1,"href":"https:\/\/www.infokuryr.cz\/n\/wp-json\/wp\/v2\/posts\/20078\/revisions"}],"predecessor-version":[{"id":20080,"href":"https:\/\/www.infokuryr.cz\/n\/wp-json\/wp\/v2\/posts\/20078\/revisions\/20080"}],"wp:featuredmedia":[{"embeddable":true,"href":"https:\/\/www.infokuryr.cz\/n\/wp-json\/wp\/v2\/media\/20079"}],"wp:attachment":[{"href":"https:\/\/www.infokuryr.cz\/n\/wp-json\/wp\/v2\/media?parent=20078"}],"wp:term":[{"taxonomy":"category","embeddable":true,"href":"https:\/\/www.infokuryr.cz\/n\/wp-json\/wp\/v2\/categories?post=20078"},{"taxonomy":"post_tag","embeddable":true,"href":"https:\/\/www.infokuryr.cz\/n\/wp-json\/wp\/v2\/tags?post=20078"}],"curies":[{"name":"wp","href":"https:\/\/api.w.org\/{rel}","templated":true}]}}