{"id":2005,"date":"2021-05-27T13:46:10","date_gmt":"2021-05-27T11:46:10","guid":{"rendered":"http:\/\/www.infokuryr.cz\/n\/?p=2005"},"modified":"2021-05-27T13:46:10","modified_gmt":"2021-05-27T11:46:10","slug":"ockovat-vsechny-deti","status":"publish","type":"post","link":"https:\/\/www.infokuryr.cz\/n\/2021\/05\/27\/ockovat-vsechny-deti\/","title":{"rendered":"O\u010dkovat v\u0161echny d\u011bti"},"content":{"rendered":"<div id=\"fb-root\"><\/div>\n<p>Nez\u00e1le\u017e\u00ed na tom, kdo je \u010desk\u00fdm ministrem zdravotnictv\u00ed; z\u00e1kladn\u00ed sm\u011br koronapolitiky se pod Adamem Vojt\u011bchem nezm\u011bn\u00ed. Dezinforma\u010dn\u00ed prvky\u00a0<a href=\"http:\/\/www.fsfinalword.cz\/?page=archive&amp;show=1&amp;day=2021-5-19\" target=\"_blank\" rel=\"noopener\">o\u010dkovac\u00ed kampan\u011b<\/a>\u00a0ministerstva zdravotnictv\u00ed nezmiz\u00ed a\u00a0<a href=\"http:\/\/www.fsfinalword.cz\/?page=archive&amp;show=1&amp;day=2021-5-3\" target=\"_blank\" rel=\"noopener\">d\u011bti se stanou hlavn\u00edm c\u00edlem<\/a>\u00a0budouc\u00edch omezen\u00ed. Minister\u0161t\u00ed \u00fa\u0159edn\u00edci a\u00a0politici, kter\u00e9 tahaj\u00ed na vod\u00edtku, se budou i\u00a0nad\u00e1le horliv\u011b \u0159\u00eddit radami Sv\u011btov\u00e9 zdravotnick\u00e9 organizace, kter\u00e1 svou politiku o\u010dkov\u00e1n\u00ed v\u0161ech d\u011bt\u00ed odhaluje v\u00a0prohl\u00e1\u0161en\u00ed typu: \u201e<a href=\"https:\/\/apps.who.int\/iris\/bitstream\/handle\/10665\/340872\/WHO-EURO-2021-2151-41906-57497-eng.pdf\" target=\"_blank\" rel=\"noopener\">P\u0159\u00edstupy, p\u0159i nich\u017e se nao\u010dkuje ve\u0161ker\u00e1 populace<\/a>, p\u0159edstavuj\u00ed nejlep\u0161\u00ed mo\u017enost sn\u00ed\u017een\u00ed \u00famrtnosti a\u00a0z\u00e1va\u017enosti onemocn\u011bn\u00ed a\u00a0minimalizaci negativn\u00edch dopad\u016f na vzd\u011bl\u00e1v\u00e1n\u00ed, du\u0161evn\u00ed a\u00a0soci\u00e1ln\u00ed pohodu d\u011bt\u00ed a\u00a0ml\u00e1de\u017ee.\u201c Dal\u0161\u00edm st\u00e1diem na \u010desk\u00e9 \u00farovni bude v\u00fdzva k\u00a0rodi\u010d\u016fm, \u201e<a href=\"https:\/\/cnn.iprima.cz\/ockovaci-kampan-k-veci-25947\" target=\"_blank\" rel=\"noopener\">aby se p\u0159imlouvali u\u00a0sv\u00fdch d\u011bt\u00ed, aby se nechaly o\u010dkovat<\/a>\u201c, a\u00a0<a href=\"https:\/\/www.psp.cz\/sqw\/text\/tiskt.sqw?O=8&amp;CT=1225&amp;CT1=0\" target=\"_blank\" rel=\"noopener\">vy\u017eadov\u00e1n\u00ed covidov\u00fdch pas\u016f p\u0159i vstupu na d\u011btsk\u00e1 h\u0159i\u0161t\u011b<\/a>. T\u0159eba to\u00a0<a href=\"https:\/\/www.idnes.cz\/revue\/spolecnost\/adam-vojtech-exministr-zdravotnictvi-rodina-deti-manzelka-kariera-hudba.A200925_082503_lidicky_sub\" target=\"_blank\" rel=\"noopener\">bezd\u011btn\u00fd Vojt\u011bch<\/a>\u00a0zvl\u00e1dne v\u010das, aby se mohl za o\u010dkov\u00e1n\u00ed p\u0159imlouvat u\u00a0sv\u00e9ho prvorozen\u00e9ho.<\/p>\n<p><a href=\"https:\/\/www.fsfinalword.cz\/?page=archive&amp;day=2021-05-26&amp;utm_source=utm_source%3Dnewsletter&amp;utm_medium=utm_medium%3Demail&amp;utm_campaign=utm_campaign%3Dfinal_word_26.5.2021\">Erik Best<\/a><\/p>\n<p><img decoding=\"async\" loading=\"lazy\" class=\"alignnone  wp-image-1179\" src=\"http:\/\/www.infokuryr.cz\/n\/wp-content\/uploads\/2021\/04\/erik-best.jpg\" alt=\"\" width=\"96\" height=\"108\" \/><\/p>\n","protected":false},"excerpt":{"rendered":"<p>Nez\u00e1le\u017e\u00ed na tom, kdo je \u010desk\u00fdm ministrem zdravotnictv\u00ed; z\u00e1kladn\u00ed sm\u011br koronapolitiky se pod Adamem Vojt\u011bchem&#8230;<\/p>\n","protected":false},"author":2,"featured_media":575,"comment_status":"closed","ping_status":"closed","sticky":false,"template":"","format":"standard","meta":[],"categories":[6],"tags":[245,213,21],"_links":{"self":[{"href":"https:\/\/www.infokuryr.cz\/n\/wp-json\/wp\/v2\/posts\/2005"}],"collection":[{"href":"https:\/\/www.infokuryr.cz\/n\/wp-json\/wp\/v2\/posts"}],"about":[{"href":"https:\/\/www.infokuryr.cz\/n\/wp-json\/wp\/v2\/types\/post"}],"author":[{"embeddable":true,"href":"https:\/\/www.infokuryr.cz\/n\/wp-json\/wp\/v2\/users\/2"}],"replies":[{"embeddable":true,"href":"https:\/\/www.infokuryr.cz\/n\/wp-json\/wp\/v2\/comments?post=2005"}],"version-history":[{"count":0,"href":"https:\/\/www.infokuryr.cz\/n\/wp-json\/wp\/v2\/posts\/2005\/revisions"}],"wp:featuredmedia":[{"embeddable":true,"href":"https:\/\/www.infokuryr.cz\/n\/wp-json\/wp\/v2\/media\/575"}],"wp:attachment":[{"href":"https:\/\/www.infokuryr.cz\/n\/wp-json\/wp\/v2\/media?parent=2005"}],"wp:term":[{"taxonomy":"category","embeddable":true,"href":"https:\/\/www.infokuryr.cz\/n\/wp-json\/wp\/v2\/categories?post=2005"},{"taxonomy":"post_tag","embeddable":true,"href":"https:\/\/www.infokuryr.cz\/n\/wp-json\/wp\/v2\/tags?post=2005"}],"curies":[{"name":"wp","href":"https:\/\/api.w.org\/{rel}","templated":true}]}}