{"id":20043,"date":"2022-12-21T01:08:38","date_gmt":"2022-12-21T00:08:38","guid":{"rendered":"http:\/\/www.infokuryr.cz\/n\/?p=20043"},"modified":"2022-12-20T18:00:13","modified_gmt":"2022-12-20T17:00:13","slug":"jiri-vyvadil-to-je-vase-valka-milosi-zemane-ne-nase","status":"publish","type":"post","link":"https:\/\/www.infokuryr.cz\/n\/2022\/12\/21\/jiri-vyvadil-to-je-vase-valka-milosi-zemane-ne-nase\/","title":{"rendered":"Ji\u0159\u00ed Vyvadil: To je Va\u0161e v\u00e1lka, Milo\u0161i Zemane, ne na\u0161e \u2026"},"content":{"rendered":"<div id=\"fb-root\"><\/div>\n<p><strong>Ps\u00e1t kritick\u00e9 \u010dl\u00e1nky o prezidentu Zemanovi je u jeho b\u00fdval\u00fdch rozhodn\u00fdch podporovatel\u016f je br\u00e1no jako zrada. Mo\u017en\u00e1 t\u00edm sp\u00ed\u0161e, \u017ee se nad \u010ceskou republikou stahuj\u00ed mra\u010dna proatlantick\u00fdch stoupenc\u016f Nerudov\u00e9 \u010di Petra Pavla. Nicm\u00e9n\u011b drobn\u00e1 pozn\u00e1mka na margo posledn\u00edch d\u011bsiv\u00fdch v\u00fdrok\u016f st\u00e1vaj\u00edc\u00edho p\u00e1n\u011b prezidenta by m\u011bla b\u00fdt u\u010din\u011bna.<\/strong><\/p>\n<p>V protivl\u00e1dn\u00ed n\u00e1zorov\u00e9 v\u011bt\u0161inov\u00e9 komunit\u011b patrn\u011b v\u011bt\u0161\u00ed \u010d\u00e1sti na\u0161ich spoluob\u010dan\u016f jsou Fiala, \u010cernochov\u00e1, Lipavsk\u00fd br\u00e1ni jako symbol v\u00e1le\u010dn\u00fdch jest\u0159\u00e1b\u016f. Dobr\u00e9 je, \u017ee se pomalu vztah k podpo\u0159e Ukrajiny m\u011bn\u00ed. Nap\u0159\u00edklad i pr\u016fzkum Eurobarometru u \u010ceska nazna\u010duje, \u017ee pod\u00edl podpory pro aktitivity ve prosp\u011bch Ukrajiny klesl u dod\u00e1vek zbran\u00ed na Ukrajinu na 43 % a oproti nepodpo\u0159e 52% a tot\u00e9\u017e se t\u00fdk\u00e1 i finan\u010dn\u00edch dodac\u00ed pro ukrajinsk\u00e9 dobrodru\u017estv\u00ed.<\/p>\n<p>A to jsme teprve na samotn\u00e9m za\u010d\u00e1tku. Co je to 10 m\u011bs\u00edc\u016f ? Je to americk\u00fd typ v\u00e1lky, Spojen\u00fdmi st\u00e1ty sponzorovan\u00e9 a \u0159\u00edzen\u00e9 nav\u00edc s luxusn\u00ed podobou, \u017ee tentokr\u00e1t nebudou prchat ameri\u010dt\u00ed voj\u00e1ci, tak jako ve Vietnamu \u010di Afghanist\u00e1nu a v pohod\u011b bude jen americk\u00fd vojenskopr\u016fmyslov\u00fd komplex a dodavatel\u00e9 plynu a ropy mnout ruce nad \u00fa\u017easn\u00fdmi zisky. V\u00e1lka v Afgh\u00e1nist\u00e1nu trvala 20 let, 2. v\u00e1lka v Ir\u00e1ku 8 let.<\/p>\n<p>St\u00e1le nev\u00edm, zda jsem blb\u00fd j\u00e1, nebo ti ostatn\u00ed, kdo\u017e nep\u0159edpokl\u00e1d\u00e1, \u017ee m\u00e1 tento konflikt Z\u00e1pad vs. Rusko nad\u011bji skon\u010dit d\u0159\u00edve ne\u017e odejde Joe Biden coby prezident. A pokud by byl zvolen znovu a vylou\u010deno nen\u00ed nic, tak by to bylo je\u0161t\u011b 6 let, \u010dili pro USA krat\u0161\u00ed typ zahrani\u010dn\u00ed intervence. Biden v n\u00ed nem\u016f\u017ee prohr\u00e1t, proto\u017ee po celou dobu by udr\u017eoval EU v n\u00e1le\u017eit\u00e9m ekonomick\u00e9m a hlavn\u011b geopolitick\u00e9m podru\u010d\u00ed a z\u0159ejm\u011b by ho ji\u017e dovr\u0161il v trval\u00e9.<\/p>\n<p>To ov\u0161em neznamen\u00e1, \u017ee by Z\u00e1pad mohl tento st\u0159et vyhr\u00e1t. USA prohr\u00e1li katastroficky Vietnam, Afgh\u00e1nist\u00e1n, a prohr\u00e1li i Ir\u00e1k, kter\u00fd se t\u00e9m\u011b\u0159 manifesta\u010dn\u011b v oblasti ekonomiky obr\u00e1til ve prosp\u011bch \u010c\u00edny, se kterou buduje nad\u0161en\u011b pl\u00e1n \u201ejeden p\u00e1s, jedna cesta\u201c a mlad\u00ed Ir\u00e1\u010dan\u00e9 se u\u010d\u00ed \u010d\u00ednsky, podobn\u011b jako nap\u0159\u00edklad \u0161kol\u00e1ci v Saudsk\u00e9 Ar\u00e1bii a z hlediska vojensk\u00e9 geopolitiky maj\u00ed bl\u00edzko k Rusku, ve prosp\u011bch Ruska coby hlavn\u00edho rebelovi proti hegemonii USA, kter\u00fd je ni\u010dil..<\/p>\n<p>Milo\u0161 Zeman v\u017edy byl v\u00e1le\u010dn\u00fd jest\u0159\u00e1b.<\/p>\n<p>Vzpom\u00edn\u00e1m si, \u017ee kdy\u017e jsem sv\u00e9ho \u010dasu kon\u010dil coby pom\u011brn\u011b \u00fasp\u011b\u0161n\u00fd sen\u00e1tor na Sokolovsku, tak se mne ptal, jak\u00e9 m\u00e1m pl\u00e1ny a u\u017e ani nev\u00edm, jak tomu do\u0161lo, n\u00e1znakem padla \u00favaha o velvyslanectv\u00ed v Bruselu u NATO. Jen tak mimochodem poznamenal, \u017ee p\u0159edpokl\u00e1d\u00e1, \u017ee nejsem pacifista. To jsem ho zklamal, proto\u017ee v\u00e1lek bych se naopak cht\u011bl vyvarovat. Neshodli jsme se.<\/p>\n<p>Kdy\u017e v zoufal\u00e9m strachu ameri\u010dt\u00ed voj\u00e1ci opou\u0161t\u011bli bagd\u00e1dsk\u00e9 leti\u0161t\u011b a n\u011bkte\u0159\u00ed z nich se do posledn\u00edho okam\u017eiku dr\u017eeli v\u00fdstupk\u016f stoupaj\u00edc\u00edch helikopt\u00e9r, aby n\u00e1sledn\u011b tragicky padali k zemi, byl Milo\u0161 Zeman nejkriti\u010dt\u011bj\u0161\u00ed z p\u0159edstavitel\u016f NATO, z t\u00edm, \u017ee odchod je zrada, proto\u017ee p\u0159ece v Afgh\u00e1nist\u00e1nu se bojuje za Prahu. a pro n\u011bkoho chmurn\u011b, pro jin\u00e9 povzbudiv\u011b pravil, \u017ee NATO nem\u00e1 smysl.<\/p>\n<p>Nu\u017ee nyn\u00ed objevil nad\u011bji a douf\u00e1, \u017ee se NATO vypo\u0159\u00e1d\u00e1 s mnohem v\u011bt\u0161\u00edm nep\u0159\u00edtelem s Ruskem. A znovu na Ukrajin\u011b se proti Rusku tentokr\u00e1t bojuje za Prahu.<\/p>\n<p>Bohud\u00edk, dnes ji\u017e v Rusku nikdo Zemana nebere v\u00e1\u017en\u011b, ale nebere jej v\u00e1\u017en\u011b ani Z\u00e1pad. I na dom\u00e1c\u00ed sc\u00e9n\u011b pro sv\u016fj veleto\u010d nez\u00edskal podporu ani od voli\u010d\u016f st\u00e1vaj\u00edc\u00ed protirusk\u00e9 a proatlantick\u00e9 men\u0161iny.<\/p>\n<p>Kdysi se \u0159\u00edkalo, jak\u00fd je Zeman vynikaj\u00edc\u00ed prognostik. No nev\u00edm.<\/p>\n<p>Zat\u00edm nic, krom\u011b z\u00e1padn\u00edch propagandist\u016f nenazna\u010duje, \u017ee by Rusko bylo pora\u017eeno. Ekonomicky Rusko p\u0159es jist\u00e9 probl\u00e9my enormn\u00ed sankce zvl\u00e1dlo, zat\u00edmco Z\u00e1pad se st\u00e1v\u00e1 rozh\u00e1dan\u00fd, \u010d\u00edm d\u00e1l neschopn\u011bj\u0161\u00ed s diskutabiln\u00ed perspektivou. A ve vojensk\u00e9 oblasti Rusko krok za krokem rovn\u011b\u017e posiluje. M\u00e1 \u010das. Bude Z\u00e1pad je\u0161t\u011b n\u011bkolik let Ukrajinu proti Rusku podporovat?<\/p>\n<p>Ani n\u00e1hodou. V\u00e1le\u010dn\u00ed \u0161tv\u00e1\u010di, v\u010detn\u011b na\u0161eho prezidenta a Fialovy vl\u00e1dy odpadnou a k moci se budou vracet realisti.<\/p>\n<p>Ot\u00e1zka toti\u017e u\u017e d\u00e1vno nebude st\u00e1t tak, \u017ee by Rusko m\u011blo skon\u010dit v\u00e1lku, ale Z\u00e1pad, kter\u00fd ji poru\u0161en\u00edm v\u0161ech slib\u016f vyvolal.<\/p>\n<p>Milo\u0161 Zeman prohr\u00e1l v Afgh\u00e1nist\u00e1nu a nepochybn\u011b prohraje i v Rusku. A to je dob\u0159e\u2026<\/p>\n<p><a href=\"http:\/\/vasevec.parlamentnilisty.cz\/komentare\/je-vase-valka-milosi-zemane-ne-nase\">Ji\u0159\u00ed Vyvadil<\/a><\/p>\n<p><img decoding=\"async\" loading=\"lazy\" class=\"alignnone size-medium wp-image-16474\" src=\"http:\/\/www.infokuryr.cz\/n\/wp-content\/uploads\/2022\/10\/jiri-vyvadil-300x200.jpg\" alt=\"\" width=\"300\" height=\"200\" srcset=\"https:\/\/www.infokuryr.cz\/n\/wp-content\/uploads\/2022\/10\/jiri-vyvadil-300x200.jpg 300w, https:\/\/www.infokuryr.cz\/n\/wp-content\/uploads\/2022\/10\/jiri-vyvadil-768x512.jpg 768w, https:\/\/www.infokuryr.cz\/n\/wp-content\/uploads\/2022\/10\/jiri-vyvadil.jpg 800w\" sizes=\"(max-width: 300px) 100vw, 300px\" \/><\/p>\n<p>_____________________________<\/p>\n<p>&nbsp;<\/p>\n<p><img decoding=\"async\" loading=\"lazy\" class=\"wp-image-19187 aligncenter\" src=\"http:\/\/www.infokuryr.cz\/n\/wp-content\/uploads\/2022\/12\/1-PRO-300x36.jpg\" alt=\"\" width=\"1258\" height=\"151\" srcset=\"https:\/\/www.infokuryr.cz\/n\/wp-content\/uploads\/2022\/12\/1-PRO-300x36.jpg 300w, https:\/\/www.infokuryr.cz\/n\/wp-content\/uploads\/2022\/12\/1-PRO.jpg 699w\" sizes=\"(max-width: 1258px) 100vw, 1258px\" \/><\/p>\n<p>&nbsp;<\/p>\n","protected":false},"excerpt":{"rendered":"<p>Ps\u00e1t kritick\u00e9 \u010dl\u00e1nky o prezidentu Zemanovi je u jeho b\u00fdval\u00fdch rozhodn\u00fdch podporovatel\u016f je br\u00e1no jako&#8230;<\/p>\n","protected":false},"author":2,"featured_media":3553,"comment_status":"closed","ping_status":"closed","sticky":false,"template":"","format":"standard","meta":[],"categories":[6],"tags":[29,392,40],"_links":{"self":[{"href":"https:\/\/www.infokuryr.cz\/n\/wp-json\/wp\/v2\/posts\/20043"}],"collection":[{"href":"https:\/\/www.infokuryr.cz\/n\/wp-json\/wp\/v2\/posts"}],"about":[{"href":"https:\/\/www.infokuryr.cz\/n\/wp-json\/wp\/v2\/types\/post"}],"author":[{"embeddable":true,"href":"https:\/\/www.infokuryr.cz\/n\/wp-json\/wp\/v2\/users\/2"}],"replies":[{"embeddable":true,"href":"https:\/\/www.infokuryr.cz\/n\/wp-json\/wp\/v2\/comments?post=20043"}],"version-history":[{"count":0,"href":"https:\/\/www.infokuryr.cz\/n\/wp-json\/wp\/v2\/posts\/20043\/revisions"}],"wp:featuredmedia":[{"embeddable":true,"href":"https:\/\/www.infokuryr.cz\/n\/wp-json\/wp\/v2\/media\/3553"}],"wp:attachment":[{"href":"https:\/\/www.infokuryr.cz\/n\/wp-json\/wp\/v2\/media?parent=20043"}],"wp:term":[{"taxonomy":"category","embeddable":true,"href":"https:\/\/www.infokuryr.cz\/n\/wp-json\/wp\/v2\/categories?post=20043"},{"taxonomy":"post_tag","embeddable":true,"href":"https:\/\/www.infokuryr.cz\/n\/wp-json\/wp\/v2\/tags?post=20043"}],"curies":[{"name":"wp","href":"https:\/\/api.w.org\/{rel}","templated":true}]}}