{"id":20033,"date":"2022-12-21T01:06:38","date_gmt":"2022-12-21T00:06:38","guid":{"rendered":"http:\/\/www.infokuryr.cz\/n\/?p=20033"},"modified":"2022-12-20T17:24:38","modified_gmt":"2022-12-20T16:24:38","slug":"gates-a-bezos-investuji-do-australskeho-mozkoveho-implantatu","status":"publish","type":"post","link":"https:\/\/www.infokuryr.cz\/n\/2022\/12\/21\/gates-a-bezos-investuji-do-australskeho-mozkoveho-implantatu\/","title":{"rendered":"Gates a Bezos investuj\u00ed do australsk\u00e9ho mozkov\u00e9ho implant\u00e1tu"},"content":{"rendered":"<div id=\"fb-root\"><\/div>\n<div class=\"elementor-element elementor-element-1fb4c2c elementor-widget elementor-widget-theme-post-content\" data-id=\"1fb4c2c\" data-element_type=\"widget\" data-widget_type=\"theme-post-content.default\">\n<div class=\"elementor-widget-container\">\n<p><span>Miliard\u00e1\u0159i Bill Gates a Jeff Bezos v reakci na Neuralink Elona Muska investuj\u00ed do spole\u010dnosti Synchron se s\u00eddlem v New Yorku.<\/span><\/p>\n<p><span>Spole\u010dnost, kterou zalo\u017eili austral\u0161t\u00ed profeso\u0159i Tom Oxley a Nick Opie, ozn\u00e1mila 16. prosince, \u017ee uzav\u0159ela kolo financov\u00e1n\u00ed s\u00e9rie C ve v\u00fd\u0161i 110 milion\u016f dolar\u016f zahrnuj\u00edc\u00ed Bezos Expeditions, Gates Frontier a ARCH Venture Partners.<\/span><\/p>\n<p><span>Synchron Switch je \u201erozhran\u00ed mozek-po\u010d\u00edta\u010d\u201c, kter\u00e9 je implantov\u00e1no p\u0159es jugul\u00e1rn\u00ed \u017e\u00edlu do krevn\u00edch c\u00e9v na povrchu motorick\u00e9 k\u016fry mozku.<\/span><\/p>\n<p><span>Jakmile je rozhran\u00ed nastaveno, rozpozn\u00e1v\u00e1 informace z mozku a p\u0159en\u00e1\u0161\u00ed je bezdr\u00e1tov\u011b, co\u017e umo\u017e\u0148uje t\u011b\u017ece paralyzovan\u00fdm lidem ovl\u00e1dat osobn\u00ed za\u0159\u00edzen\u00ed, ani\u017e by museli pou\u017e\u00edvat ruce.<\/span><\/p>\n<p><span>Pen\u00edze budou pou\u017eity na st\u011b\u017eejn\u00ed klinickou studii.<\/span><\/p>\n<p><span>&#8222;M\u00e1me p\u0159\u00edle\u017eitost vyvinout prvot\u0159\u00eddn\u00ed komer\u010dn\u00ed [rozhran\u00ed mozek-po\u010d\u00edta\u010d],&#8220; uvedl v prohl\u00e1\u0161en\u00ed Oxley, kter\u00fd je tak\u00e9 gener\u00e1ln\u00edm \u0159editelem spole\u010dnosti Synchron.<\/span><\/p>\n<p><span>\u201eProbl\u00e9m paral\u00fdzy je mnohem v\u011bt\u0161\u00ed, ne\u017e si lid\u00e9 uv\u011bdomuj\u00ed.\u00a0100 milion\u016f lid\u00ed na cel\u00e9m sv\u011bt\u011b je posti\u017eeno v horn\u00edch kon\u010detin\u00e1ch,\u201c dodal.<\/span><\/p>\n<p><span>Gener\u00e1ln\u00ed \u0159editel ARCH Robert Nelson \u0159ekl, \u017ee Synchron pom\u00e1h\u00e1 lidem s termin\u00e1ln\u00edmi nemocemi \u201eznovu se spojit se sv\u011btem\u201c.<\/span><\/p>\n<p><span>&#8222;Je to vzru\u0161uj\u00edc\u00ed doba pro neurotechnologii,&#8220; \u0159ekl.<\/span><\/p>\n<\/div>\n<\/div>\n<div class=\"elementor-element elementor-element-8c57238 quelle dc-has-condition dc-condition-empty elementor-widget elementor-widget-heading\" data-id=\"8c57238\" data-element_type=\"widget\" data-widget_type=\"heading.default\">\n<div class=\"elementor-widget-container\">\n<h3 class=\"elementor-heading-title elementor-size-default\"><span style=\"font-size: 8pt;\"><a href=\"https:\/\/web.archive.org\/web\/20221218023939\/https:\/\/www.theepochtimes.com\/gates-bezos-invest-in-australian-designed-brain-implant_4927966.html\" target=\"_blank\" rel=\"nofollow noopener\">ZDROJ<\/a><\/span><\/h3>\n<p><img decoding=\"async\" loading=\"lazy\" class=\"wp-image-19187 aligncenter\" src=\"http:\/\/www.infokuryr.cz\/n\/wp-content\/uploads\/2022\/12\/1-PRO-300x36.jpg\" alt=\"\" width=\"1242\" height=\"149\" srcset=\"https:\/\/www.infokuryr.cz\/n\/wp-content\/uploads\/2022\/12\/1-PRO-300x36.jpg 300w, https:\/\/www.infokuryr.cz\/n\/wp-content\/uploads\/2022\/12\/1-PRO.jpg 699w\" sizes=\"(max-width: 1242px) 100vw, 1242px\" \/><\/p>\n<p>&nbsp;<\/p>\n<\/div>\n<\/div>\n","protected":false},"excerpt":{"rendered":"<p>Miliard\u00e1\u0159i Bill Gates a Jeff Bezos v reakci na Neuralink Elona Muska investuj\u00ed do spole\u010dnosti&#8230;<\/p>\n","protected":false},"author":2,"featured_media":17087,"comment_status":"closed","ping_status":"closed","sticky":false,"template":"","format":"standard","meta":[],"categories":[6],"tags":[511,4091,286,4090,4092,2252],"_links":{"self":[{"href":"https:\/\/www.infokuryr.cz\/n\/wp-json\/wp\/v2\/posts\/20033"}],"collection":[{"href":"https:\/\/www.infokuryr.cz\/n\/wp-json\/wp\/v2\/posts"}],"about":[{"href":"https:\/\/www.infokuryr.cz\/n\/wp-json\/wp\/v2\/types\/post"}],"author":[{"embeddable":true,"href":"https:\/\/www.infokuryr.cz\/n\/wp-json\/wp\/v2\/users\/2"}],"replies":[{"embeddable":true,"href":"https:\/\/www.infokuryr.cz\/n\/wp-json\/wp\/v2\/comments?post=20033"}],"version-history":[{"count":0,"href":"https:\/\/www.infokuryr.cz\/n\/wp-json\/wp\/v2\/posts\/20033\/revisions"}],"wp:featuredmedia":[{"embeddable":true,"href":"https:\/\/www.infokuryr.cz\/n\/wp-json\/wp\/v2\/media\/17087"}],"wp:attachment":[{"href":"https:\/\/www.infokuryr.cz\/n\/wp-json\/wp\/v2\/media?parent=20033"}],"wp:term":[{"taxonomy":"category","embeddable":true,"href":"https:\/\/www.infokuryr.cz\/n\/wp-json\/wp\/v2\/categories?post=20033"},{"taxonomy":"post_tag","embeddable":true,"href":"https:\/\/www.infokuryr.cz\/n\/wp-json\/wp\/v2\/tags?post=20033"}],"curies":[{"name":"wp","href":"https:\/\/api.w.org\/{rel}","templated":true}]}}