{"id":20010,"date":"2022-12-20T05:17:19","date_gmt":"2022-12-20T04:17:19","guid":{"rendered":"http:\/\/www.infokuryr.cz\/n\/?p=20010"},"modified":"2022-12-20T05:17:19","modified_gmt":"2022-12-20T04:17:19","slug":"putin-a-us-bankeri-se-dnes-v-noci-spolecne-vysmali-petru-fialovi-a-bruselu-za-jejich-politiku","status":"publish","type":"post","link":"https:\/\/www.infokuryr.cz\/n\/2022\/12\/20\/putin-a-us-bankeri-se-dnes-v-noci-spolecne-vysmali-petru-fialovi-a-bruselu-za-jejich-politiku\/","title":{"rendered":"Putin a US bank\u00e9\u0159i se dnes v noci spole\u010dn\u011b vysm\u00e1li Petru Fialovi a Bruselu za jejich politiku!"},"content":{"rendered":"<div id=\"fb-root\"><\/div>\n<p>N\u00e1ramn\u00e1 legrace vypukla dnes v noci z 19. na 20. prosince \u2013 US bank\u00e9\u0159i a burzi\u00e1ni na\u0161li spole\u010dnou \u0159e\u010d s Vladim\u00edrem Putinem, a ter\u010dem jejich no\u010dn\u00edho posm\u011bchu se stal p\u0159edseda \u010desk\u00e9 vl\u00e1dy Petr Fiala a Bruselsk\u00e1 komise EU! Ale vezm\u011bme to popo\u0159\u00e1dku.\u00a0Co se vlastn\u011b stalo?<\/p>\n<ol>\n<li>Nejprve \u010desk\u00fd vl\u00e1dce a rotuj\u00edc\u00ed p\u0159edseda EU\u00a0<a href=\"https:\/\/twitter.com\/P_Fiala\/status\/1604867958739980288\">Petr Fiala v 16.55 zve\u0159ejnil na sv\u00e9m Twitteru tento text<\/a>:<em>\u00a0Velk\u00fd \u00fasp\u011bch v posledn\u00edch dnech!<\/em>\u00a0<em>Vyjednali jsme zastropov\u00e1n\u00ed cen plynu. Poda\u0159ilo se tak dos\u00e1hnout velmi d\u016fle\u017eit\u00e9 dohody, kter\u00e1 zajist\u00ed dostupn\u00e9 energie evropsk\u00fdm dom\u00e1cnostem a firm\u00e1m!\u00a0<\/em>A chlubil se tak, \u010desk\u00fdm \u00fasp\u011bchem \u2013 v\u010derej\u0161\u00ed bruselskou dohodou, kter\u00e1 stanovila strop ceny plynu v EU na 180 EUR za MWh.\u00a0<a href=\"https:\/\/www.aljazeera.com\/news\/2022\/12\/19\/eu-countries-agree-gas-price-cap-to-battle-energy-crisis\">Dokonce i Al-D\u017eaz\u00edra pravost textu dohody odk\u00e1zala na vyhl\u00e1\u0161en\u00ed \u010desk\u00e9ho p\u0159edsednictv\u00ed EU<\/a>.<\/li>\n<li>Aby se \u010desk\u00e9 ovce za\u010daly hromadn\u011b radovat jak\u00e9ho maj\u00ed geni\u00e1ln\u00edho vl\u00e1dce, a nevolily Bure\u0161e prezidentem, spustil rand\u00e1l, kr\u00e1tce p\u0159ed 20. hodinou, provin\u010dn\u00ed bank\u00e9\u0159 a ministr fialov\u00e9 kumpanie S\u00edkela, a\u00a0<a href=\"https:\/\/twitter.com\/JozefSikela\/status\/1604915887919796225\">s odkazem na dosa\u017eenou dohodu o stropu cen plynu \u010cech\u016fm vytroubil<\/a>:\u00a0\u00a0<em><span class=\"css-901oao css-16my406 r-poiln3 r-bcqeeo r-qvutc0\">Tak n\u011bjak jsme v\u0161ichni v\u011bd\u011bli, \u017ee ta nejv\u011bt\u0161\u00ed pochvala za tu obrovskou a \u00fa\u017easnou pr\u00e1ci, kterou \u010cesk\u00e9 p\u0159edsednictv\u00ed\u00a0<\/span><\/em><span class=\"css-901oao css-16my406 r-poiln3 r-bcqeeo r-qvutc0\"><em>odvedlo, p\u0159ijde pr\u00e1v\u011b z t\u011bchto dvou zdroj\u016f. Ot\u00e1zka byla asi jen, kdo bude prvn\u00ed a oni se trefili skoro na minutu p\u0159esn\u011b<\/em>. A doplnil sv\u016fj bonmot, t\u011bmito dv\u011bma obr\u00e1zky,\n<p>aby nikdo nebyl na pochyb\u00e1ch, co t\u00edm myslel:\u00a0<\/span>\u00a0 \u00a0 \u00a0 \u00a0 \u00a0 \u00a0 \u00a0\u00a0<img decoding=\"async\" loading=\"lazy\" class=\"alignnone size-full wp-image-2383\" src=\"https:\/\/www.michalapetr.com\/wp-content\/uploads\/2022\/12\/FkXOfeHWYAE1vtS.jpg\" sizes=\"(max-width: 679px) 100vw, 679px\" srcset=\"https:\/\/www.michalapetr.com\/wp-content\/uploads\/2022\/12\/FkXOfeHWYAE1vtS.jpg 679w, https:\/\/www.michalapetr.com\/wp-content\/uploads\/2022\/12\/FkXOfeHWYAE1vtS-300x174.jpg 300w, https:\/\/www.michalapetr.com\/wp-content\/uploads\/2022\/12\/FkXOfeHWYAE1vtS-450x260.jpg 450w\" alt=\"\" width=\"679\" height=\"393\" \/><img decoding=\"async\" loading=\"lazy\" class=\"size-full wp-image-2384 aligncenter\" src=\"https:\/\/www.michalapetr.com\/wp-content\/uploads\/2022\/12\/FkXOfd_XoAAF-a-.jpg\" sizes=\"(max-width: 360px) 100vw, 360px\" srcset=\"https:\/\/www.michalapetr.com\/wp-content\/uploads\/2022\/12\/FkXOfd_XoAAF-a-.jpg 360w, https:\/\/www.michalapetr.com\/wp-content\/uploads\/2022\/12\/FkXOfd_XoAAF-a--300x269.jpg 300w\" alt=\"\" width=\"360\" height=\"323\" \/>3.Ministr S\u00edkela sv\u00fdm vyhl\u00e1\u0161en\u00edm ve 20 hodin dokonale potvrdil, \u017ee je opravdu provin\u010dn\u00ed bank\u00e9\u0159, kter\u00fd absolutn\u011b nech\u00e1pe, co se ve sv\u011bt\u011b financ\u00ed d\u011bje; a \u010cT se op\u011bt uk\u00e1zala jen jako hl\u00e1sn\u00e1 trouba pra\u017esk\u00e9 kav\u00e1rny, kter\u00e1 jin\u00e9 n\u00e1zory, dokonce i z USA!, ovc\u00edm rad\u011bji taj\u00ed. Proto\u017ee Putin sice v 18.55 nechal vyhl\u00e1sit z Kremlu, \u017ee :<a href=\"https:\/\/www.xtb.com\/en\/market-analysis\/eu-energy-commissioner-eu-can-suspend-gas-cap-if-regulators-show-risks-outweigh-benefits\">\u00a0<em>Strop cen plynu v EU je nep\u0159ijateln\u00fdm \u00fatokem na ceny komodit na voln\u00e9m trhu<\/em>.<\/a>\u00a0 Jen\u017ee sou\u010dasn\u011b s n\u00edm v 18.55 tak\u00e9 z Atlanty v USA nechali vyhl\u00e1sit majitel\u00e9 newyorsk\u00e9 burzy, podtrhuji,\u00a0<a href=\"https:\/\/en.wikipedia.org\/wiki\/Intercontinental_Exchange\">majitel\u00e9 n\u011bkolika nejv\u011bt\u0161\u00edch burz sv\u011bta<\/a>, abych byl p\u0159esn\u00fd:\u00a0<em><a href=\"https:\/\/www.xtb.com\/en\/market-analysis\/eu-energy-commissioner-eu-can-suspend-gas-cap-if-regulators-show-risks-outweigh-benefits\">Strop cen plynu v EU ohro\u017euje finan\u010dn\u00ed stabilitu<\/a>!\u00a0<\/em><\/li>\n<\/ol>\n<p>To co se jev\u00ed jako bezmezn\u00e1 legrace, \u017ee Putin i Globalist\u00e9 z USA na\u0161li najednou spole\u010dnou \u0159e\u010d proti Bruselu a \u010desk\u00e9 fialov\u00e9 kumpanii, je tvrd\u00e1 realita, se kterou neud\u011bl\u00e1 nic ani vzorn\u00fd \u010dten\u00e1\u0159 Clause Schwaba z Davosu, exministr Havl\u00ed\u010dek! Jeho v\u00fdpo\u010dty jsou sice spr\u00e1vn\u00e9, a ukazuj\u00ed, co za mant\u00e1ky n\u00e1m vl\u00e1dne, ale ne\u0159\u00edk\u00e1 \u00faplnou pravdu, a ta je prost\u00e1, a my si ji vysv\u011btl\u00edme:<\/p>\n<p><a href=\"https:\/\/www.michalapetr.com\/map-1542-jak-dlouho-potrva-drahota-gargamelova-prognoza-na-rok-2023-tu-od-fialy-a-jeho-radcu-neuslysite\/\">Jak jsme ozn\u00e1mili v MAP 1542<\/a>, v USA d\u00edky t\u011bm nejchyt\u0159ej\u0161\u00edm profesor\u016fm ekonomie u\u017e v\u011bd\u00ed, \u017ee plynu bude p\u0159\u00ed\u0161t\u00ed rok m\u00e1lo (Chellaney), a \u017ee evropsk\u00e9 banky jsou slab\u00e9, a nemus\u00ed v\u0161echny vydr\u017eet nyn\u011bj\u0161\u00ed energetickou krizi (Admatiov\u00e1). A tak ch\u00e1pou, stejn\u011b jako N\u011bmecko a Nizozemsko, \u017ee p\u0159\u00ed\u0161t\u00ed rok z\u00edskaj\u00ed dostatek plynu na sez\u00f3nu 23\/24 v EU pouze ty nejsiln\u011bj\u0161\u00ed evropsk\u00e9 ekonomiky, pokud se v\u010das neuzav\u0159e m\u00edr s Ruskem.<\/p>\n<p><a href=\"https:\/\/www.politico.eu\/article\/russia-ukraine-war-eu-robert-habeck-energy-ministersagrees-on-gas-price-cap-skeptics-denounce-energy\/\">N\u011bmecko, Nizozemsko a dal\u0161\u00ed bohat\u00e9 st\u00e1ty maj\u00ed v\u011bt\u0161\u00ed strach<\/a>\u00a0z toho,\u00a0<a href=\"https:\/\/www.aljazeera.com\/news\/2022\/12\/19\/eu-countries-agree-gas-price-cap-to-battle-energy-crisis\">\u017ee fialov\u00fd strop ceny odrad\u00ed n\u011bkter\u00e9 dodavatele plynu do Evropy<\/a>, a plynu tak bude p\u0159\u00ed\u0161t\u00ed rok m\u00e1lo, a nebude sta\u010dit, aby si bohat\u00e9 zem\u011b doplnily z\u00e1sobn\u00edky na zimu. Tyto zem\u011b jsou bohat\u00e9, nezadlu\u017een\u00e9, a mohou tak i n\u011bkolik let dotovat ceny plynu pro sv\u016fj pr\u016fmysl i ob\u010dany, a p\u0159e\u010dkat dobu, ne\u017e se vytvo\u0159\u00ed nov\u00e9 energetick\u00e9 kapacity, a nebo t\u011b\u017en\u00ed a transportn\u00ed syst\u00e9my pro plyn. Proti nim stoj\u00ed chud\u00e9 st\u00e1ty \u2013 It\u00e1lie, \u0158ecko, \u0160pan\u011blsko a dal\u0161\u00ed, kter\u00e9 jsou chud\u00e9 a zadlu\u017een\u00e9. Jejich vl\u00e1dy v\u011bd\u00ed, \u017ee dotovat ceny plynu, stejn\u011b jako to d\u011bl\u00e1 Fiala v \u010cesku, t\u00edm \u017ee ze st\u00e1tn\u00ed kasy dopl\u00e1cej\u00ed cenu plynu jeho dodavatel\u016fm za pr\u016fmysl i za ob\u010dany, mohou tak nanejv\u00fd\u0161 letos, a potom zbankrotuj\u00ed. Proto tyto st\u00e1ty nutn\u011b pot\u0159ebuj\u00ed v\u010dera vyjednan\u00fd strop ceny plynu.<\/p>\n<p>Havl\u00ed\u010dek se sice sm\u011bje, \u017ee je v\u010derej\u0161\u00ed strop 180 EUR za MWh o 80% vy\u0161\u0161\u00ed, ne\u017e je aktu\u00e1ln\u00ed \u010desk\u00e1 cena. Ale ne\u0159\u00edk\u00e1, pro\u010d tomu tak je. Odpov\u011b\u010f je prost\u00e1 \u2013 opat\u0159en\u00ed je proti N\u011bmc\u016fm, Holan\u010fan\u016fm, Raku\u0161an\u016fm, D\u00e1n\u016fm a dal\u0161\u00edm bohat\u00fdm zem\u00edm EU, kter\u00e9 tak p\u0159\u00ed\u0161t\u00ed rok, a\u017e bude plynu m\u00e1lo, nebudou moci vyst\u0159elit ceny plynu na burze tak vysoko, aby si nedostatkov\u00fd plyn mohly nakoupit jen sami pro sebe, sv\u016fj pr\u016fmysl i ob\u010dany!<\/p>\n<p>Brusel a Fiala tak zvolili polovi\u010dat\u00e9 \u0159e\u0161en\u00ed, a\u017e bude p\u0159\u00ed\u0161t\u00ed rok p\u0159i pln\u011bn\u00ed z\u00e1sobn\u00edk\u016f plynu m\u00e1lo, nikdo si d\u00edky stropu ceny 180EUR neud\u011bl\u00e1 100% zimn\u00ed z\u00e1sobu. Nav\u00edc, d\u00edky stropu ceny p\u0159ekupn\u00edci ani burzi\u00e1ni nebudou hn\u00e1t lod\u011b s LNG plynem p\u0159es cel\u00fd sv\u011bt, aby z\u00e1sobovaly EU, proto\u017ee si nevyd\u011blaj\u00ed, a proto\u017ee \u00faroky na p\u016fj\u010dky jsou nyn\u00ed d\u00edky politice Washingtonu i Bruselu drah\u00e9, nikdo nebude riskovat a p\u016fj\u010dovat si stovky miliard, aby rychle postavil nov\u00e9 t\u011b\u017en\u00ed v\u011b\u017ee na plyn, a d\u00edky rychl\u00fdm dod\u00e1vk\u00e1m plynu do EU a vysok\u00fdm cen\u00e1m v\u010das splatil dluh i s \u00faroky.<\/p>\n<p>V\u00fdsledkem v\u010derej\u0161\u00edho fialov\u00e9ho zastropov\u00e1n\u00ed cen plynu tak z\u0159ejm\u011b bude je\u0161t\u011b v\u011bt\u0161\u00ed nedostatek plynu v EU p\u0159\u00ed\u0161t\u00ed rok. A kdy\u017e nebude plynu, zav\u0159ou se tov\u00e1rny. A majitel\u00e9 burzy, spole\u010dnost ICE z Atlanty zchudne. Prost\u00e1 logika, kter\u00e1 donutila bank\u00e9\u0159e z USA, \u0159\u00edkat to sam\u00e9, co Putin. Ostatn\u011b Brahma Chellaney to vyj\u00e1d\u0159il lapid\u00e1rn\u011b \u2013 EU mus\u00ed okam\u017eit\u011b obnovit dod\u00e1vky rusk\u00e9ho plynu, jin\u00e9 cesty nen\u00ed! (<a href=\"https:\/\/www.michalapetr.com\/map-1542-jak-dlouho-potrva-drahota-gargamelova-prognoza-na-rok-2023-tu-od-fialy-a-jeho-radcu-neuslysite\/\">Podrobn\u011b v MAP 1542<\/a>)<\/p>\n<p>Pro toho kdo by st\u00e1le nepochopil, \u017ee ne letos, ale p\u0159\u00ed\u0161t\u00ed rok, bude plynu m\u00e1lo, zde je stav z\u00e1sobn\u00edk\u016f plynu. Letos byly napln\u011bny d\u00edky rusk\u00fdm letn\u00edm dod\u00e1vk\u00e1m a d\u00edky lo\u0148sk\u00e9 m\u00edrn\u00e9 zim\u011b. Ob\u011b v\u00fdhody se pro sez\u00f3ny 22\/23 a 23\/24 u\u017e neo\u010dek\u00e1vaj\u00ed! Jedin\u00e1 \u0161ance je poslat Fialu a jeho provin\u010dn\u00ed r\u00e1dce rychle do politick\u00e9ho d\u016fchodu, a osazenstvo \u010cT jim p\u0159ibalit do kufru.<\/p>\n<p><img decoding=\"async\" loading=\"lazy\" class=\" wp-image-2386 aligncenter\" src=\"https:\/\/www.michalapetr.com\/wp-content\/uploads\/2022\/12\/INTERACTIVE-Gas-storage-in-Europe.jpg\" sizes=\"(max-width: 770px) 100vw, 770px\" srcset=\"https:\/\/www.michalapetr.com\/wp-content\/uploads\/2022\/12\/INTERACTIVE-Gas-storage-in-Europe.jpg 770w, https:\/\/www.michalapetr.com\/wp-content\/uploads\/2022\/12\/INTERACTIVE-Gas-storage-in-Europe-300x300.jpg 300w, https:\/\/www.michalapetr.com\/wp-content\/uploads\/2022\/12\/INTERACTIVE-Gas-storage-in-Europe-80x80.jpg 80w, https:\/\/www.michalapetr.com\/wp-content\/uploads\/2022\/12\/INTERACTIVE-Gas-storage-in-Europe-768x769.jpg 768w, https:\/\/www.michalapetr.com\/wp-content\/uploads\/2022\/12\/INTERACTIVE-Gas-storage-in-Europe-36x36.jpg 36w, https:\/\/www.michalapetr.com\/wp-content\/uploads\/2022\/12\/INTERACTIVE-Gas-storage-in-Europe-180x180.jpg 180w, https:\/\/www.michalapetr.com\/wp-content\/uploads\/2022\/12\/INTERACTIVE-Gas-storage-in-Europe-705x705.jpg 705w, https:\/\/www.michalapetr.com\/wp-content\/uploads\/2022\/12\/INTERACTIVE-Gas-storage-in-Europe-120x120.jpg 120w, https:\/\/www.michalapetr.com\/wp-content\/uploads\/2022\/12\/INTERACTIVE-Gas-storage-in-Europe-450x451.jpg 450w\" alt=\"\" width=\"645\" height=\"646\" \/><\/p>\n<p>V anal\u00fdze 1544, jsme nov\u011b citovali \u0161\u00e9fa banky potravin pro chud\u00e9 N\u011bmce Marco Modrowa, kter\u00fd si zt\u011b\u017eoval na chud\u00e9 Ukrajince v drah\u00fdch SUV plat\u00edc\u00ed jen 100 EUR bankovkami, kte\u0159\u00ed po\u0159\u00e1daj\u00ed n\u00e1jezdy na v\u00fddejny banky levn\u00fdch potravin, a do\u017eaduj\u00ed se v nich kavi\u00e1ru a drah\u00fdch s\u00fdr\u016f, a napadaj\u00ed dobrovoln\u00edky, kte\u0159\u00ed ve v\u00fddejn\u00e1ch pracuj\u00ed. (Viz\u00a0<a href=\"https:\/\/www.mdr.de\/nachrichten\/thueringen\/mitte-thueringen\/weimar\/tafel-fluechtlinge-ukraine-100.html\">Odkaz 1<\/a>, a\u00a0<a href=\"https:\/\/www.tag24.de\/nachrichten\/regionales\/thueringen\/mdr-weimar-ukrainer-bei-der-tafel-kaviar-2616530\">Odkaz 2<\/a>) D\u00e1le jsme zve\u0159ejnili \u00fadaje,\u00a0<a href=\"https:\/\/rmx.news\/germany\/half-of-ukrainian-refugees-in-germany-have-no-plans-to-return-home\/\">\u017ee se Ukrajinci necht\u011bj\u00ed vr\u00e1tit z N\u011bmecka na Ukrajinu<\/a>. a \u017ee tak nebude m\u00edt, kdo spl\u00e1cet ukrajinsk\u00e9 dluhy, za kter\u00e9 se Fila zaru\u010dil \u010desk\u00fdm st\u00e1tn\u00edm majetkem! A v\u00fdpo\u010det Jind\u0159icha Rajchla, \u017ee\u00a0<a href=\"https:\/\/www.parlamentnilisty.cz\/arena\/monitor\/-To-bude-rodeo-Od-5-unora-a-pak-na-jare-Rajchl-sepsal-Titanic-Cesko-723828\">\u010cesko d\u00edky Fialovu stropu na plyn a elekt\u0159inu nevyhnuteln\u011b zkrachuje<\/a>. Zbytek anal\u00fdzy jsou star\u0161\u00ed nenamluven\u00e9 \u010dl\u00e1nky MAP.<\/p>\n<p>Rajchl\u016fv v\u00fdpo\u010det krachu \u010ceska je z\u00e1rove\u0148 odpov\u011bd\u00ed pro\u010d Fiala prosadil strop ceny 180EUR v Bruselu \u2013 aby se udr\u017eel u vl\u00e1dy, nesm\u00ed \u010cesko rychle zbankrotovat, proto\u017ee by ho lid\u00e9 rychle vyhnali. M\u00edsto rychl\u00e9ho krachu, kter\u00fd se d\u00e1 odvr\u00e1tit okam\u017eit\u00fdm m\u00edrem s Ruskem, Fiala rad\u011bji dlouhodob\u00fd \u00fapadek, a obrovsk\u00fd krach, kter\u00fd se bude napravovat roky. V \u010dem je rozd\u00edl? V d\u00e9lce doby, kdy se cel\u00e1 fialov\u00e1 kumpanie udr\u017e\u00ed u moci, a na dob\u0159e honorovan\u00fdch prebend\u00e1ch! V Bruselu vsadili na to sam\u00e9.<\/p>\n<p><a href=\"https:\/\/www.michalapetr.com\/map-1545-putin-a-us-bankeri-se-dnes-v-noci-spolecne-vysmali-petru-fialovi-a-bruselu-za-jejich-politiku\/\">Michael Svato\u0161<\/a><\/p>\n<p><img decoding=\"async\" loading=\"lazy\" class=\"wp-image-19187 aligncenter\" src=\"http:\/\/www.infokuryr.cz\/n\/wp-content\/uploads\/2022\/12\/1-PRO-300x36.jpg\" alt=\"\" width=\"1267\" height=\"152\" srcset=\"https:\/\/www.infokuryr.cz\/n\/wp-content\/uploads\/2022\/12\/1-PRO-300x36.jpg 300w, https:\/\/www.infokuryr.cz\/n\/wp-content\/uploads\/2022\/12\/1-PRO.jpg 699w\" sizes=\"(max-width: 1267px) 100vw, 1267px\" \/><\/p>\n<p>&nbsp;<\/p>\n","protected":false},"excerpt":{"rendered":"<p>N\u00e1ramn\u00e1 legrace vypukla dnes v noci z 19. na 20. prosince \u2013 US bank\u00e9\u0159i a&#8230;<\/p>\n","protected":false},"author":2,"featured_media":8802,"comment_status":"closed","ping_status":"closed","sticky":false,"template":"","format":"standard","meta":[],"categories":[6],"tags":[503,41,371,1008,102,125],"_links":{"self":[{"href":"https:\/\/www.infokuryr.cz\/n\/wp-json\/wp\/v2\/posts\/20010"}],"collection":[{"href":"https:\/\/www.infokuryr.cz\/n\/wp-json\/wp\/v2\/posts"}],"about":[{"href":"https:\/\/www.infokuryr.cz\/n\/wp-json\/wp\/v2\/types\/post"}],"author":[{"embeddable":true,"href":"https:\/\/www.infokuryr.cz\/n\/wp-json\/wp\/v2\/users\/2"}],"replies":[{"embeddable":true,"href":"https:\/\/www.infokuryr.cz\/n\/wp-json\/wp\/v2\/comments?post=20010"}],"version-history":[{"count":0,"href":"https:\/\/www.infokuryr.cz\/n\/wp-json\/wp\/v2\/posts\/20010\/revisions"}],"wp:featuredmedia":[{"embeddable":true,"href":"https:\/\/www.infokuryr.cz\/n\/wp-json\/wp\/v2\/media\/8802"}],"wp:attachment":[{"href":"https:\/\/www.infokuryr.cz\/n\/wp-json\/wp\/v2\/media?parent=20010"}],"wp:term":[{"taxonomy":"category","embeddable":true,"href":"https:\/\/www.infokuryr.cz\/n\/wp-json\/wp\/v2\/categories?post=20010"},{"taxonomy":"post_tag","embeddable":true,"href":"https:\/\/www.infokuryr.cz\/n\/wp-json\/wp\/v2\/tags?post=20010"}],"curies":[{"name":"wp","href":"https:\/\/api.w.org\/{rel}","templated":true}]}}