{"id":2001,"date":"2021-05-26T02:53:40","date_gmt":"2021-05-26T00:53:40","guid":{"rendered":"http:\/\/www.infokuryr.cz\/n\/?p=2001"},"modified":"2021-05-26T02:53:40","modified_gmt":"2021-05-26T00:53:40","slug":"zeleni-v-nemecku-chteji-dat-volebni-pravo-i-detem","status":"publish","type":"post","link":"https:\/\/www.infokuryr.cz\/n\/2021\/05\/26\/zeleni-v-nemecku-chteji-dat-volebni-pravo-i-detem\/","title":{"rendered":"Zelen\u00ed v N\u011bmecku cht\u011bj\u00ed d\u00e1t volebn\u00ed pr\u00e1vo i d\u011btem"},"content":{"rendered":"<div id=\"fb-root\"><\/div>\n<p>Zastupitelsk\u00e1 demokracie za\u010d\u00edn\u00e1 dost\u00e1vat st\u00e1le bizarn\u011bj\u0161\u00ed podobu.\u00a0<strong>V sousedn\u00edm N\u011bmecku mlad\u00ed Zelen\u00ed\u00a0<a href=\"https:\/\/jungefreiheit.de\/politik\/deutschland\/2021\/gruene-jugend-will-kindern-wahlrecht-geben\/\">po\u017eaduj\u00ed umo\u017en\u011bn\u00ed hlasovat ve volb\u00e1ch i d\u011btem bez omezen\u00ed v\u011bku<\/a>. Pr\u00e1vo volit by pr\u00fd m\u011bl m\u00edt ka\u017ed\u00fd, kdo o to projev\u00ed z\u00e1jem. Neumo\u017enit d\u011btem volit je pr\u00fd diskriminace<\/strong>. C\u00edl je pochopiteln\u00fd. D\u011bti se daj\u00ed snadno manipulovat a s jejich hlasy se d\u00e1 nejl\u00e9pe \u0161vindlovat. Projekt volebn\u00ed \u00fa\u010dasti d\u011bt\u00ed je ji\u017e \u0159adu let p\u0159ipravov\u00e1n neziskovkami placen\u00fdmi glob\u00e1ln\u00ed finan\u010dn\u00ed elitou, kter\u00e9 po\u0159\u00e1daj\u00ed \u201cvolby\u201d na \u0161kol\u00e1ch.\u00a0<strong>Jist\u011b n\u00e1hodou v\u017edy v t\u011bch volb\u00e1ch \u201cv\u00edt\u011bz\u00ed\u201d radik\u00e1ln\u00ed neomarxistick\u00e9 strany.<\/strong><\/p>\n<p>Nejedn\u00e1 se o novou ideu,\u00a0<strong>podobn\u00e9 \u201cd\u011btsk\u00e9\u201d iniciativy jsou zn\u00e1m\u00e9 ji\u017e ze st\u0159edov\u011bku, kde dokonce prob\u011bhlo n\u011bkolik \u201cd\u011btsk\u00fdch\u201d k\u0159i\u017e\u00e1ck\u00fdch v\u00fdpra<\/strong>v. Tedy \u0161lo o verbov\u00e1n\u00ed naivn\u00edch d\u011bt\u00ed k v\u00e1lce o Krist\u016fv hrob, kter\u00e9 byly n\u00e1sledn\u011b prod\u00e1ny \u201cnek\u0159es\u0165ansk\u00fdmi obchodn\u00edky s lidmi\u201d do otroctv\u00ed.<\/p>\n<p><strong>Zastupitelsk\u00e1 demokracie je ve sv\u00e9m smrteln\u00e9m ta\u017een\u00ed a rozumn\u00e9 n\u00e1rody by ji\u017e m\u011bly v\u00e1\u017en\u011b p\u0159em\u00fd\u0161let nad alternativou<\/strong>. Jinak je \u010dek\u00e1 cizinci \u0159\u00edzen\u00e1 totalitn\u00ed demokracie, kde volby budou p\u0159edem rozhodnuty a ve\u0161ker\u00e1 totalitn\u00ed opat\u0159en\u00ed \u201cbudou m\u00edt legitimitu voli\u010d\u201d z voleb\u201d (\u0159\u00e1dn\u011b na\u0161vindlovan\u00fdch), co\u017e se ale d\u011bje ji\u017e posledn\u00edch nejm\u00e9n\u011b 10 let.<\/p>\n<p><a href=\"https:\/\/ceskavec.com\/2021\/05\/zeleni-v-nemecku-chteji-dat-volebni-pravo-i-detem\">Milan v N\u011bmecku<\/a><\/p>\n<p>&nbsp;<\/p>\n","protected":false},"excerpt":{"rendered":"<p>Zastupitelsk\u00e1 demokracie za\u010d\u00edn\u00e1 dost\u00e1vat st\u00e1le bizarn\u011bj\u0161\u00ed podobu.\u00a0V sousedn\u00edm N\u011bmecku mlad\u00ed Zelen\u00ed\u00a0po\u017eaduj\u00ed umo\u017en\u011bn\u00ed hlasovat ve volb\u00e1ch&#8230;<\/p>\n","protected":false},"author":2,"featured_media":2002,"comment_status":"closed","ping_status":"closed","sticky":false,"template":"","format":"standard","meta":[],"categories":[7],"tags":[245,84,27],"_links":{"self":[{"href":"https:\/\/www.infokuryr.cz\/n\/wp-json\/wp\/v2\/posts\/2001"}],"collection":[{"href":"https:\/\/www.infokuryr.cz\/n\/wp-json\/wp\/v2\/posts"}],"about":[{"href":"https:\/\/www.infokuryr.cz\/n\/wp-json\/wp\/v2\/types\/post"}],"author":[{"embeddable":true,"href":"https:\/\/www.infokuryr.cz\/n\/wp-json\/wp\/v2\/users\/2"}],"replies":[{"embeddable":true,"href":"https:\/\/www.infokuryr.cz\/n\/wp-json\/wp\/v2\/comments?post=2001"}],"version-history":[{"count":0,"href":"https:\/\/www.infokuryr.cz\/n\/wp-json\/wp\/v2\/posts\/2001\/revisions"}],"wp:featuredmedia":[{"embeddable":true,"href":"https:\/\/www.infokuryr.cz\/n\/wp-json\/wp\/v2\/media\/2002"}],"wp:attachment":[{"href":"https:\/\/www.infokuryr.cz\/n\/wp-json\/wp\/v2\/media?parent=2001"}],"wp:term":[{"taxonomy":"category","embeddable":true,"href":"https:\/\/www.infokuryr.cz\/n\/wp-json\/wp\/v2\/categories?post=2001"},{"taxonomy":"post_tag","embeddable":true,"href":"https:\/\/www.infokuryr.cz\/n\/wp-json\/wp\/v2\/tags?post=2001"}],"curies":[{"name":"wp","href":"https:\/\/api.w.org\/{rel}","templated":true}]}}