{"id":20008,"date":"2022-12-20T05:13:05","date_gmt":"2022-12-20T04:13:05","guid":{"rendered":"http:\/\/www.infokuryr.cz\/n\/?p=20008"},"modified":"2022-12-20T05:13:05","modified_gmt":"2022-12-20T04:13:05","slug":"jaroslav-sjednotil-ceske-vlastence","status":"publish","type":"post","link":"https:\/\/www.infokuryr.cz\/n\/2022\/12\/20\/jaroslav-sjednotil-ceske-vlastence\/","title":{"rendered":"Jaroslav sjednotil \u010desk\u00e9 vlastence"},"content":{"rendered":"<div id=\"fb-root\"><\/div>\n<div id=\"ArticleTop\">\n<h2>Akce D.O.S.T., Jakl, Koudelka Pilloni, Nos. I N\u00e1rodn\u00ed domobrana, Trikolora, ANS \u010di Manifest. Za Ba\u0161tou se formuje docela slu\u0161n\u00e1 s\u00edla. Bude to obrat p\u0159i z\u00e1chran\u011b na\u0161eho st\u00e1tu? Nad\u011bje neum\u00edr\u00e1<\/h2>\n<p class=\"clkPerex\"><strong><a class=\"clkAutor\" href=\"https:\/\/protiproud.info\/autor\/radek-pokorny-.htm\">RADEK POKORN\u00dd\u00a0<\/a>p\u0159in\u00e1\u0161\u00ed koment\u00e1\u0159 a video k dosud m\u00e1lo v\u00eddan\u00e9mu jevu &#8211; sjednocen\u00ed v\u00fdznamn\u00e9 \u010d\u00e1sti vlasteneck\u00e9 sc\u00e9ny p\u0159i podpo\u0159e kandidatury Jaroslava Ba\u0161ty na prezidenta republiky<\/strong><\/p>\n<\/div>\n<div id=\"Article\">\n<p>Za m\u011bs\u00edc touhle dobou u\u017e budeme zn\u00e1t jm\u00e9na dvou akt\u00e9r\u016f druh\u00e9ho kola prezidenstk\u00e9 volby. I kdy\u017e korpor\u00e1tn\u00ed m\u00e9dia trd\u00ed, \u017ee v\u00fdb\u011br je ji\u017e d\u00e1n a rozhodne se mezi troj\u00edc\u00ed Andrej Babi\u0161, Petr Pavel a Danu\u0161e Nerudov\u00e1, realita m\u016f\u017ee b\u00fdt zcela jin\u00e1. V\u0161echny agentury, p\u0159in\u00e1\u0161ej\u00ed tyto informace, toti\u017e z\u00e1rove\u0148 dod\u00e1vaj\u00ed, \u017ee nerozhodnut\u00fdch voli\u010d\u016f je dosud v\u00edce ne\u017e 30 procent. Pr\u00e1v\u011b to o by mohlo z\u00e1sadn\u00edm zp\u016fsobem zam\u00edchat kartami.<\/p>\n<h2>Jaroslav Ba\u0161ta sjednotil \u010desk\u00e9 vlastence<\/h2>\n<p>Pro vlasteneck\u00e9 voli\u010de, kte\u0159\u00ed odm\u00edtaj\u00ed pokra\u010dov\u00e1n\u00ed vl\u00e1dy n\u00e1rodn\u00ed zk\u00e1zy, v podstat\u011b\u00a0nen\u00ed jin\u00e1 volba ne\u017e Jaroslav Ba\u0161ta. Fialovci\u00a0nejen\u017ee o\u017eebra\u010duj\u00ed nev\u00eddan\u00fdm zp\u016fsobem \u010desk\u00e9 ob\u010dany a podle bruselsk\u00fdch not ni\u010d\u00ed na\u0161i ekonomiku ale hlavn\u011b d\u011blaj\u00ed v\u0161e pro to aby n\u00e1s zat\u00e1hli do v\u00e1lky s\u00a0Ruskem. Tohle v\u0161echno kandid\u00e1t SPD odm\u00edt\u00e1, a je p\u0159ipraven proti tomu zakro\u010dit. Ve st\u00e1le v\u011bt\u0161\u00ed m\u00ed\u0159e si touv\u011bdomuj\u00ed i vlasteneck\u00e9 politick\u00e9 strany, hnut\u00ed spolky, iniciativy a osobnosti, je\u017e se rozhodli Ba\u0161tovu kandidaturu otev\u0159en\u011b podpo\u0159it.<\/p>\n<p>Dosud nev\u00eddan\u00e1 jednota v\u0161ech, kte\u0159\u00ed na n\u00e1rodn\u00ed sc\u00e9n\u011b dlouhodob\u011b vystupuj\u00ed, se tento t\u00fdden zhmotnila ve spole\u010dn\u00e9m videu \u010desk\u00fdch vlastenc\u016f &#8222;Ba\u0161ta na Hrad!&#8220;, v n\u011bm\u017e p\u0159edstavitel\u00e9 n\u00e1rodn\u00ed sc\u00e9ny vyz\u00fdvaj\u00ed v\u0161echny vlastence, aby 13. ledna p\u0159i\u0161li k\u00a0volb\u00e1m a do urny vhodili hlas pro spole\u010dn\u00e9ho kandid\u00e1ta. Rozsah spektra kter\u00fd V\u00fdzva pokr\u00fdv\u00e1, se v\u00a0takto \u0161irok\u00e9 alianci sjednotila poprv\u00e9 od vzniku samostatn\u00e9 \u010cesk\u00e9 republiky.<\/p>\n<p>Krom\u011b z\u00e1stupc\u016f nejsiln\u011bj\u0161\u00edch vlasteneck\u00fdch stran jako je SPD \u010di Trikolora, m\u016f\u017eeme na spole\u010dn\u00e9m videu (iniciovala jej skupina Zachra\u0148me n\u00e1\u0161 st\u00e1t) spat\u0159it jak z\u00e1stupce konzervativn\u00ed Akce D.O.S.T. , Manifestu a Aliance n\u00e1rodn\u00edch sil (ANS), tak\u00a0 sp\u00ed\u0161e levicov\u011b orientovan\u00e9 spolky jako Kudy z\u00a0krize.<\/p>\n<h2>D.O.S.T., Jakl i Koudelka: Stoj\u00edme za Ba\u0161tou<\/h2>\n<p>\u201eM\u00e1m obecn\u011b \u00factu klidem, kte\u0159\u00ed jsou ochotni se vzd\u00e1t pro pravdu a spravedlnost sv\u00e9 kari\u00e9ry \u010di trp\u011bt jin\u00e1 p\u0159\u00edko\u0159\u00ed. Tak jako Jaroslav v\u00a0dob\u011b normalizace, kdy pro v\u011brnost hlasu sv\u00e9ho sv\u011bdom\u00ed str\u00e1vil tak\u0159ka, dva roky v\u00a0base. Tak dnes pluje m\u016fj kandid\u00e1t na prezidenta znovu proti proudu. Odvaha Jaroslavu Ba\u0161tovi rozhodn\u011b nechyb\u00ed. Je nejvy\u0161\u0161\u00ed \u010das za\u010d\u00edt si br\u00e1t na\u0161i zemi zp\u011bt do vlastn\u00edch rukou,\u201c \u0159\u00edk\u00e1 na podporu Jaroslava Ba\u0161ty krom\u011b jin\u00e9ho, m\u00edstop\u0159edseda Akce D.O.S.T. Michal Sem\u00edn.<\/p>\n<p>Hudebn\u00edk a publicista Ladislav Jakl se v tomto unik\u00e1tn\u00edm spole\u010dn\u00e9m videu sv\u011b\u0159uje: \u201eV\u00a0p\u0159edchoz\u00edch dvou prezidentsk\u00fdch volb\u00e1ch jsem u prvn\u00edho kola v\u016fbec nebyl, proto\u017ee jsem v\u00a0tom tablu kandid\u00e1t\u016f na prezidenta nena\u0161el nikoho, koho bych jako prezidenta cht\u011bl vid\u011bt. Tentokr\u00e1t ud\u011bl\u00e1m v\u00fdjimku, a p\u016fjdu u\u017e k\u00a0prvn\u00edmu kolu, proto\u017ee Jaroslav Ba\u0161ta je \u010dlov\u011bk, kv\u016fli kter\u00e9mu stoj\u00ed za to zvednut zadek a k\u00a0t\u00e9 volebn\u00ed urn\u011b doj\u00edt.\u201c<\/p>\n<p>V\u00a0podobn\u00e9m duchu se vyj\u00e1d\u0159il i v\u00fdznamn\u00fd \u00fastavn\u00ed pr\u00e1vn\u00edk Zden\u011bk Koudelka: \u201cPrezident republiky m\u016f\u017ee vyhl\u00e1sit mobilizaci i v\u00e1lku. Prezident republiky m\u016f\u017ee zabr\u00e1nit podpisu mezin\u00e1rodn\u00ed smlouvy, kter\u00e1 by p\u0159enesla na\u0161e pravomoci do Bruselu. Prezidentsk\u00e9 volby mohou rozhodnout o na\u0161em osudu. Jaroslav Ba\u0161ta m\u00e1 \u017eivotn\u00ed i politick\u00e9 zku\u0161enosti k\u00a0tomu, aby byl dobr\u00fdm prezidentem. Kdy\u017e se pod\u00edv\u00e1me na kandid\u00e1ty, tak je jedin\u00fdm mo\u017en\u00fdm kandid\u00e1tem. V\u0161ichni ostatn\u00ed budou posluhovat Evropsk\u00e9 unii, tak jak to dnes d\u011bl\u00e1 Petr Fiala. Jedin\u00fd, kdo je schopn\u00fd tomu v\u00a0tuto chv\u00edli zabr\u00e1nit, je Jaroslav Ba\u0161ta.\u201c<\/p>\n<h2>H\u00e1jek i Pilloni: M\u00e1me \u0161anci<\/h2>\n<p>Ba\u0161tovy zku\u0161enosti z diplomacie i politiky vyzdvihla ve sv\u00e9m p\u0159\u00edsp\u011bvku tak\u00e9 p\u0159edsedkyn\u011b Trikolory Zuzana Majerov\u00e1. \u0160\u00e9fredaktor Protiproudu Petr H\u00e1jek vyzval nepodvolenou \u010d\u00e1st ve\u0159ejnosti, aby se nenechala ovlivnit cinknut\u00fdmi pr\u016fzkumy ve\u0159ejn\u00e9ho m\u00edn\u011bn\u00ed a v prvn\u00edm kole Ba\u0161tu volila. \u201eJe omyl myslet si, \u017ee to prvn\u00ed kolo je dop\u0159edu d\u00e1no, nen\u00ed, ten milion propadl\u00fdch hlas\u016f n\u011bkde je, a kdyby jen polovina z\u00a0t\u011bchto voli\u010d\u016f p\u0159i\u0161la a vhodila hlas panu Ba\u0161tovi, tak zm\u011bn\u00edme celou situaci.\u201c<\/p>\n<p>Zn\u00e1m\u00e1 publicistka Monika Pilloni rovn\u011b\u017e vyz\u00fdv\u00e1 ve sv\u00e9m p\u0159\u00edsp\u011bvku na videu v\u0161echny \u010desk\u00e9 vlastence k\u00a0volb\u011b Jaroslava Ba\u0161ty, nebo\u0165 jak \u0159\u00edk\u00e1, jemu jedin\u00e9mu v\u011b\u0159\u00ed, \u017ee na\u0161i zemi nezat\u00e1hne do v\u00e1lky. Tak\u00e9 podle publicisty V\u00e1clava Hrab\u00e1ka je Ba\u0161ta jedin\u00fd z\u00a0kandid\u00e1t\u016f, kter\u00fd si up\u0159\u00edmn\u011b p\u0159eje m\u00edr mezi Ukrajinou a Ruskem. \u201eKdy\u017e se jako n\u00e1rod spoj\u00edme, v\u011b\u0159\u00edm, \u017ee m\u00e1me n\u00e1rok na v\u00edt\u011bzstv\u00ed. V\u011b\u0159\u00edm, \u017ee jm\u00e9no Jaroslav znamen\u00e1 \u017ee na ja\u0159e budeme oslavovat Ba\u0161tu na Hrad\u011b. Hudebn\u00edk a publicista Petr \u0160t\u011bp\u00e1nek, voli\u010d\u016fm vzk\u00e1zal, \u017ee je mu jedno jestli na Hrad\u011b bude sed\u011bt levi\u010d\u00e1k \u010di pravi\u010d\u00e1k, ale jde nyn\u00ed o to, aby byl \u010dlov\u011bk, kter\u00fd m\u00e1 charakter &#8211; a to podle n\u011bho spl\u0148uje z\u00a0dan\u00fdch kandid\u00e1t\u016f jen Jaroslav Ba\u0161ta.<\/p>\n<h2>Politick\u00e9 strany SPD, Trikolora , ANS a Manifest<\/h2>\n<p>Za jedin\u00e9ho vlasteneck\u00e9ho kandid\u00e1ta, ho ozna\u010dil i m\u00edstop\u0159edseda Aliance n\u00e1rodn\u00edch sil (ANS) Marek Adam, kter\u00fd jeho kandidaturu za ANS ve videu podpo\u0159il. Sejn\u011b tak p\u0159edseda Manisfestu David Tesa\u0159, kter\u00fd se sv\u011b\u0159il, \u017ee m\u00e1 s\u00a0Jaroslavem Ba\u0161tou osobn\u00ed zku\u0161enost. \u201eJsem p\u0159esv\u011bd\u010den, \u017ee pan Ba\u0161ta je n\u00e1rodovec, m\u00e1 \u010deskou zemi v\u00a0srdci a bude h\u00e1jit z\u00e1jmy ob\u010dan\u016f \u010cesk\u00e9 republiky.&#8220;<\/p>\n<p>Podporu vyj\u00e1d\u0159il i poslanec SPD Ji\u0159\u00ed Kobza, podle kter\u00e9ho je Ba\u0161tova volba jedinou mo\u017enost\u00ed, jak zabr\u00e1nit na\u0161emu zata\u017een\u00ed do v\u00e1lky. \u201cJe to uv\u00e1\u017eliv\u00fd politik, realista, a vlastenec velmi konzervativn\u00ed ve\u00a0sv\u00fdch n\u00e1zorech.&#8220;\u00a0 Jako hr\u00e1z proti Evropsk\u00e9 unii a ovl\u00e1dan\u00e9 neomarxismem vid\u00ed volbu Jaroslava Ba\u0161ty, tak\u00e9 filosof Ji\u0159\u00ed Fuchs: &#8222;Revolu\u010dn\u00ed programy EU jsou c\u00edlen\u011b rozvratnick\u00e9, a z\u00e1m\u011brn\u011b destruktivn\u00ed. Multikulturalismus rozb\u00edj\u00ed n\u00e1rodn\u00ed st\u00e1ty, genderov\u00fd feminismus ni\u010d\u00ed rodiny, politick\u00e1 korektnost dus\u00ed svobodu a Green Deal p\u0159in\u00e1\u0161\u00ed zb\u00edda\u010den\u00ed. Jedin\u00fdm prezidentsk\u00fdm kandid\u00e1tem, kter\u00fd t\u00e9to pohrom\u011b je schopen \u010delit, je Jaroslav Ba\u0161ta.<\/p>\n<\/div>\n<p>&nbsp;<\/p>\n<p><iframe loading=\"lazy\" title=\"N\u00e1rodn\u00ed sc\u00e9na podporuje Jaroslava Ba\u0161tu \u2013 Ba\u0161ta na Hrad!\" width=\"640\" height=\"360\" src=\"https:\/\/www.youtube.com\/embed\/g4YkK7rpczo?start=1&#038;feature=oembed\" frameborder=\"0\" allow=\"accelerometer; autoplay; clipboard-write; encrypted-media; gyroscope; picture-in-picture\" allowfullscreen><\/iframe><\/p>\n<p>&nbsp;<\/p>\n<div id=\"Article\">\n<h2>N\u00e1rodn\u00ed domobrana, Sk\u00e1la i Pepa Nos<\/h2>\n<p>Ba\u0161tovo m\u00edrov\u00e9 odhodl\u00e1n\u00ed vyzdvihl ve sv\u00e9m p\u0159\u00edsp\u011bvku velitel N\u00e1rodn\u00ed domobrany Marek Obrtel: \u201eNa\u0161e zem\u011b je zm\u00edt\u00e1na a zatahov\u00e1na do konfliktu NATO a Ruska ve prosp\u011bch nadn\u00e1rodn\u00edch globalistick\u00fdch struktur. Abychom tomu zabr\u00e1nili vyjad\u0159ujeme za N\u00e1rodn\u00ed domobranu plnou podporu Jaroslavu Ba\u0161tovi. M\u00edr je Ba\u0161ta,&#8220; zakon\u010dil s vtipem Obrtel. Vysoko\u0161kolsk\u00fd pedagog, podnikatel a \u010dlen veden\u00ed strany Soukromn\u00edk\u016f, Otto Jarol\u00edmek si na Ba\u0161tovi v\u00e1\u017e\u00ed p\u0159edev\u0161\u00edm jeho odvahy. \u201eJaroslav Ba\u0161ta je dobr\u00fdm kandid\u00e1tem je to odv\u00e1\u017en\u00fd \u010dlov\u011bk, kter\u00fd vzdoroval komunistick\u00e9mu re\u017eimu, a z\u00e1rove\u0148 m\u00e1 zku\u0161enosti z\u00a0politiky a diplomacie. V\u011b\u017e\u00edm, \u017ee by byl dobr\u00fdm prezidentem.\u201c<\/p>\n<p>Politolog Josef Sk\u00e1la ze\u00a0spolku Kudy z\u00a0krize ozna\u010dil Jaroslava Ba\u0161tu za jedin\u00e9ho autentick\u00e9ho odp\u016frce politiky Fialovy vl\u00e1dy, kter\u00e1 n\u00e1s dovedla do sou\u010dasn\u00e9ho katastrof\u00e1ln\u00edho stavu. \u201eJarda je nefal\u0161ovan\u00fd vlastenec. Um\u00ed se pr\u00e1t za\u00a0n\u00e1rodn\u00ed z\u00e1jmy na\u0161\u00ed zem\u011b, kter\u00e1 je nyn\u00ed v\u00a0ohro\u017een\u00ed.&#8220; Podporu vyj\u00e1d\u0159il i p\u00edsni\u010dk\u00e1\u0159 Pepa Nos, podle kter\u00e9ho je volba kter\u00e9hokoli ze zb\u00fdvaj\u00edc\u00edch kandid\u00e1t\u016f nebezpe\u010dn\u00e1. \u201eV\u0161echny ostatn\u00ed mo\u017enosti, krom\u011b Jaroslava Ba\u0161ty, n\u00e1s mohou p\u0159iv\u00e9st do katastrofy,\u201c je p\u0159esv\u011bd\u010den p\u00edsni\u010dk\u00e1\u0159sk\u00fd bard.<\/p>\n<p>Uvid\u00edme, zda toto ojedin\u011bl\u00e9 sjednocen\u00ed &#8222;prov\u011b\u0159en\u00fdch&#8220; nepodvoien\u00fdch p\u0159im\u011bje i ostatn\u00ed ke stejn\u00e9 \u00favaze a \u010dinu. Bylo by to sou\u010dasn\u011b skv\u011bl\u00fdm v\u00fdchodiskem k dal\u0161\u00edm existen\u010dn\u00edm boj\u016fm za na\u0161e rodiny a \u010desk\u00fd st\u00e1t, je\u017e n\u00e1s v bl\u00edzk\u00e9 dob\u011b \u010dekaj\u00ed.<\/p>\n<\/div>\n<p><a href=\"https:\/\/protiproud.info\/politika\/6898-jaroslav-sjednotil-ceske-vlastence-akce-dost-jakl-koudelka-pilloni-nos-i-narodni-domobrana-trikolora-ans-ci-manifest-za-bastou-se-formuje-docela-slusna-sila-bude-to-obrat-pri-zachrane-naseho-statu-nadeje-neumira.htm\">PROTIPROUD<\/a><\/p>\n<p><img decoding=\"async\" loading=\"lazy\" class=\"wp-image-19187 aligncenter\" src=\"http:\/\/www.infokuryr.cz\/n\/wp-content\/uploads\/2022\/12\/1-PRO-300x36.jpg\" alt=\"\" width=\"1242\" height=\"149\" srcset=\"https:\/\/www.infokuryr.cz\/n\/wp-content\/uploads\/2022\/12\/1-PRO-300x36.jpg 300w, https:\/\/www.infokuryr.cz\/n\/wp-content\/uploads\/2022\/12\/1-PRO.jpg 699w\" sizes=\"(max-width: 1242px) 100vw, 1242px\" \/><\/p>\n<p>&nbsp;<\/p>\n","protected":false},"excerpt":{"rendered":"<p>Akce D.O.S.T., Jakl, Koudelka Pilloni, Nos. I N\u00e1rodn\u00ed domobrana, Trikolora, ANS \u010di Manifest. Za Ba\u0161tou&#8230;<\/p>\n","protected":false},"author":2,"featured_media":20009,"comment_status":"closed","ping_status":"closed","sticky":false,"template":"","format":"standard","meta":[],"categories":[6],"tags":[1218,165,707,27],"_links":{"self":[{"href":"https:\/\/www.infokuryr.cz\/n\/wp-json\/wp\/v2\/posts\/20008"}],"collection":[{"href":"https:\/\/www.infokuryr.cz\/n\/wp-json\/wp\/v2\/posts"}],"about":[{"href":"https:\/\/www.infokuryr.cz\/n\/wp-json\/wp\/v2\/types\/post"}],"author":[{"embeddable":true,"href":"https:\/\/www.infokuryr.cz\/n\/wp-json\/wp\/v2\/users\/2"}],"replies":[{"embeddable":true,"href":"https:\/\/www.infokuryr.cz\/n\/wp-json\/wp\/v2\/comments?post=20008"}],"version-history":[{"count":0,"href":"https:\/\/www.infokuryr.cz\/n\/wp-json\/wp\/v2\/posts\/20008\/revisions"}],"wp:featuredmedia":[{"embeddable":true,"href":"https:\/\/www.infokuryr.cz\/n\/wp-json\/wp\/v2\/media\/20009"}],"wp:attachment":[{"href":"https:\/\/www.infokuryr.cz\/n\/wp-json\/wp\/v2\/media?parent=20008"}],"wp:term":[{"taxonomy":"category","embeddable":true,"href":"https:\/\/www.infokuryr.cz\/n\/wp-json\/wp\/v2\/categories?post=20008"},{"taxonomy":"post_tag","embeddable":true,"href":"https:\/\/www.infokuryr.cz\/n\/wp-json\/wp\/v2\/tags?post=20008"}],"curies":[{"name":"wp","href":"https:\/\/api.w.org\/{rel}","templated":true}]}}