{"id":20005,"date":"2022-12-20T04:50:39","date_gmt":"2022-12-20T03:50:39","guid":{"rendered":"http:\/\/www.infokuryr.cz\/n\/?p=20005"},"modified":"2022-12-20T04:50:39","modified_gmt":"2022-12-20T03:50:39","slug":"kro-vlastne-ridi-p-fialu","status":"publish","type":"post","link":"https:\/\/www.infokuryr.cz\/n\/2022\/12\/20\/kro-vlastne-ridi-p-fialu\/","title":{"rendered":"Kro vlastn\u011b \u0159\u00edd\u00ed P. Fialu?"},"content":{"rendered":"<div id=\"fb-root\"><\/div>\n<h2 class=\"entry-title\">Podivn\u00fd sbor premi\u00e9rov\u00fdch poradc\u016f, hlavn\u00ed roli hraje prominentn\u00ed \u017eidovsk\u00fd neziskovk\u00e1\u0159 doprov\u00e1zen\u00fd k\u0159ov\u00edm komick\u00fdch goj\u016f<\/h2>\n<p>Petr Fiala p\u016fsob\u00ed jako bezradn\u00e1 loutka, kter\u00e1 jen opakuje nau\u010den\u00e9 v\u011bty, kter\u00e9 mu do \u00fast vlo\u017eil n\u011bkdo jin\u00fd.<strong>\u00a0Kdo to byl? Je to n\u011bjak\u00fd \u0159\u00edd\u00edc\u00ed org\u00e1n ze ze zahrani\u010d\u00ed, kter\u00fd ho dosadil k moci, nebo jeho poradci?<\/strong><\/p>\n<p><strong>O zahrani\u010dn\u00edch protektorech dneska ps\u00e1t nebudu, nezn\u00e1m je jm\u00e9nem. Ale jeho t\u00fdm poradc\u016f zn\u00e1m je a je to zaj\u00edmav\u00e1 skupinka. Hlavn\u00edm poradcem pro ot\u00e1zky bezpe\u010dnosti a zahrani\u010dn\u00ed politiky (hlavn\u00edho pole p\u016fsobnosti P. Fialy) je jist\u00fd T. Pojar. Ten poch\u00e1z\u00ed z prominentn\u00ed \u017eidovsk\u00e9 rodiny a m\u00e1 velmi zaj\u00edmavou historii.\u00a0<\/strong>Vystudoval humanitn\u00ed FSV UK a pot\u00e9 to dot\u00e1hl na v\u00fdkonn\u00e9ho \u0159editele v globalistick\u00e9 neziskovce\u00a0<strong>\u010clov\u011bk v t\u00edsni. z t\u00e9 si rovnou odsko\u010dil na m\u00edsto n\u00e1m\u011bstka na ministerstvo zahrani\u010dn\u00edch v\u011bc\u00ed a pot\u00e9 se stal velvyslancem v Izraeli, po n\u00e1vratu p\u016fsobil jako prorektor na CEVRO a nyn\u00ed jako poradce premi\u00e9ra<\/strong>\u00a0a guruem pron\u00e1rodn\u00ed bezpe\u010dnost. Pojar\u00a0<strong>je zn\u00e1m sv\u00fdmi pro\u017eidovsk\u00fdmi postoji a otev\u0159en\u011b h\u00e1j\u00ed z\u00e1jmy sv\u00e9ho n\u00e1roda i tam, kde koliduj\u00ed se z\u00e1jmy n\u00e1roda \u010desk\u00e9ho.<\/strong> Pojar se m\u00e1 dokonce st\u00e1t hlavn\u00edm koordin\u00e1torem \u010desk\u00e9 bezpe\u010dnostn\u00ed politiky.<\/p>\n<p>Poradcem pro media je bojovn\u00edk proti \u201edezinformac\u00edm\u201c M. Kl\u00edma, kter\u00fd je rovn\u011b\u017e aktivn\u00edm \u010dlenem \u017eidovsk\u00e9 n\u00e1bo\u017eensk\u00e9 obce v Praze. To jen na vysv\u011btlenou\u00a0<strong>Fialovi bianco podpory pro \u017eidovsk\u00e9 v\u016fdce na Ukrajin\u011b.<\/strong><\/p>\n<p>Zbytek premi\u00e9rov\u00fdch poradc\u016f je<strong>\u00a0po v\u011bt\u0161in\u011b soubor provin\u010dn\u00edch figurek a goj\u016f na ozdob<\/strong>u. Za v\u0161echny poradce pro ekonomick\u00e9 ot\u00e1zky\u00a0<strong>jist\u00fd \u0160t\u011bp\u00e1n K\u0159e\u010dek. Ten chl\u00e1chol\u00ed \u010cechy z televizn\u00edch obrazovek, \u017ee se vlastn\u011b o \u017e\u00e1dnou krizi nejedn\u00e1 a brzy bude po v\u0161em, nebo vypou\u0161t\u00ed do \u00e9teru perly typu \u201c inflace vznik\u00e1, proto\u017ee si kupujeme moc v\u011bc\u00ed\u201c.<\/strong>\u00a0Kdyby takov\u00e9 rady d\u00e1vala moje 10. let\u00e1 vnu\u010dka tak pros\u00edm, ale poradce premi\u00e9ra?! J<strong>e patrn\u00e9, \u017ee tihle K\u0159e\u010dkov\u00e9 jsou tam jen na okrasu a aby pak bylo mo\u017en\u00e9 na n\u011b v\u0161echno svalit a vinit je, \u017ee za ekonomickou katastrofu mohou oni a ne P. Fiala.<\/strong>\u00a0M\u00e1m takov\u00fd pocit, \u017ee v\u00fd\u0161e uveden\u00fd T. Pojar ale mezi ob\u011btmi p\u0159edhozen\u00fdmi davu nebudu, nebo se pletu?<\/p>\n<p><a href=\"https:\/\/ceskavec.com\/2022\/12\/kro-vlastne-ridi-p-fialu-podivny-soubor-premierovych-poradcu-hlavni-roli-hraje-prominentni-zidovsky-neziskovkar-doprovazeny-krovim-komickych-goju\">Joe Nowak, Chicago, USA<\/a><\/p>\n<p><img decoding=\"async\" loading=\"lazy\" class=\"wp-image-19187 aligncenter\" src=\"http:\/\/www.infokuryr.cz\/n\/wp-content\/uploads\/2022\/12\/1-PRO-300x36.jpg\" alt=\"\" width=\"1258\" height=\"151\" srcset=\"https:\/\/www.infokuryr.cz\/n\/wp-content\/uploads\/2022\/12\/1-PRO-300x36.jpg 300w, https:\/\/www.infokuryr.cz\/n\/wp-content\/uploads\/2022\/12\/1-PRO.jpg 699w\" sizes=\"(max-width: 1258px) 100vw, 1258px\" \/><\/p>\n<p>&nbsp;<\/p>\n","protected":false},"excerpt":{"rendered":"<p>Podivn\u00fd sbor premi\u00e9rov\u00fdch poradc\u016f, hlavn\u00ed roli hraje prominentn\u00ed \u017eidovsk\u00fd neziskovk\u00e1\u0159 doprov\u00e1zen\u00fd k\u0159ov\u00edm komick\u00fdch goj\u016f Petr&#8230;<\/p>\n","protected":false},"author":2,"featured_media":18767,"comment_status":"closed","ping_status":"closed","sticky":false,"template":"","format":"standard","meta":[],"categories":[6],"tags":[384,279,535,122,4087],"_links":{"self":[{"href":"https:\/\/www.infokuryr.cz\/n\/wp-json\/wp\/v2\/posts\/20005"}],"collection":[{"href":"https:\/\/www.infokuryr.cz\/n\/wp-json\/wp\/v2\/posts"}],"about":[{"href":"https:\/\/www.infokuryr.cz\/n\/wp-json\/wp\/v2\/types\/post"}],"author":[{"embeddable":true,"href":"https:\/\/www.infokuryr.cz\/n\/wp-json\/wp\/v2\/users\/2"}],"replies":[{"embeddable":true,"href":"https:\/\/www.infokuryr.cz\/n\/wp-json\/wp\/v2\/comments?post=20005"}],"version-history":[{"count":0,"href":"https:\/\/www.infokuryr.cz\/n\/wp-json\/wp\/v2\/posts\/20005\/revisions"}],"wp:featuredmedia":[{"embeddable":true,"href":"https:\/\/www.infokuryr.cz\/n\/wp-json\/wp\/v2\/media\/18767"}],"wp:attachment":[{"href":"https:\/\/www.infokuryr.cz\/n\/wp-json\/wp\/v2\/media?parent=20005"}],"wp:term":[{"taxonomy":"category","embeddable":true,"href":"https:\/\/www.infokuryr.cz\/n\/wp-json\/wp\/v2\/categories?post=20005"},{"taxonomy":"post_tag","embeddable":true,"href":"https:\/\/www.infokuryr.cz\/n\/wp-json\/wp\/v2\/tags?post=20005"}],"curies":[{"name":"wp","href":"https:\/\/api.w.org\/{rel}","templated":true}]}}