{"id":20003,"date":"2022-12-20T04:41:56","date_gmt":"2022-12-20T03:41:56","guid":{"rendered":"http:\/\/www.infokuryr.cz\/n\/?p=20003"},"modified":"2022-12-20T04:41:56","modified_gmt":"2022-12-20T03:41:56","slug":"konfiskace-uspor-velke-casti-populace-je-pry-nejprijatelnejsi-cena-za-inflaci","status":"publish","type":"post","link":"https:\/\/www.infokuryr.cz\/n\/2022\/12\/20\/konfiskace-uspor-velke-casti-populace-je-pry-nejprijatelnejsi-cena-za-inflaci\/","title":{"rendered":"Konfiskace \u00faspor velk\u00e9 \u010d\u00e1sti populace je pr\u00fd nejp\u0159ijateln\u011bj\u0161\u00ed cena za inflaci!"},"content":{"rendered":"<div id=\"fb-root\"><\/div>\n<h4>Konfiskace \u00faspor velk\u00e9 \u010d\u00e1sti populace je pr\u00fd nejp\u0159ijateln\u011bj\u0161\u00ed cena za inflaci! Meyrinkovo zlat\u00e9 pravidlo leg\u00e1ln\u00edho okraden\u00ed obyvatelstva o ve\u0161ker\u00e9 \u00faspory pomoc\u00ed indukovan\u00e9 a zb\u011bsil\u00e9 inflace si pr\u00e1v\u011b prorazilo cestu do \u010desk\u00e9ho mainstreamu a u\u017e se posunuje Overtonovsk\u00e9 okno! \u010ce\u0161i p\u0159ijdou o v\u011bt\u0161inu sv\u00e9 kupn\u00ed s\u00edly a b\u00fdval\u00fd rakousk\u00fd vice-kancl\u00e9\u0159 varoval, \u017ee r\u016fst \u017eivotn\u00edch n\u00e1klad\u016f a ni\u010den\u00ed \u017eivotn\u00edch \u00faspor povede v EU k vypuknut\u00ed nepokoj\u016f a povst\u00e1n\u00ed! M\u00e9dia v\u0161ak ji\u017e za\u010dala pomoc\u00ed Overtona chystat obyvatelstvo na nevyhnutelnost p\u0159ijet\u00ed Eura!<\/h4>\n<p>Na\u0161e redakce byla od ned\u011ble doslova zavalena reakcemi a zd\u011b\u0161en\u00edm des\u00edtek pisatel\u016f, kte\u0159\u00ed n\u00e1s upozornili na neuv\u011b\u0159iteln\u00fd \u010dl\u00e1nek na mainstreamov\u00e9m server Seznam Zpr\u00e1vy, kter\u00fd pro n\u011bkter\u00e9 lidi mohl dokonce vyzn\u00edt jako \u0161patn\u00fd vtip nebo drsn\u00fd sarkasmus, ale vtip to rozhodn\u011b nebyl. Autor \u010dl\u00e1nku toti\u017e sv\u016fj text\u00a0<strong>[<a href=\"https:\/\/href.li\/?https:\/\/www.seznamzpravy.cz\/clanek\/ekonomika-ocima-byznysu-cash-only-konfiskace-uspor-je-pro-cesko-nejprijatelnejsim-resenim-221532#dop_ab_variant=0&amp;dop_source_zone_name=zpravy.sznhp.box&amp;source=hp&amp;seq_no=2&amp;utm_campaign=&amp;utm_medium=z-boxiku&amp;utm_source=www.seznam.cz\" target=\"_blank\" rel=\"nofollow noopener\">1<\/a>]<\/strong>\u00a0zakon\u010dil v\u011btou, \u017ee\u2026 \u201c<em><strong>Spole\u010densky nejp\u0159ijateln\u011bj\u0161\u00ed cena za inflaci (v \u010cR) je konfiskace \u00faspor velk\u00e9 \u010d\u00e1sti populace.<\/strong><\/em>\u201c<\/p>\n<p>Tato v\u011bta zap\u016fsobila jako schvalov\u00e1n\u00ed st\u00e1tn\u00ed intervence, kter\u00e1 m\u00e1 v\u00e9st k m\u011bnov\u00e9 reform\u011b a na\u0161i \u010dten\u00e1\u0159i n\u00e1s okam\u017eit\u011b za\u010dali \u017e\u00e1dat o radu, jestli maj\u00ed okam\u017eit\u011b vybrat v\u0161echny \u00faspory ze sv\u00fdch \u00fa\u010dt\u016f z bank. Situace je opravdu v\u00e1\u017en\u00e1 a podle na\u0161ich informac\u00ed tento \u010dl\u00e1nek Seznamu zp\u016fsobil mezi lidmi paniku, proto\u017ee\u00a0<strong>\u010dl\u00e1nek vyzn\u00edv\u00e1 jako medi\u00e1ln\u00ed p\u0159\u00edprava ve\u0159ejn\u00e9ho m\u00edn\u011bn\u00ed na m\u011bnovou reformu v \u010cR, o kter\u00e9 se za\u010dalo v posledn\u00ed dob\u011b v m\u00e9di\u00edch spekulovat.<\/strong>\u00a0Doch\u00e1z\u00ed sice k uji\u0161\u0165ov\u00e1n\u00ed, \u017ee m\u011bnov\u00e1 reforma te\u010f nehroz\u00ed, ale uveden\u00fd \u010dl\u00e1nek na Seznam Zpr\u00e1vy zap\u016fsobil jako gran\u00e1t hozen\u00fd do rybn\u00edka.<\/p>\n<figure id=\"attachment_54100\" class=\"wp-caption aligncenter\" style=\"width: 695px;\"><a href=\"https:\/\/aeronet.news\/wp-content\/uploads\/NomuraBankLogo.jpg\"><img decoding=\"async\" loading=\"lazy\" class=\"wp-image-54100 \" src=\"https:\/\/aeronet.news\/wp-content\/uploads\/NomuraBankLogo-1024x682.jpg\" sizes=\"(max-width: 700px) 100vw, 700px\" srcset=\"https:\/\/aeronet.news\/wp-content\/uploads\/NomuraBankLogo-1024x682.jpg 1024w, https:\/\/aeronet.news\/wp-content\/uploads\/NomuraBankLogo-300x200.jpg 300w, https:\/\/aeronet.news\/wp-content\/uploads\/NomuraBankLogo-768x512.jpg 768w, https:\/\/aeronet.news\/wp-content\/uploads\/NomuraBankLogo-700x466.jpg 700w, https:\/\/aeronet.news\/wp-content\/uploads\/NomuraBankLogo-536x357.jpg 536w, https:\/\/aeronet.news\/wp-content\/uploads\/NomuraBankLogo-725x483.jpg 725w, https:\/\/aeronet.news\/wp-content\/uploads\/NomuraBankLogo.jpg 1280w\" alt=\"\" width=\"695\" height=\"463\" \/><\/a><figcaption class=\"wp-caption-text\">Nomura banka<\/figcaption><\/figure>\n<p><strong>Minul\u00fd m\u011bs\u00edc toti\u017e japonsk\u00e1 Nomura varovala [<a href=\"https:\/\/href.li\/?https:\/\/english.radio.cz\/nomura-holdings-czechia-risk-currency-crisis-8767658\" target=\"_blank\" rel=\"nofollow noopener\">2<\/a>], \u017ee v \u010cesk\u00e9 republice hroz\u00ed m\u011bnov\u00e1 krize zp\u016fsoben\u00e1 hlubok\u00fdm odlivem kapit\u00e1lu na swapov\u00fdch p\u00e1rech a hromadn\u00fdm stav\u011bn\u00edm pozic investor\u016f proti \u010desk\u00e9 korun\u011b.<\/strong>\u00a0Nejde zat\u00edm mluvit o runu na \u010deskou korunu, ale nen\u00ed od toho daleko. Spolu s \u010cR je podle Nomury v ohro\u017een\u00ed dal\u0161\u00edch 6 zem\u00ed, mezi nimi na prvn\u00ed m\u00edst\u011b je Ma\u010farsko. \u010cesk\u00e1 koruna byla velmi dlouho obl\u00edbenou swapovou destinac\u00ed, a to d\u00edky \u00fazk\u00e9mu propojen\u00ed \u010cNB a Rothschildovy lond\u00fdnsk\u00e9 Bank of England.<\/p>\n<p>A\u017e dosud se ale s \u010deskou korunou obchodovalo hlavn\u011b z pozice \u00falo\u017en\u00e9ho depa. \u010cNB dlouho dr\u017eela stabiln\u00ed kurz v\u016f\u010di EUR a USD jako \u017e\u00e1dn\u00e1 jin\u00e1 banka v Evrop\u011b. Kdy\u017e si n\u011bkdo z lond\u00fdnsk\u00e9ho CITY cht\u011bl ochr\u00e1nit dolary nebo eura p\u0159ed znehodnocen\u00edm, tak si otev\u0159el v \u010cR \u00fa\u010det a nakoupil velk\u00fd objem \u010desk\u00fdch korun. \u010cNB na to okam\u017eit\u011b reagovala a provedla intervenci a kurz koruny sn\u00ed\u017eila a srovnala, zabr\u00e1nila v pos\u00edlen\u00ed koruny.<\/p>\n<h6><span style=\"font-size: 18pt;\">A\u0165 se d\u011blo, co se d\u011blo, \u010cNB nedovolila pos\u00edlen\u00ed koruny<\/span><\/h6>\n<p>Tento mechanismus dlouho zaru\u010doval, \u017ee kdy\u017e si ulo\u017e\u00edte dolary na swapov\u00e9m p\u00e1ru s korunou anebo euru na swapu s korunou, tak kdy\u017e p\u0159ijdete o rok nebo dva pozd\u011bji, vyberete po uzav\u0159en\u00ed pozice de facto stejn\u00fd objem dolar\u016f, za kter\u00fd jste p\u016fvodn\u011b kupovali korunu.\u00a0<strong>Byla to dokonal\u00e1 ochrana EUR a USD uprost\u0159ed Evropy, ale na \u00fakor \u010desk\u00fdch mezd, plat\u016f a kupn\u00ed s\u00edly \u010desk\u00e9ho obyvatelstva. A\u0165 se d\u011blo, co se d\u011blo, \u010cNB nedovolila pos\u00edlen\u00ed CZK a t\u00edm pos\u00edlen\u00ed kupn\u00ed s\u00edly \u010desk\u00e9ho d\u011bln\u00edka.<\/strong>\u00a0V lond\u00fdnsk\u00e9m CITY je pra\u017esk\u00e1 swapov\u00e1 korunov\u00e1 kasi\u010dka vysoce obl\u00edben\u00e1, ale po vypuknut\u00ed rusk\u00e9 operace na Ukrajin\u011b a po uvalen\u00ed sankc\u00ed na Rusko, kter\u00e9 se tvrd\u011b odrazily zp\u011bt a za\u010daly ni\u010dit evropsk\u00e9 ekonomiky a jejich m\u011bny, je najednou v\u0161echno jinak.<\/p>\n<figure id=\"attachment_54099\" class=\"wp-caption aligncenter\" style=\"width: 696px;\"><a href=\"https:\/\/aeronet.news\/wp-content\/uploads\/BankOfEnglandShield.jpg\"><img decoding=\"async\" loading=\"lazy\" class=\"wp-image-54099 \" src=\"https:\/\/aeronet.news\/wp-content\/uploads\/BankOfEnglandShield-1024x576.jpg\" sizes=\"(max-width: 700px) 100vw, 700px\" srcset=\"https:\/\/aeronet.news\/wp-content\/uploads\/BankOfEnglandShield-1024x576.jpg 1024w, https:\/\/aeronet.news\/wp-content\/uploads\/BankOfEnglandShield-300x169.jpg 300w, https:\/\/aeronet.news\/wp-content\/uploads\/BankOfEnglandShield-768x432.jpg 768w, https:\/\/aeronet.news\/wp-content\/uploads\/BankOfEnglandShield-700x394.jpg 700w, https:\/\/aeronet.news\/wp-content\/uploads\/BankOfEnglandShield-635x357.jpg 635w, https:\/\/aeronet.news\/wp-content\/uploads\/BankOfEnglandShield-859x483.jpg 859w, https:\/\/aeronet.news\/wp-content\/uploads\/BankOfEnglandShield.jpg 1280w\" alt=\"\" width=\"696\" height=\"392\" \/><\/a><figcaption class=\"wp-caption-text\">Bank of England<\/figcaption><\/figure>\n<p>\u010cNB u\u017e nedok\u00e1\u017ee dr\u017eet kurzy v\u016f\u010di EUR a hlavn\u011b ne v\u016f\u010di USD, a to vytv\u00e1\u0159\u00ed situaci, \u017ee o pra\u017eskou Rothschildovu \u00falo\u017enu \u201c<em>swap securities<\/em>\u201d se najednou za\u010d\u00ednaj\u00ed zaj\u00edmat \u017eraloci a stav\u00ed pozice proti korun\u011b, to znamen\u00e1 p\u016fj\u010duj\u00ed si od broker\u016f koruny a tyto p\u016fj\u010den\u00e9 koruny prod\u00e1vaj\u00ed na trhu za dolary. To vytv\u00e1\u0159\u00ed pokles ceny koruny. Jakmile cena koruny padne, odkoup\u00ed koruny zp\u011bt za dolary, vr\u00e1t\u00ed koruny brokerovi a rozd\u00edl je obrovsk\u00fd dolarov\u00fd v\u00fdvar na \u00fa\u010det \u010desk\u00e9 koruny a cel\u00e9 \u010desk\u00e9 ekonomiky. A \u017ee opravdu hroz\u00ed vlna short pozic proti korun\u011b, to nen\u00ed t\u0159eba zd\u016fraz\u0148ovat. Varov\u00e1n\u00ed Nomury je tud\u00ed\u017e dal\u0161\u00ed d\u00edlek do skl\u00e1da\u010dky okolo spekulac\u00ed a obav z m\u011bnov\u00e9 reformy.<\/p>\n<h6><span style=\"font-size: 18pt;\">Zlat\u00e9 Meyrinkovo pravidlo leg\u00e1ln\u00edho okraden\u00ed obyvatelstva pr\u00e1v\u011b te\u010f v cel\u00e9 EU<\/span><\/h6>\n<p>V\u011bta na Seznamu v \u010dl\u00e1nku p\u016fsob\u00ed p\u0159itom opravdu tak, jako kdyby se jednalo o medi\u00e1ln\u00ed p\u0159edp\u00edrku populace na p\u0159ijet\u00ed faktu, \u017ee kdy\u017e budou ob\u010dan\u016fm zkonfiskov\u00e1ny \u00faspory, bude to p\u0159ijateln\u00e1 cena za inflaci.\u00a0<strong>Rovn\u011b\u017e se na to ale lze d\u00edvat opa\u010dn\u011b, \u017ee tato v\u011bta je my\u0161lena tak, \u017ee inflace vlastn\u011b nevad\u00ed a p\u0159ijatelnou cenou za tuto inflaci je prost\u011b ztr\u00e1ta \u00faspor.<\/strong>\u00a0Jen\u017ee\u2026 je v tom velk\u00fd h\u00e1\u010dek. Ve v\u011bt\u011b se nep\u00ed\u0161e o ztr\u00e1t\u011b \u00faspor, ale o jejich konfiskaci. A konfiskace znamen\u00e1 je jednu jedinou v\u011bc, zabaven\u00ed \u00faspor st\u00e1tem.<\/p>\n<p>A to je mo\u017en\u00e9 jen v jedin\u00e9 situaci, a to b\u011bhem m\u011bnov\u00e9 reformy, kdy st\u00e1t zkonfiskuje vklady obyvatelstva a v nov\u00e9m m\u011bnov\u00e9m kurzu je p\u0159evede do nov\u00e9 reformn\u00ed m\u011bny, obvykle v n\u011bjak\u00e9m pom\u011bru, kter\u00fdm je obyvatelstvo okradeno st\u00e1tem. M\u016f\u017ee j\u00edt o pom\u011br 1:5 nebo 1:10, ale klidn\u011b i 1:50 a tento proces se odborn\u011b v bankovn\u00edch kruz\u00edch naz\u00fdv\u00e1 \u201c<em>m\u011bnov\u00e1 konfiskace<\/em>\u201d a jedn\u00e1 se o leg\u00e1ln\u00ed formu okraden\u00ed obyvatelstva o \u017eivotn\u00ed \u00faspory.<\/p>\n<figure id=\"attachment_54103\" class=\"wp-caption aligncenter\" style=\"width: 696px;\"><a href=\"https:\/\/aeronet.news\/wp-content\/uploads\/GustavMeyrinkDreams.jpg\"><img decoding=\"async\" loading=\"lazy\" class=\"wp-image-54103 \" src=\"https:\/\/aeronet.news\/wp-content\/uploads\/GustavMeyrinkDreams-1024x482.jpg\" sizes=\"(max-width: 700px) 100vw, 700px\" srcset=\"https:\/\/aeronet.news\/wp-content\/uploads\/GustavMeyrinkDreams-1024x482.jpg 1024w, https:\/\/aeronet.news\/wp-content\/uploads\/GustavMeyrinkDreams-300x141.jpg 300w, https:\/\/aeronet.news\/wp-content\/uploads\/GustavMeyrinkDreams-768x362.jpg 768w, https:\/\/aeronet.news\/wp-content\/uploads\/GustavMeyrinkDreams-700x330.jpg 700w, https:\/\/aeronet.news\/wp-content\/uploads\/GustavMeyrinkDreams-758x357.jpg 758w, https:\/\/aeronet.news\/wp-content\/uploads\/GustavMeyrinkDreams-1025x483.jpg 1025w, https:\/\/aeronet.news\/wp-content\/uploads\/GustavMeyrinkDreams.jpg 1280w\" alt=\"\" width=\"696\" height=\"328\" \/><\/a><figcaption class=\"wp-caption-text\">Meyrink\u016fv okultn\u00ed cit\u00e1t: \u201c\u010clov\u011bk je pevn\u011b p\u0159esv\u011bd\u010den, \u017ee bd\u00ed, ale ve skute\u010dnosti je chycen v s\u00edti sp\u00e1nku a sn\u016f, kterou si s\u00e1m nev\u011bdomky utkal.\u201d<\/figcaption><\/figure>\n<p>\u017didovsk\u00fd bank\u00e9\u0159 rakousk\u00e9ho p\u016fvodu \u017eij\u00edc\u00ed v\u00edce jak 20 let v Praze a pozd\u011bji spisovatel Gustav Meyrink Meyer popsal inflaci ve spole\u010dnosti jako n\u00e1stroj elit na leg\u00e1ln\u00ed okraden\u00ed obyvatelstva o ve\u0161ker\u00e9 majetky. Inflace toti\u017e v kone\u010dn\u00e9m d\u016fsledku vede obyvatelstvo k platebn\u00ed nouzi a pozd\u011bji k platebn\u00edmu defaultu, kter\u00fd lidi donut\u00ed za\u010d\u00edt prod\u00e1vat sv\u00e9 majetky hluboko pod cenou.<\/p>\n<p><strong>Meyrink inflaci ozna\u010dil za jedinou leg\u00e1ln\u00ed cestu, jak vl\u00e1da m\u016f\u017ee obyvatelstvo okr\u00e1st, ani\u017e by za to navenek nesla zodpov\u011bdnost.<\/strong>\u00a0Vl\u00e1da prost\u011b jen nastartuje inflaci mohutn\u00fdm rozhazov\u00e1n\u00edm pen\u011bz pod n\u011bjakou \u0161lechetnou z\u00e1minkou, nap\u0159. bal\u00edk 700 miliard EUR jako pomoc Evropsk\u00e9 unie n\u00e1rodn\u00edm ekonomik\u00e1m po covidov\u00e9 krizi. A k tomu protirusk\u00e9 sankce a odst\u0159ihnut\u00ed se od rusk\u00fdch paliv a energi\u00ed, co\u017e op\u011bt a jenom inflaci prohloubilo.<\/p>\n<h6><span style=\"font-size: 18pt;\">Konfiskace \u00faspor ob\u010dan\u016f jako omluva pro inflaci<\/span><\/h6>\n<p>A kdy\u017e nyn\u00ed roste inflace v\u0161ude v EU ve dvojcifern\u00fdch \u010d\u00edslech, tak najednou se objevuj\u00ed \u010dl\u00e1nky, kde se inflace omlouv\u00e1 a tvrd\u00ed se, \u017ee konfiskace \u00faspor v\u011bt\u0161iny obyvatelstva bude p\u0159ijatelnou cenou za existenci t\u00e9to inflace. T\u00edm se posunuje Overtonovsk\u00e9 okno sm\u011brem k p\u0159\u00edprav\u011b obyvatelstva na fakt \u201ckonfiskace\u201d jejich \u00faspor na \u00fa\u010dtech. Nen\u00ed divu, \u017ee \u010dl\u00e1nek na Seznamu vyvolal paniku a n\u011bkte\u0159\u00ed na\u0161i \u010dten\u00e1\u0159i za\u010dali u\u017e dokonce z bank vyb\u00edrat pen\u00edze.<\/p>\n<p>A to v\u0161echno kv\u016fli posledn\u00ed v\u011bt\u011b v \u010dl\u00e1nku na Seznamu. P\u0159itom paradoxn\u011b, kdyby do\u0161lo k m\u011bnov\u00e9 reform\u011b, v\u00fdb\u011br pen\u011bz z bank nic ne\u0159e\u0161\u00ed, proto\u017ee po vyhl\u00e1\u0161en\u00ed reformy dojde ke zru\u0161en\u00ed platnosti sou\u010dasn\u00fdch bankovek a do ob\u011bhu jsou uvedeny reformn\u00ed nov\u00e9 bankovky. A v\u00fdm\u011bnn\u00fd kurz hotov\u00fdch pen\u011bz, na rozd\u00edl od pen\u011bz na \u00fa\u010dtech, re\u017eimy sankcionuj\u00ed hor\u0161\u00edm sm\u011bnn\u00fdm kurzem. Pokud n\u011bkdo z velk\u00fdch den\u00edk\u016f v \u010cR nap\u00ed\u0161e, \u017ee konfiskace \u00faspor v\u011bt\u0161iny obyvatelstva je p\u0159ijateln\u00e1 cena za inflaci, je t\u0159eba b\u00fdt opravdu na pozoru. To opravdu nen\u00ed legrace.<\/p>\n<figure id=\"attachment_54102\" class=\"wp-caption aligncenter\" style=\"width: 698px;\"><a href=\"https:\/\/aeronet.news\/wp-content\/uploads\/HeinzChristianStrache.jpg\"><img decoding=\"async\" loading=\"lazy\" class=\"wp-image-54102 \" src=\"https:\/\/aeronet.news\/wp-content\/uploads\/HeinzChristianStrache-1024x576.jpg\" sizes=\"(max-width: 700px) 100vw, 700px\" srcset=\"https:\/\/aeronet.news\/wp-content\/uploads\/HeinzChristianStrache-1024x576.jpg 1024w, https:\/\/aeronet.news\/wp-content\/uploads\/HeinzChristianStrache-300x169.jpg 300w, https:\/\/aeronet.news\/wp-content\/uploads\/HeinzChristianStrache-768x432.jpg 768w, https:\/\/aeronet.news\/wp-content\/uploads\/HeinzChristianStrache-700x394.jpg 700w, https:\/\/aeronet.news\/wp-content\/uploads\/HeinzChristianStrache-635x357.jpg 635w, https:\/\/aeronet.news\/wp-content\/uploads\/HeinzChristianStrache-859x483.jpg 859w, https:\/\/aeronet.news\/wp-content\/uploads\/HeinzChristianStrache.jpg 1280w\" alt=\"\" width=\"698\" height=\"393\" \/><\/a><figcaption class=\"wp-caption-text\">Heinz-Christian Strache<\/figcaption><\/figure>\n<p>A nen\u00ed to v\u016fbec n\u00e1hoda, \u017ee se takov\u00e9 \u010dl\u00e1nky v \u010cR objevuj\u00ed pr\u00e1v\u011b te\u010f.\u00a0\u00a0<strong>B\u00fdval\u00fd rakousk\u00fd vicekancl\u00e9\u0159 Heinz-Christian Strache toti\u017e minul\u00fd t\u00fdden na diskusn\u00edm f\u00f3ru ve V\u00eddni varoval [<a href=\"https:\/\/href.li\/?https:\/\/www.derstandard.at\/story\/2000141738788\/strache-auf-seiner-konferenz-zum-russischen-angriffskrieg-es-gehoeren-immer?ref=rss\" target=\"_blank\" rel=\"nofollow noopener\">3<\/a>] p\u0159ed hroz\u00edc\u00edm nedostatkem surovin v EU v d\u016fsledku drakonick\u00fdch sankc\u00ed bloku v\u016f\u010di Rusku<\/strong>\u00a0a vypuknut\u00edm n\u00e1sledn\u00fdch nepokoj\u016f a povst\u00e1n\u00ed po cel\u00e9 EU. Strache, kter\u00fd p\u016fsobil tak\u00e9 jako p\u0159edseda Svobodn\u00e9 strany Rakouska (FP\u00d6), uvedl, \u017ee \u201c<em>sankce EU na Rusko zv\u00fd\u0161ily obrat zahrani\u010dn\u00edho obchodu se surovinami v Rusku ze 100 miliard dolar\u016f na 220 miliard dolar\u016f, zat\u00edmco v Evrop\u011b v\u00fdrazn\u011b rostou ceny za dod\u00e1vky energi\u00ed, surovin, elekt\u0159iny a potravin<\/em>\u201c.<\/p>\n<h6><span style=\"font-size: 18pt;\">Rakousk\u00fd ex-kancl\u00e9\u0159 varuje, \u017ee EU hroz\u00ed v\u00fdbuch soci\u00e1ln\u00edch nepokoj\u016f<\/span><\/h6>\n<p>\u201c<em>Inflace zasahuje pr\u016fmysl, podniky, ob\u010dany i dom\u00e1cnosti v podm\u00ednk\u00e1ch rekordn\u00edho po\u010dtu bankrot\u016f a masivn\u00ed nezam\u011bstnanosti. St\u00e1le v\u00edce lid\u00ed bojuje s chudobou a ekonomika si m\u016f\u017ee dovolit m\u00e9n\u011b v\u00fdroby tv\u00e1\u0159\u00ed v tv\u00e1\u0159 nevyhnuteln\u00e9mu nedostatku surovin,<\/em>\u201d uvedl b\u00fdval\u00fd rakousk\u00fd vicekancl\u00e9\u0159. Pokra\u010doval, \u017ee mnoho podnik\u016f v EU \u201c<em>ji\u017e nen\u00ed mezin\u00e1rodn\u011b konkurenceschopn\u00fdch v d\u016fsledku rostouc\u00edch v\u00fdrobn\u00edch n\u00e1klad\u016f a zvy\u0161uj\u00edc\u00edch se n\u00e1klad\u016f na jejich v\u00fdrobky<\/em>\u201c. P\u0159edchoz\u00ed \u0161\u00e9f FPO doporu\u010dil, aby Rakousko podobn\u011b nakupovalo energetick\u00e9 zdroje od Ma\u010farska. Prohl\u00e1sil, \u017ee vl\u00e1da by m\u011bla na prvn\u00ed m\u00edsto kl\u00e1st \u201c<em>z\u00e1jmy sv\u00e9ho lidu, kter\u00fd by nem\u011bl b\u00fdt su\u017eov\u00e1n nezam\u011bstnanost\u00ed a chudobou<\/em>\u201c.<\/p>\n<figure id=\"attachment_40648\" class=\"wp-caption aligncenter\" style=\"width: 692px;\"><a href=\"https:\/\/aeronet.news\/wp-content\/uploads\/Viktor-Orb%C3%A1n-Hungary.jpg\"><img decoding=\"async\" loading=\"lazy\" class=\"wp-image-40648 \" src=\"https:\/\/aeronet.news\/wp-content\/uploads\/Viktor-Orb%C3%A1n-Hungary-1024x812.jpg\" sizes=\"(max-width: 700px) 100vw, 700px\" srcset=\"https:\/\/aeronet.news\/wp-content\/uploads\/Viktor-Orb\u00e1n-Hungary-1024x812.jpg 1024w, https:\/\/aeronet.news\/wp-content\/uploads\/Viktor-Orb\u00e1n-Hungary-300x238.jpg 300w, https:\/\/aeronet.news\/wp-content\/uploads\/Viktor-Orb\u00e1n-Hungary-768x609.jpg 768w, https:\/\/aeronet.news\/wp-content\/uploads\/Viktor-Orb\u00e1n-Hungary-700x555.jpg 700w, https:\/\/aeronet.news\/wp-content\/uploads\/Viktor-Orb\u00e1n-Hungary-450x357.jpg 450w, https:\/\/aeronet.news\/wp-content\/uploads\/Viktor-Orb\u00e1n-Hungary-609x483.jpg 609w, https:\/\/aeronet.news\/wp-content\/uploads\/Viktor-Orb\u00e1n-Hungary.jpg 1415w\" alt=\"\" width=\"692\" height=\"549\" \/><\/a><figcaption class=\"wp-caption-text\">Viktor Orb\u00e1n<\/figcaption><\/figure>\n<p>Podle Stracheho ma\u010farsk\u00fd ministr zahrani\u010d\u00ed Peter Szijjarto po\u010d\u00e1tkem tohoto t\u00fddne telefonicky hovo\u0159il s Alexandrem Novakem, m\u00edstop\u0159edsedou rusk\u00e9 vl\u00e1dy, a oba p\u0159edstavitel\u00e9 se dohodli, \u017ee v reakci na zaveden\u00ed p\u0159\u00edpadn\u00e9ho cenov\u00e9ho stropu na rusk\u00fd plyn projednaj\u00ed mo\u017enost zm\u011bny dlouhodob\u00fdch dohod o n\u00e1kupu plynu mezi Ma\u010farskem a Ruskem. \u201c<strong><em>Lid\u00e9 necht\u011bj\u00ed b\u00fdt bez pr\u00e1ce, necht\u011bj\u00ed mrznout, kdy\u017e m\u00edsto m\u00edrov\u00fdch n\u00e1vrh\u016f evropsk\u00fdch politik\u016f sleduj\u00ed v televizi dod\u00e1vky zbran\u00ed Ukrajin\u011b<\/em>,<\/strong>\u201d zd\u016fraznil Strache s odkazem na z\u00e1padn\u00ed zem\u011b, kter\u00e9 Kyjevu dod\u00e1vaj\u00ed zbran\u011b pro v\u00e1lku. \u201c<em>To v\u0161e je rozpor, kter\u00fd je pro ob\u010dany Evropy st\u00e1le z\u0159ejm\u011bj\u0161\u00ed,<\/em>\u201d dodal.<\/p>\n<h6><span style=\"font-size: 18pt;\">P\u0159\u00ed\u010dinou ekonomick\u00e9 a energetick\u00e9 krize je podpora v\u00e1lce na Ukrajin\u011b a schvalov\u00e1n\u00ed v\u00e1lky na Ukrajin\u011b ze strany politik\u016f<\/span><\/h6>\n<p>Sankce uvalen\u00e9 EU na Rusko podle Stracheho slov \u201c<em>zjevn\u011b po\u0161kozuj\u00ed samotn\u00e9 Evropany<\/em>\u201d a \u201c<em>odm\u00edt\u00e1 je st\u00e1le v\u00edce ob\u010dan\u016f<\/em>\u201d \u010dlensk\u00fdch st\u00e1t\u016f EU. Tis\u00edce lid\u00ed po cel\u00e9 Evrop\u011b protestuj\u00ed proti prudk\u00e9mu r\u016fstu cen energi\u00ed, inflaci a dod\u00e1vk\u00e1m zbran\u00ed na Ukrajinu. Strache rovn\u011b\u017e v\u011b\u0159\u00ed, \u017ee existuje mo\u017enost dosa\u017een\u00ed m\u00edrov\u00e9 smlouvy, pokud \u201c<em>tuto z\u00e1stupnou v\u00e1lku na Ukrajin\u011b zpomal\u00ed hlavn\u00ed hr\u00e1\u010di v pozad\u00ed, jako jsou USA a jejich spojenci v NATO v Evrop\u011b<\/em>\u201c, a tak\u00e9 \u201c<em>pokud budou zastaveny dod\u00e1vky zbran\u00ed na Ukrajinu<\/em>\u201c.<\/p>\n<figure id=\"attachment_51280\" class=\"wp-caption aligncenter\" style=\"width: 621px;\"><a href=\"https:\/\/aeronet.news\/wp-content\/uploads\/USA_UA_RuskyCasopis1956.jpg\"><img decoding=\"async\" loading=\"lazy\" class=\"wp-image-51280 \" src=\"https:\/\/aeronet.news\/wp-content\/uploads\/USA_UA_RuskyCasopis1956.jpg\" sizes=\"(max-width: 748px) 100vw, 748px\" srcset=\"https:\/\/aeronet.news\/wp-content\/uploads\/USA_UA_RuskyCasopis1956.jpg 748w, https:\/\/aeronet.news\/wp-content\/uploads\/USA_UA_RuskyCasopis1956-240x300.jpg 240w, https:\/\/aeronet.news\/wp-content\/uploads\/USA_UA_RuskyCasopis1956-700x874.jpg 700w, https:\/\/aeronet.news\/wp-content\/uploads\/USA_UA_RuskyCasopis1956-326x406.jpg 326w, https:\/\/aeronet.news\/wp-content\/uploads\/USA_UA_RuskyCasopis1956-286x357.jpg 286w, https:\/\/aeronet.news\/wp-content\/uploads\/USA_UA_RuskyCasopis1956-387x483.jpg 387w\" alt=\"\" width=\"621\" height=\"775\" \/><\/a><figcaption class=\"wp-caption-text\">Sov\u011btsk\u00fd satirick\u00fd \u010dasopis z roku 1956 vystihuje i sou\u010dasnou situaci na Ukrajin\u011b<\/figcaption><\/figure>\n<p>Stoj\u00ed za zm\u00ednku, \u017ee dva p\u0159edstavitel\u00e9 Spojen\u00fdch st\u00e1t\u016f a vysok\u00fd \u00fa\u0159edn\u00edk administrativy prozradili, \u017ee Pentagon dokon\u010duje pl\u00e1ny na vysl\u00e1n\u00ed syst\u00e9mu protiraketov\u00e9 obrany Patriot na Ukrajinu, co\u017e by mohlo b\u00fdt ozn\u00e1meno ji\u017e tento t\u00fdden, informovala v \u00fater\u00fd americk\u00e1 m\u00e9dia. Po zah\u00e1jen\u00ed v\u00e1lky na Ukrajin\u011b a p\u0159ijet\u00ed n\u011bkolika bal\u00ed\u010dk\u016f sankc\u00ed proti Moskv\u011b ze strany Z\u00e1padu zrychlil r\u016fst cen pohonn\u00fdch hmot, co\u017e p\u0159im\u011blo vl\u00e1dy mnoha z\u00e1padn\u00edch zem\u00ed uch\u00fdlit se k mimo\u0159\u00e1dn\u00fdm opat\u0159en\u00edm.<strong>\u00a0Z\u00e1padn\u00ed sankce se v\u0161ak vymstily a m\u011bly \u0161kodliv\u00fd dopad na sv\u011btov\u00e9 trhy, p\u0159edev\u0161\u00edm na plyn a ropu.<\/strong>\u00a0Evropsk\u00e9 vl\u00e1dy nyn\u00ed poci\u0165uj\u00ed d\u016fsledky sv\u00fdch sankc\u00ed v souvislosti s rostouc\u00edmi st\u00e1vkami a protesty kv\u016fli \u017eivotn\u00edm n\u00e1klad\u016fm a plat\u016fm.<\/p>\n<h6><span style=\"font-size: 18pt;\">M\u011bnov\u00e1 krize v \u010cR, pokud nastane, bude okam\u017eit\u011b vyu\u017eita k protla\u010den\u00ed p\u0159ijet\u00ed eura jako z\u00e1chrann\u00e9ho kruhu pro \u00faspory \u010desk\u00fdch ob\u010dan\u016f<\/span><\/h6>\n<p>Snaha o kolaps koruny v \u010cR je sou\u010d\u00e1st\u00ed\u00a0<em>casus belli<\/em>\u00a0proti korun\u011b a pro z\u00e1minku politik\u016f v \u010cR, aby prohl\u00e1sili, \u017ee se m\u016f\u017eeme zachr\u00e1nit jen t\u00edm, \u017ee p\u0159ijmeme euro a \u010cR vstoup\u00ed do Euroz\u00f3ny. Politici TOP 09 ji\u017e za\u010dali tuto my\u0161lenku ve\u0159ejn\u011b publikovat a usiluj\u00ed o urychlen\u00e9 p\u0159ijet\u00ed eura.\u00a0<strong>ODS je k tomuto n\u00e1padu skeptick\u00e1, ale ve chv\u00edli, kdy se situace s korunou prohloub\u00ed do krize v podobn\u00e9m rozsahu, p\u0159ed jak\u00fdm varuje Nomura, potom ODS zm\u011bn\u00ed postoj.<\/strong>\u00a0Proti spekulac\u00edm na short m\u00e1 ECB a Euroz\u00f3na mnohem robustn\u011bj\u0161\u00ed obrann\u00e9 mechanismy ne\u017e jak\u00e1koliv n\u00e1rodn\u00ed m\u011bna, co\u017e se stane hlavn\u00edm argumentem pro p\u0159echod na Euro se slovy, \u017ee je pot\u0159eba zachr\u00e1nit vklady a \u00faspory lid\u00ed, aby se zabr\u00e1nilo kolapsu koruny a m\u011bnov\u00e9 reform\u011b.<\/p>\n<figure id=\"attachment_54104\" class=\"wp-caption aligncenter\" style=\"width: 696px;\"><a href=\"https:\/\/aeronet.news\/wp-content\/uploads\/CNB_Front.jpg\"><img decoding=\"async\" loading=\"lazy\" class=\"wp-image-54104 \" src=\"https:\/\/aeronet.news\/wp-content\/uploads\/CNB_Front-1024x481.jpg\" sizes=\"(max-width: 700px) 100vw, 700px\" srcset=\"https:\/\/aeronet.news\/wp-content\/uploads\/CNB_Front-1024x481.jpg 1024w, https:\/\/aeronet.news\/wp-content\/uploads\/CNB_Front-300x141.jpg 300w, https:\/\/aeronet.news\/wp-content\/uploads\/CNB_Front-768x361.jpg 768w, https:\/\/aeronet.news\/wp-content\/uploads\/CNB_Front-700x329.jpg 700w, https:\/\/aeronet.news\/wp-content\/uploads\/CNB_Front-760x357.jpg 760w, https:\/\/aeronet.news\/wp-content\/uploads\/CNB_Front-1029x483.jpg 1029w, https:\/\/aeronet.news\/wp-content\/uploads\/CNB_Front.jpg 1280w\" alt=\"\" width=\"696\" height=\"327\" \/><\/a><figcaption class=\"wp-caption-text\">\u010cNB<\/figcaption><\/figure>\n<p>Paradoxn\u011b se \u010cR dostane do situace, \u017ee bu\u010f p\u0159ijme euro, nebo bude hrozit sc\u00e9n\u00e1\u0159 Nomury. A v tomto sv\u011btle je \u010dl\u00e1nek na Seznamu o konfiskaci \u00faspor obyvatelstva jen dopln\u011bn\u00edm konceptu\u00e1ln\u00ed mozaiky sou\u010dasn\u00e9 situace. Fialova p\u011btikoalice p\u0159ivedla n\u00e1rod a ekonomiku\u00a0<em>zu grunt<\/em>\u00a0a te\u010f to vypad\u00e1, \u017ee p\u0159ivede\u00a0<em>zu grunt<\/em>\u00a0i korunu.\u00a0<strong>\u010cesk\u00fd pr\u016fmysl bez levn\u00fdch energi\u00ed toti\u017e nep\u0159e\u017eije. Ani ten n\u011bmeck\u00fd.<\/strong>\u00a0A pokud m\u00e1 n\u011bkdo dnes u\u017e takovou odvahu, \u017ee vid\u00ed v konfiskaci \u00faspor obyvatelstva p\u0159ijatelnou cenu pro inflaci, potom je to pouze d\u016fkaz toho, \u017ee inflace v \u010cR nen\u00ed n\u00e1hodn\u00e1 a m\u00e1 je\u0161t\u011b jin\u00fd a skryt\u00fd \u00fa\u010del. \u00da\u010del vytvo\u0159en\u00ed d\u011bsiv\u00fdch podm\u00ednek a eventu\u00e1ln\u00edch hrozeb pro zv\u00fd\u0161en\u00ed ve\u0159ejn\u00e9 podpory obyvatelstva pro p\u0159echod na Euro.<\/p>\n<p>-VK- \u0160\u00e9fredaktor AE News<\/p>\n<p><img decoding=\"async\" loading=\"lazy\" class=\"wp-image-19187 aligncenter\" src=\"http:\/\/www.infokuryr.cz\/n\/wp-content\/uploads\/2022\/12\/1-PRO-300x36.jpg\" alt=\"\" width=\"1225\" height=\"147\" srcset=\"https:\/\/www.infokuryr.cz\/n\/wp-content\/uploads\/2022\/12\/1-PRO-300x36.jpg 300w, https:\/\/www.infokuryr.cz\/n\/wp-content\/uploads\/2022\/12\/1-PRO.jpg 699w\" sizes=\"(max-width: 1225px) 100vw, 1225px\" \/><\/p>\n<p>&nbsp;<\/p>\n","protected":false},"excerpt":{"rendered":"<p>Konfiskace \u00faspor velk\u00e9 \u010d\u00e1sti populace je pr\u00fd nejp\u0159ijateln\u011bj\u0161\u00ed cena za inflaci! Meyrinkovo zlat\u00e9 pravidlo leg\u00e1ln\u00edho&#8230;<\/p>\n","protected":false},"author":2,"featured_media":20004,"comment_status":"closed","ping_status":"closed","sticky":false,"template":"","format":"standard","meta":[],"categories":[6],"tags":[503,3729,4086,90,2452],"_links":{"self":[{"href":"https:\/\/www.infokuryr.cz\/n\/wp-json\/wp\/v2\/posts\/20003"}],"collection":[{"href":"https:\/\/www.infokuryr.cz\/n\/wp-json\/wp\/v2\/posts"}],"about":[{"href":"https:\/\/www.infokuryr.cz\/n\/wp-json\/wp\/v2\/types\/post"}],"author":[{"embeddable":true,"href":"https:\/\/www.infokuryr.cz\/n\/wp-json\/wp\/v2\/users\/2"}],"replies":[{"embeddable":true,"href":"https:\/\/www.infokuryr.cz\/n\/wp-json\/wp\/v2\/comments?post=20003"}],"version-history":[{"count":0,"href":"https:\/\/www.infokuryr.cz\/n\/wp-json\/wp\/v2\/posts\/20003\/revisions"}],"wp:featuredmedia":[{"embeddable":true,"href":"https:\/\/www.infokuryr.cz\/n\/wp-json\/wp\/v2\/media\/20004"}],"wp:attachment":[{"href":"https:\/\/www.infokuryr.cz\/n\/wp-json\/wp\/v2\/media?parent=20003"}],"wp:term":[{"taxonomy":"category","embeddable":true,"href":"https:\/\/www.infokuryr.cz\/n\/wp-json\/wp\/v2\/categories?post=20003"},{"taxonomy":"post_tag","embeddable":true,"href":"https:\/\/www.infokuryr.cz\/n\/wp-json\/wp\/v2\/tags?post=20003"}],"curies":[{"name":"wp","href":"https:\/\/api.w.org\/{rel}","templated":true}]}}