{"id":20000,"date":"2022-12-20T01:20:38","date_gmt":"2022-12-20T00:20:38","guid":{"rendered":"http:\/\/www.infokuryr.cz\/n\/?p=20000"},"modified":"2022-12-19T18:52:36","modified_gmt":"2022-12-19T17:52:36","slug":"petr-hannig-prezidentsti-kandidati-trochu-jinak-ii-dil","status":"publish","type":"post","link":"https:\/\/www.infokuryr.cz\/n\/2022\/12\/20\/petr-hannig-prezidentsti-kandidati-trochu-jinak-ii-dil\/","title":{"rendered":"Petr Hannig: Prezident\u0161t\u00ed kandid\u00e1ti trochu jinak, II. d\u00edl"},"content":{"rendered":"<div id=\"fb-root\"><\/div>\n<p><strong>Minule jsem\u00a0<a href=\"https:\/\/www.iportal24.cz\/featured\/rozumne-pondeli-petra-hanniga-prezidentsti-kandidati-trochu-jinak\/\">na za\u010d\u00e1tku sv\u00e9ho \u010dl\u00e1nku napsal<\/a>:\u00a0<em>\u00bbNebudu zakr\u00fdvat, \u017ee s\u00a0ohledem na to, \u017ee p\u011btikoalice ovl\u00e1d\u00e1 Poslaneckou sn\u011bmovnu i Sen\u00e1t, pat\u0159\u00ed m\u00e9 sympatie kandid\u00e1t\u016fm, kte\u0159\u00ed jsou v\u00a0opozici k\u00a0vl\u00e1dnouc\u00edm stran\u00e1m.\u00ab<\/em> Tak\u017ee v\u00a0tomto d\u00edle budu ps\u00e1t o t\u011bch druh\u00fdch. A op\u011bt podle abecedy.<\/strong><\/p>\n<p>Hned prvn\u00ed kandid\u00e1t, Karel Divi\u0161, a\u010dkoliv je politicky jinde, ne\u017e jsem j\u00e1 a strana jej\u00ed\u017e jsem p\u0159edsedou, Rozumn\u00ed, v\u0161ak m\u00e9 sympatie m\u00e1.<\/p>\n<p>Je to bojovn\u00edk, kter\u00fd se nevzd\u00e1v\u00e1. Byl nejd\u0159\u00edve vy\u0159azen ministerstvem vnitra, ale nakonec vzat zp\u011bt mezi kandid\u00e1ty, kte\u0159\u00ed budou usilovat ofici\u00e1ln\u011b o post hlavy st\u00e1tu, po vznesen\u00ed st\u00ed\u017enosti k\u00a0Nejvy\u0161\u0161\u00edmu spr\u00e1vn\u00edmu soudu. Je jeden z\u00a0nejmlad\u0161\u00edch kandid\u00e1t\u016f, p\u0159esto se mu v\u0161ak poda\u0159ilo z\u00a0nuly vybudovat silnou IT firmu, nev\u00edm p\u0159esn\u011b do jak\u00fdch v\u0161ech obor\u016f zasahuje, zn\u00e1m\u00e1 je jeho \u010dinnost v\u00a0oboru zaji\u0161\u0165ov\u00e1n\u00ed na celosv\u011btov\u00e9m trhu n\u00e1kupu letenek, \u00bbLetu\u0161ka\u00ab. Vydal se t\u011b\u017ekou a finan\u010dn\u011b n\u00e1ro\u010dnou cestou sb\u011bru podpis\u016f pod petic\u00ed. Na rozd\u00edl od druh\u00fdch, zat\u00edm m\u00e9dii podporovan\u00fdch protagonist\u016f, kte\u0159\u00ed se vydali stejnou cestou, Pavlovi a Nerudov\u00e9, nem\u00e1 podporu ani vl\u00e1dn\u00ed koalice, ani vysok\u00e9 finan\u010dn\u00ed dary od sponzor\u016f. Nem\u00e1 ani problematickou d\u00e1vnou minulost jako gener\u00e1l Petr Pavel, ani problematickou ned\u00e1vnou minulost jako Danu\u0161e Nerudov\u00e1, b\u00fdval\u00e1 rektorka Mendelovy univerzity, kde byly vyd\u00e1v\u00e1ny fale\u0161n\u00e9 doktorsk\u00e9 tituly do zahrani\u010d\u00ed, hlavn\u011b do Rakouska. \u0158\u00edk\u00e1, \u017ee o tom nev\u011bd\u011bla. Mysl\u00edm si, \u017ee je ale nutn\u00e9 m\u00edt na listin\u011b, kterou se ud\u011bluje titul, podpis rektora \u010di rektorky univerzity. Jinak Karel Divi\u0161 je jazykov\u011b vybaven\u00fd, nav\u00edc je zvykl\u00fd na styk s\u00a0lidmi, proto\u017ee byl 10 let sportovn\u00edm moder\u00e1torem \u010cT. A na voli\u010dky bude jist\u011b tak\u00e9 fungovat jeho perfektn\u00ed viz\u00e1\u017e. Je toti\u017e podobn\u00fd herci Richardu Gereovi (<em><a href=\"https:\/\/www.iportal24.cz\/featured\/nejen-pohadky-k-vanocum-patri-i-dospelacke-filmy-kdy-uvidite-arnolda-ci-pretty-woman\/\">v\u0161imn\u011bte si, a\u017e bude o V\u00e1noc\u00edch zase n\u011bkde v\u00a0televizi b\u011b\u017eet Pretty Woman<\/a><\/em>).<\/p>\n<p>Zat\u00edm m\u00e1 Divi\u0161 jenom 0,9 % preferenc\u00ed,\u00a0<a href=\"https:\/\/www.iportal24.cz\/featured\/ne-hlave-statu-ktera-politice-nerozumi-a-nikdy-ji-nedelala\/\">p\u0159esto si v\u0161ak mysl\u00edm ve shod\u011b\u00a0 s\u00a0prezidentem Zemanem<\/a>, \u017ee by mohl b\u00fdt \u010dern\u00fdm kon\u011bm voleb a \u017ee by se mohl dostat i do druh\u00e9ho kola. U\u017e i proto, \u017ee m\u011bl velice zt\u00ed\u017eenou pozici, kdy nemohl po dobu t\u0159\u00ed t\u00fddn\u016f, na rozd\u00edl od ostatn\u00edch kandid\u00e1t\u016f, prov\u00e1d\u011bt volebn\u00ed kampa\u0148.<\/p>\n<p>Dal\u0161\u00edm z kandid\u00e1t\u016f, kter\u00e9 podporuje vl\u00e1dn\u00ed p\u011btikoalice, je Pavel Fischer. M\u00e1m takov\u00fd dojem, \u017ee jeho preference budou r\u016fst, pokud se budou protagonist\u00e9, kte\u0159\u00ed m\u00ed\u0159\u00ed na tuto provl\u00e1dn\u00ed skupinu voli\u010d\u016f, Pavel a Nerudov\u00e1, proti sob\u011b vymezovat. Mysl\u00edm si, \u017ee i te\u010f m\u00e1 v podstat\u011b vy\u0161\u0161\u00ed \u0161anci, ne\u017e jemu p\u0159isuzovan\u00fdch 6 %. Je to kandid\u00e1t katol\u00edk\u016f a t\u011bch je v republice minim\u00e1ln\u011b 8 %. Trochu si to u v\u011b\u0159\u00edc\u00edch pokazil t\u00edm, \u017ee p\u0159ipustil, \u017ee by podepsal man\u017eelstv\u00ed jednopohlavn\u00edch p\u00e1r\u016f. Cht\u011bl se zal\u00edbit v\u0161em. Jen\u017ee tento jeden z nejv\u011bt\u0161\u00edch protirusk\u00fdch v\u00e1le\u010dn\u00edk\u016f si neuv\u011bdomuje, \u017ee nen\u00ed \u010dlov\u011bk ten, kter\u00fd by se zal\u00edbil v\u0161em, a voli\u010di Pir\u00e1t\u016f maj\u00ed svou Nerudovou. Pokud na to jeho konzervativn\u00ed voli\u010di zapomenou, tak se jeho preference mohou vy\u0161vihnout p\u0159es 10 %, a pokud mu na posledn\u00ed moment n\u011bkdo p\u0159idal na jeho volebn\u00ed \u00fa\u010det n\u011bjakou vy\u0161\u0161\u00ed sumu, tak by mohl tak\u00e9 zas\u00e1hnout do \u00bbboj\u016f o titul\u00ab.<\/p>\n<p>Dal\u0161\u00ed podle abecedy Marek Hil\u0161er nem\u00e1 \u0161anci. U\u017e nen\u00ed nejmlad\u0161\u00edm kandid\u00e1tem, tak jako byl v\u00a0minul\u00fdch volb\u00e1ch, kdy m\u011bl nejlep\u0161\u00ed v\u00fdsledek v\u00a0kategorii n\u00e1klady versus zisk (j\u00e1 tehdy byl v\u00a0tomto ohledu druh\u00fd, jak vypo\u010d\u00edtali statistici). Dal\u0161\u00edm minusem je,\u00a0\u017ee kas\u00edruje st\u00e1tn\u00ed pen\u00edze hned dvakr\u00e1t. Za prv\u00e9 jako sen\u00e1tor a za druh\u00e9 pak dal\u0161\u00edch skoro milion za rok jako p\u0159edseda hnut\u00ed o minim\u00e1ln\u00edm po\u010dtu lid\u00ed, s\u00a0n\u00e1zvem Marek Hil\u0161er do Sen\u00e1tu. Prost\u011b u\u017e nem\u00e1 ten pel nevinnosti a zvl\u00e1\u0161t\u011b pro pir\u00e1tskou ml\u00e1de\u017e ani punc v\u00fdtr\u017enosti\u00a0t\u00edm, \u017ee si na hru\u010f nechal namalovat n\u011bco hanliv\u00e9ho proti Putinovi. Dnes, kdy to p\u00ed\u0161u je ned\u011ble 18. 12., a mysl\u00edm si, \u017ee dokonce z\u00a0voleb odstoup\u00ed.<\/p>\n<p>A Karel Jane\u010dek, geni\u00e1ln\u00ed matematik, kter\u00fd si vybudoval na z\u00e1klad\u011b sv\u00fdch znalost\u00ed firmu dokonce v\u00a0Lond\u00fdn\u011b? Z\u00e1rove\u0148 ze sv\u00fdch vyd\u011blan\u00fdch pen\u011bz financoval agenturu proti korupci a pen\u011b\u017en\u00edmi injekcemi podporoval nahla\u0161ovatele nep\u0159\u00edstojnost\u00ed ve st\u00e1tn\u00ed spr\u00e1v\u011b. Je ov\u0161em pon\u011bkud excentrick\u00fd (jeho p\u0159\u00edstup k\u00a0\u017een\u00e1m a ur\u010dit\u00e9 nerespektov\u00e1n\u00ed obvykl\u00fdch zvyklost\u00ed). Vymyslel skv\u011bl\u00fd program, k\u00a0\u00faspo\u0159e n\u00e1klad\u016f na volby do Sen\u00e1tu \u010di prezidentsk\u00e9 volb\u011b, kdy by nemuselo b\u00fdt druh\u00e9 kolo. Jeho magick\u00e9 \u010d\u00edslo je 21. To znamen\u00e1 dva kladn\u00e9 hlasy, jeden z\u00e1porn\u00fd. Byl jsem n\u011bkolikr\u00e1t na jeho mezin\u00e1rodn\u00edch sympozi\u00edch, kde vystupovali nejv\u011bt\u0161\u00ed sv\u011btov\u00ed odborn\u00edci v\u00a0oboru matematiky a statistiky, soci\u00e1ln\u00edch a politick\u00fdch v\u011bd. Je to pod\u011bs, ale v\u0161e, co d\u011bl\u00e1, je ku prosp\u011bchu cel\u00e9 spole\u010dnosti. Jedna v\u011bc ov\u0161em je negativn\u00ed. Kdy\u017e \u00dastavn\u00ed soud nebude postupovat legalisticky a umo\u017en\u00ed Karlu Jane\u010dkovi nastoupit znovu do volby, tak se rozm\u011bln\u00ed hlasy mezi Divi\u0161em a zn\u00e1m\u011bj\u0161\u00edm Jane\u010dkem, a Karel Divi\u0161 ani Karel Jane\u010dek do druh\u00e9ho kola nepostoup\u00ed. Co se t\u00fdk\u00e1 Danu\u0161e Nerudov\u00e9 dovolil bych se odk\u00e1zat na tento m\u016fj \u010dl\u00e1nek:\u00a0<a href=\"https:\/\/hannig.blog.idnes.cz\/blog.aspx?c=795499\">Jak mohla Danu\u0161e Nerudov\u00e1 v\u011bd\u011bt, kter\u00e9 z\u00e1pisy jsou vadn\u00e9?<\/a><\/p>\n<p>Prost\u011b \u0159e\u010deno, t\u00e9to d\u00e1m\u011b, kter\u00e1 m\u00e1 nejv\u011bt\u0161\u00ed podporu m\u00e9di\u00ed, v\u016fbec ned\u016fv\u011b\u0159uji a byla by to pro na\u0161i zemi katastrofa, kdyby se stala prezidentkou. Co se t\u00fdk\u00e1 gener\u00e1la Petra Pavla, i kdy\u017e z\u0159ejm\u011b m\u011bl jeho t\u00fdm tak\u00e9 mo\u017enost kontrolovat z\u00e1pisy podle registru evidence obyvatel, tak p\u0159ece jenom se zachoval jako spr\u00e1vn\u00fd voj\u00e1k t\u00edm, \u017ee v\u011bd\u011bl, \u017ee v\u00a0utajen\u00ed je s\u00edla a neprozradil, tak jako D. Nerudov\u00e1, \u017ee vy\u0159adili 14 tis\u00edc vadn\u00fdch z\u00e1pis\u016f je\u0161t\u011b p\u0159ed odevzd\u00e1n\u00edm na MV\u010cR. A nav\u00edc, jak je gener\u00e1l zvykl\u00fd p\u0159ehodnocovat situace, tak by nevznikl probl\u00e9m, kdyby se v\u00a0\u010cR op\u011bt zm\u011bnil syst\u00e9m. Op\u011bt by v\u010das p\u0159ehodnotil sv\u016fj n\u00e1hled na v\u011bc a nemusel by b\u00fdt volen nov\u00fd prezident.<\/p>\n<p>Zb\u00fdv\u00e1 n\u00e1m v tomto druh\u00e9m d\u00edle jen b\u00fdval\u00fd rektor Karlovy univerzity Tom\u00e1\u0161 Zima. Co o n\u011bm napsat? Ve volb\u011b budou hr\u00e1t roli jeho akademick\u00e9 tituly, ale to je asi tak v\u0161echno. Je naprosto nev\u00fdrazn\u00fdm kandid\u00e1tem.<\/p>\n<p>A je\u0161t\u011b se mus\u00edm zm\u00ednit o jednom kandid\u00e1tovi Pavlu Z\u00edtkovi, kter\u00fd nebyl k\u00a0volb\u00e1m p\u0159ipu\u0161t\u011bn. On tvrd\u00ed, \u017ee za osm dn\u00ed sesb\u00edral 50 tis\u00edc podpis\u016f. A j\u00e1, kter\u00fd m\u00e1m zku\u0161enost s\u00a0prezidentskou volbou, \u0159\u00edk\u00e1m, \u017ee to nen\u00ed mo\u017en\u00e9 v takhle kr\u00e1tk\u00e9 dob\u011b. Nev\u00edm, kolik jich v\u00a0\u0159\u00e1dn\u00e9m term\u00ednu (8. listopad do 16 hod.) skute\u010dn\u011b odevzdal na odb\u011brov\u00e9 m\u00edsto na MV\u010cR. T\u00edm, \u017ee tvrdil, \u017ee za 8 dn\u00ed sesb\u00edral 50 tis\u00edc podpis\u016f, tak jsem sp\u00ed\u0161e n\u00e1chyln\u00fd v\u011b\u0159it tomu, co sd\u011blilo ministerstvo vnitra, \u017ee t\u011bch podpis\u016f bylo pouze 17 tis\u00edc, tak\u017ee o jejich pravosti nebylo nutn\u00e9 v\u016fbec uva\u017eovat. Navrhl jsem spoust\u011b jeho p\u0159\u00edznivc\u016f, \u017ee jsem ochotn\u00fd se s\u00a0Pavlem Z\u00edtkem setkat a zeptat se jej na to prohl\u00e1\u0161en\u00ed, kter\u00e9 m\u00e9di\u00edm sd\u011blil. Samoz\u0159ejm\u011b Pavel Z\u00edtko by pat\u0159il do t\u00e9 skupiny kandid\u00e1t\u016f, o kter\u00e9 jsem psal minul\u00fd t\u00fdden.<\/p>\n<p><strong>Petr Hannig, p\u0159edseda Rozumn\u00fdch a b\u00fdval\u00fd prezidentsk\u00fd kandid\u00e1t<\/strong><\/p>\n<p>&nbsp;<\/p>\n<p><img decoding=\"async\" loading=\"lazy\" class=\"alignnone  wp-image-19187\" src=\"http:\/\/www.infokuryr.cz\/n\/wp-content\/uploads\/2022\/12\/1-PRO-300x36.jpg\" alt=\"\" width=\"1258\" height=\"151\" srcset=\"https:\/\/www.infokuryr.cz\/n\/wp-content\/uploads\/2022\/12\/1-PRO-300x36.jpg 300w, https:\/\/www.infokuryr.cz\/n\/wp-content\/uploads\/2022\/12\/1-PRO.jpg 699w\" sizes=\"(max-width: 1258px) 100vw, 1258px\" \/><\/p>\n<p>&nbsp;<\/p>\n<p>&nbsp;<\/p>\n","protected":false},"excerpt":{"rendered":"<p>Minule jsem\u00a0na za\u010d\u00e1tku sv\u00e9ho \u010dl\u00e1nku napsal:\u00a0\u00bbNebudu zakr\u00fdvat, \u017ee s\u00a0ohledem na to, \u017ee p\u011btikoalice ovl\u00e1d\u00e1 Poslaneckou&#8230;<\/p>\n","protected":false},"author":2,"featured_media":12094,"comment_status":"closed","ping_status":"closed","sticky":false,"template":"","format":"standard","meta":[],"categories":[6],"tags":[1042,29,165,27],"_links":{"self":[{"href":"https:\/\/www.infokuryr.cz\/n\/wp-json\/wp\/v2\/posts\/20000"}],"collection":[{"href":"https:\/\/www.infokuryr.cz\/n\/wp-json\/wp\/v2\/posts"}],"about":[{"href":"https:\/\/www.infokuryr.cz\/n\/wp-json\/wp\/v2\/types\/post"}],"author":[{"embeddable":true,"href":"https:\/\/www.infokuryr.cz\/n\/wp-json\/wp\/v2\/users\/2"}],"replies":[{"embeddable":true,"href":"https:\/\/www.infokuryr.cz\/n\/wp-json\/wp\/v2\/comments?post=20000"}],"version-history":[{"count":1,"href":"https:\/\/www.infokuryr.cz\/n\/wp-json\/wp\/v2\/posts\/20000\/revisions"}],"predecessor-version":[{"id":20001,"href":"https:\/\/www.infokuryr.cz\/n\/wp-json\/wp\/v2\/posts\/20000\/revisions\/20001"}],"wp:featuredmedia":[{"embeddable":true,"href":"https:\/\/www.infokuryr.cz\/n\/wp-json\/wp\/v2\/media\/12094"}],"wp:attachment":[{"href":"https:\/\/www.infokuryr.cz\/n\/wp-json\/wp\/v2\/media?parent=20000"}],"wp:term":[{"taxonomy":"category","embeddable":true,"href":"https:\/\/www.infokuryr.cz\/n\/wp-json\/wp\/v2\/categories?post=20000"},{"taxonomy":"post_tag","embeddable":true,"href":"https:\/\/www.infokuryr.cz\/n\/wp-json\/wp\/v2\/tags?post=20000"}],"curies":[{"name":"wp","href":"https:\/\/api.w.org\/{rel}","templated":true}]}}