{"id":19976,"date":"2022-12-20T01:01:06","date_gmt":"2022-12-20T00:01:06","guid":{"rendered":"http:\/\/www.infokuryr.cz\/n\/?p=19976"},"modified":"2022-12-19T16:35:37","modified_gmt":"2022-12-19T15:35:37","slug":"jiri-vyvadil-polsky-premier-obvinil-evropsky-parlament-z-korupce","status":"publish","type":"post","link":"https:\/\/www.infokuryr.cz\/n\/2022\/12\/20\/jiri-vyvadil-polsky-premier-obvinil-evropsky-parlament-z-korupce\/","title":{"rendered":"Ji\u0159\u00ed Vyvadil: Polsk\u00fd premi\u00e9r obvinil Evropsk\u00fd parlament z korupce"},"content":{"rendered":"<div id=\"fb-root\"><\/div>\n<p><strong>Polsk\u00fd premi\u00e9r Morawiecki, tak jako kone\u010dn\u011b v\u0161ichni pol\u0161t\u00ed politici je zn\u00e1m typickou protiruskou politikou, ale nav\u00edc jeho strana Pr\u00e1vo a spravedlnost t\u00e9m\u011b\u0159 v nemen\u0161\u00ed podob\u011b ostrou kritikou N\u011bmecka spojenou s po\u017eadavky na v\u00e1le\u010dn\u00e9 reparace, kter\u00e9 nevypadaj\u00ed na to, \u017ee by v n\u011bkolika p\u0159\u00ed\u0161t\u00edch stolet\u00ed mohla b\u00fdt spln\u011bna. To ov\u0161em neznamen\u00e1, \u017ee jeho kritika na do o\u010di bij\u00edc\u00ed pokrytectv\u00ed EU v ot\u00e1zk\u00e1ch pr\u00e1vn\u00edho st\u00e1tu, prosazovan\u00e1 \u010deskou inkvizitorkou Jourovou nen\u00ed zcela na m\u00edst\u011b. Za mn\u011b v t\u00e9to ot\u00e1zce m\u00e1 pln\u00fd souhlas.<\/strong><\/p>\n<p>\u0160\u00e9f polsk\u00e9 vl\u00e1dy v rozhovoru pro port\u00e1l Interia poznamenal, \u017ee v Evropsk\u00e9m parlamentu se odehr\u00e1l korup\u010dn\u00ed podvod, kter\u00fd se stal velmi v\u00e1\u017en\u00fdm skand\u00e1lem.<\/p>\n<p>\u201eProto by se ti, kte\u0159\u00ed n\u00e1s i jin\u00e9 zem\u011b cht\u011bj\u00ed u\u010dit vysv\u011btlovat, co je to pr\u00e1vn\u00ed st\u00e1t, m\u011bli b\u00edt do prsou a ukl\u00edzet si vlastn\u00ed dv\u016fr. \u201eEvropsk\u00fd parlament nedodr\u017euje z\u00e1kony. Dnes jsou masky str\u017een\u00e9 a t\u011blo se mus\u00ed d\u00e1t do po\u0159\u00e1dku p\u0159edev\u0161\u00edm samo,\u201c uzav\u0159el Morawiecki.<\/p>\n<p>P\u0159ipome\u0148me, \u017ee minul\u00fd t\u00fdden v Bruselu policist\u00e9 provedli s\u00e9rii prohl\u00eddek a zat\u010den\u00ed v p\u0159\u00edpad\u011b korupce v Evropsk\u00e9m parlamentu. N\u011bkte\u0159\u00ed europoslanci jsou zejm\u00e9na podez\u0159el\u00ed, \u017ee brali \u00faplatky \u00fa\u0159edn\u00edk\u016fm, aby zlep\u0161ili image Kataru, ne\u017e se tam bude konat mistrovstv\u00ed sv\u011bta ve fotbale 2022. Mezi hlavn\u00ed podez\u0159el\u00e9 pat\u0159\u00ed m\u00edstop\u0159edsedkyn\u011b Evropsk\u00e9ho parlamentu, \u0159eck\u00e1 politi\u010dka Eva Kaili.<\/p>\n<p>Pozd\u011bji vy\u0161lo najevo, \u017ee v r\u00e1mci vy\u0161et\u0159ov\u00e1n\u00ed bezpe\u010dnostn\u00ed slo\u017eky od n\u00ed a jej\u00edho partnera zabavily v\u00edce ne\u017e 1,5 milionu eur v hotovosti a cenn\u00e9 dary. 13. prosince byla Kylie vylou\u010dena z politick\u00e9 strany v \u0158ecku a byla tak\u00e9 zbavena funkce v Evropsk\u00e9m parlamentu. Sama svou vinu a jak\u00fdkoli pod\u00edl na korup\u010dn\u00ed af\u00e9\u0159e kategoricky pop\u00edr\u00e1.<\/p>\n<p><em>Ji\u0159\u00ed Vyvadil: Ne \u017ee bych m\u011bl radost z toho, co se d\u011bje v EU. P\u0159em\u011b\u0148uje se jednostrannou nedemokratickou ideologickou bublinu, kde to, co je pravda a co nen\u00ed ur\u010duj\u00ed progresivisti, kte\u0159\u00ed ovl\u00e1dly v\u0161echny frakce s v\u00fdjimkou frakce Identity a demokracie, kam n\u00e1le\u017e\u00ed nap\u0159\u00edklad i n\u00e1\u0161 Ivan David\u2026<\/em><\/p>\n<p><em>Asi tak<\/em><\/p>\n<p><a href=\"http:\/\/vasevec.parlamentnilisty.cz\/clanky\/polsky-premier-obvinil-evropsky-parlament-z-korupce\">Ji\u0159\u00ed Vyvadil<\/a><\/p>\n<p><img decoding=\"async\" loading=\"lazy\" class=\"alignnone size-medium wp-image-16474\" src=\"http:\/\/www.infokuryr.cz\/n\/wp-content\/uploads\/2022\/10\/jiri-vyvadil-300x200.jpg\" alt=\"\" width=\"300\" height=\"200\" srcset=\"https:\/\/www.infokuryr.cz\/n\/wp-content\/uploads\/2022\/10\/jiri-vyvadil-300x200.jpg 300w, https:\/\/www.infokuryr.cz\/n\/wp-content\/uploads\/2022\/10\/jiri-vyvadil-768x512.jpg 768w, https:\/\/www.infokuryr.cz\/n\/wp-content\/uploads\/2022\/10\/jiri-vyvadil.jpg 800w\" sizes=\"(max-width: 300px) 100vw, 300px\" \/><\/p>\n<p>_____________________________<\/p>\n<p><img decoding=\"async\" loading=\"lazy\" class=\"wp-image-19187 aligncenter\" src=\"http:\/\/www.infokuryr.cz\/n\/wp-content\/uploads\/2022\/12\/1-PRO-300x36.jpg\" alt=\"\" width=\"1258\" height=\"151\" srcset=\"https:\/\/www.infokuryr.cz\/n\/wp-content\/uploads\/2022\/12\/1-PRO-300x36.jpg 300w, https:\/\/www.infokuryr.cz\/n\/wp-content\/uploads\/2022\/12\/1-PRO.jpg 699w\" sizes=\"(max-width: 1258px) 100vw, 1258px\" \/><\/p>\n<p>&nbsp;<\/p>\n","protected":false},"excerpt":{"rendered":"<p>Polsk\u00fd premi\u00e9r Morawiecki, tak jako kone\u010dn\u011b v\u0161ichni pol\u0161t\u00ed politici je zn\u00e1m typickou protiruskou politikou, ale&#8230;<\/p>\n","protected":false},"author":2,"featured_media":11618,"comment_status":"closed","ping_status":"closed","sticky":false,"template":"","format":"standard","meta":[],"categories":[6],"tags":[41,292,29,207,31],"_links":{"self":[{"href":"https:\/\/www.infokuryr.cz\/n\/wp-json\/wp\/v2\/posts\/19976"}],"collection":[{"href":"https:\/\/www.infokuryr.cz\/n\/wp-json\/wp\/v2\/posts"}],"about":[{"href":"https:\/\/www.infokuryr.cz\/n\/wp-json\/wp\/v2\/types\/post"}],"author":[{"embeddable":true,"href":"https:\/\/www.infokuryr.cz\/n\/wp-json\/wp\/v2\/users\/2"}],"replies":[{"embeddable":true,"href":"https:\/\/www.infokuryr.cz\/n\/wp-json\/wp\/v2\/comments?post=19976"}],"version-history":[{"count":0,"href":"https:\/\/www.infokuryr.cz\/n\/wp-json\/wp\/v2\/posts\/19976\/revisions"}],"wp:featuredmedia":[{"embeddable":true,"href":"https:\/\/www.infokuryr.cz\/n\/wp-json\/wp\/v2\/media\/11618"}],"wp:attachment":[{"href":"https:\/\/www.infokuryr.cz\/n\/wp-json\/wp\/v2\/media?parent=19976"}],"wp:term":[{"taxonomy":"category","embeddable":true,"href":"https:\/\/www.infokuryr.cz\/n\/wp-json\/wp\/v2\/categories?post=19976"},{"taxonomy":"post_tag","embeddable":true,"href":"https:\/\/www.infokuryr.cz\/n\/wp-json\/wp\/v2\/tags?post=19976"}],"curies":[{"name":"wp","href":"https:\/\/api.w.org\/{rel}","templated":true}]}}