{"id":19975,"date":"2022-12-20T01:00:47","date_gmt":"2022-12-20T00:00:47","guid":{"rendered":"http:\/\/www.infokuryr.cz\/n\/?p=19975"},"modified":"2022-12-19T16:32:02","modified_gmt":"2022-12-19T15:32:02","slug":"jindrich-kulhavy-ceske-predsednictvi-eu-je-plne-omylu","status":"publish","type":"post","link":"https:\/\/www.infokuryr.cz\/n\/2022\/12\/20\/jindrich-kulhavy-ceske-predsednictvi-eu-je-plne-omylu\/","title":{"rendered":"Jind\u0159ich Kulhav\u00fd: \u010cesk\u00e9 p\u0159edsednictv\u00ed EU je pln\u00e9 omyl\u016f"},"content":{"rendered":"<div id=\"fb-root\"><\/div>\n<p><span class=\"anotation\">\u010cesk\u00e9 p\u0159edsednictv\u00ed v\u00a0EU se bl\u00ed\u017e\u00ed ke sv\u00e9mu konci a m\u00e1 pro \u010cechy, Moravany a Slezany ho\u0159kou p\u0159\u00edchu\u0165. Po celou dobu pseudovl\u00e1dy Petra Fialy tato parti\u010dka neud\u011blala pro \u010ceskou republiku zhola nic. Po celou dobu se starala p\u0159edev\u0161\u00edm o Ukrajinu a za sv\u016fj nejv\u011bt\u0161\u00ed \u00fasp\u011bch pova\u017euje p\u0159esv\u011bd\u010den\u00ed Ma\u010farska k\u00a0podpo\u0159e poskytnut\u00ed dal\u0161\u00ed ob\u0159\u00ed p\u016fj\u010dky t\u00e9to \u010dern\u00e9 d\u00ed\u0159e na pen\u00edze. Ov\u0161em za cenu uvoln\u011bn\u00ed financ\u00ed nav\u00edc i pro samotn\u00e9 Ma\u010farsko. Orb\u00e1n tak p\u0159istoupil na n\u011bco, co se j\u00edm spravovan\u00e9 zem\u011b nedotkne, proto\u017ee Ma\u010far\u016fm je p\u0159\u00edpadn\u00e1 ztr\u00e1ta v\u00edcem\u00e9n\u011b dorovn\u00e1na.<\/span><\/p>\n<div id=\"pagetext\">\n<p>\u00a0 Jedn\u00edm z\u00a0posledn\u00edch po\u010din\u016f Evropsk\u00e9 unie se stalo dal\u0161\u00ed zdra\u017een\u00ed emisn\u00edch povolenek a zp\u0159\u00edsn\u011bn\u00ed dopadu i na jednotliv\u00e9 firmy a dom\u00e1cnosti. Brusel ve sv\u00e9m naprosto nesmysln\u00e9m a neopodstatn\u011bn\u00e9m honu za uhl\u00edkovou neutralitou posiluje \u0161pinav\u00fd byznys s\u00a0emisn\u00edmi povolenkami p\u0159ihr\u00e1vaj\u00edc\u00edm obchodn\u00edk\u016fm s\u00a0nimi obrovsk\u00e9 mno\u017estv\u00ed pen\u011bz, kter\u00e9 jsou vyb\u00edr\u00e1ny nejen od pr\u016fmyslov\u00fdch a energetick\u00fdch spole\u010dnost\u00ed. Nov\u011b se budou dot\u00fdkat v\u0161ech majitel\u016f nemovitost\u00ed, kdy v\u00fd\u0161e t\u00e9to speci\u00e1ln\u00ed dan\u011b za produkci CO2 bude ur\u010dov\u00e1na energetickou n\u00e1ro\u010dnost\u00ed dom\u016f na jejich vyt\u00e1p\u011bn\u00ed. Pokud si nedok\u00e1\u017eete p\u0159edstavit, co to znamen\u00e1, pak tedy to, \u017ee \u010d\u00edm m\u00e1te star\u0161\u00ed d\u016fm, t\u00edm v\u00edce za tuto da\u0148 zaplat\u00edte. Zapome\u0148te pak i na krby, kamna \u010di kotle na jak\u00e9koliv palivo mimo elekt\u0159iny, ov\u0161em ani ta V\u00e1s neochr\u00e1n\u00ed, budete li ji pou\u017e\u00edvat k\u00a0vyt\u00e1p\u011bn\u00ed star\u0161\u00ed nemovitosti. Na jej\u00ed modernizaci budete sice moct dostat ur\u010ditou evropskou dotaci, ov\u0161em p\u0159edstava, jak se v\u0161echny domy oblepuj\u00ed polystyr\u00e9nem (co\u017e je obrovsk\u00fd probl\u00e9m pro budoucnost a kdo vid\u011bl d\u016fm po jeho sund\u00e1n\u00ed a \u010dast\u00e9 probl\u00e9my s\u00a0pl\u00edsn\u011bmi, mus\u00ed se zhrozit), p\u0159\u00edpadn\u011b jin\u00fdmi izola\u010dn\u00edmi materi\u00e1ly, je prost\u011b hrozn\u00e1. Absolutn\u011b se pot\u00e9 vytrat\u00ed prvky star\u00e9 architektury a centra m\u011bst se razantn\u011b zm\u011bn\u00ed. Nebo ne a tyto kr\u00e1sn\u00e9 stavby z\u016fstanou pr\u00e1zdn\u00e9.<\/p>\n<p>Nebavme se v\u0161ak pouze o architektu\u0159e. Technologick\u00e9 \u00fapravy a zm\u011bny budou m\u00edt nevy\u010d\u00edsliteln\u00e9 a t\u011b\u017eko p\u0159edstaviteln\u00e9 n\u00e1klady na renovace star\u00fdch, ale i stavby nov\u00fdch budov a dom\u016f. Povolenky zase nav\u00fd\u0161\u00ed ceny naprosto v\u0161eho, co se vyr\u00e1b\u00ed a dov\u00e1\u017e\u00ed, proto\u017ee maj\u00ed zas\u00e1hnout i dopravu v\u010detn\u011b t\u00e9 lodn\u00ed. Inflace m\u016f\u017ee poposko\u010dit o dal\u0161\u00edch plno procent. Net\u00fdk\u00e1 se to tedy jen tepla, ale tak\u00e9 pr\u016fmyslu, zem\u011bd\u011blstv\u00ed, dopravy, potravin\u00e1\u0159stv\u00ed, prost\u011b kompletn\u011b v\u0161eho p\u0159edstaviteln\u00e9ho. Green Deal, kter\u00e9ho je bezuhl\u00edkov\u00e9 hospod\u00e1\u0159stv\u00ed sou\u010d\u00e1st\u00ed, ud\u011bl\u00e1 z\u00a0\u017eivota v\u00a0Evrop\u011b peklo. To v\u0161e kv\u016fli honu za nesmyslem, proto\u017ee o p\u0159ebytku CO2 na planet\u011b nem\u016f\u017ee b\u00fdt ani \u0159e\u010d. Jde o hol\u00fd nesmysl zneu\u017eit\u00fd agendou vzniklou k\u00a0likvidaci evropsk\u00e9 \u017eivotn\u00ed \u00farovn\u011b a k\u00a0n\u00e1vratu v\u011bt\u0161iny eurounijn\u00edch zem\u00ed zp\u011bt do st\u0159edov\u011bku. Obchodn\u00edci s\u00a0povolenkami si naopak mnou ruce nad dal\u0161\u00edmi obrovsk\u00fdmi mo\u017enostmi vedouc\u00edmi k\u00a0jejich zbohatnut\u00ed na \u00fakor v\u0161ech b\u011b\u017en\u00fdch obyvatel na\u0161eho kontinentu.<\/p>\n<p>Na obranu p\u0159ed \u0161\u00edlenstv\u00edm vznikl\u00fdm v\u00a0evropsk\u00e9m parlamentu se u\u017e postavila i \u0159ada v\u00fdznamn\u00fdch v\u011bdc\u016f a klimatolog\u016f. V\u011bt\u0161ina z\u00a0nich naz\u00fdv\u00e1 nulovou uhl\u00edkovou stopu jako tot\u00e1ln\u00ed ,,hovadinu\u201c, kter\u00e1 m\u016f\u017ee m\u00edt na p\u0159\u00edrodu i lidstvo mnohem hor\u0161\u00ed dopady ne\u017e m\u00e1 sou\u010dasn\u00e1 produkce CO2. P\u0159ipome\u0148me si, \u017ee dal\u0161\u00edm po\u010dinem EU je likvidace chov\u016f dobytka, a t\u00edm tedy i p\u0159ibl\u00ed\u017een\u00ed se k\u00a0potravinov\u00e9 krizi. Zvl\u00e1\u0161t\u011b kdy\u017e ruku v\u00a0ruce se sni\u017eov\u00e1n\u00edm produkce masa a \u017eivo\u010di\u0161n\u00e9 v\u00fdroby jede i snaha podobn\u011b omezit tu rostlinnou. Pokud toto nen\u00ed z\u00e1m\u011brn\u011b vyvol\u00e1van\u00e1 krize, pak u\u017e nev\u00edme, jak\u00fd d\u016fkaz o z\u00e1m\u011brn\u00e9 likvidaci evropsk\u00fdch standard\u016f pot\u0159ebujete, abyste uv\u011b\u0159ili. Fialovo p\u0159edsednictv\u00ed v\u00a0EU by m\u011blo sm\u011b\u0159ovat k\u00a0ochran\u011b \u010desk\u00fdch z\u00e1jm\u016f. Na\u0161e zem\u011bd\u011blstv\u00ed b\u00fdvalo p\u00fdchou p\u0159edlistopadov\u00fdch vl\u00e1d (my\u0161leno p\u0159ed rokem 1989) a dok\u00e1zalo u\u017eivit \u010desk\u00fd n\u00e1rod. Podobn\u00e9 parametry m\u011bl n\u00e1\u0161 pr\u016fmysl, by\u0165 ne v\u017edy byl \u00fapln\u011b modern\u00ed. Postupn\u011b jsme o tyto v\u00fdhody p\u0159i\u0161li, nicm\u00e9n\u011b i tak jsme byli pro zahrani\u010dn\u00ed partnery zaj\u00edmav\u00fdmi. Postupn\u011b se na\u0161im politik\u016fm poda\u0159ilo rozprodat t\u00e9m\u011b\u0159 v\u0161e a z\u00a0toho, co tu zbylo te\u010f, d\u00edky Fialovi u\u017e moc nez\u00edsk\u00e1me. Op\u011bt budeme odv\u00e1d\u011bt dal\u0161\u00ed obrovsk\u00e9 mno\u017estv\u00ed pen\u011bz, kter\u00e9 p\u0159istanou na kontech obchodn\u00edk\u016f s\u00a0emisn\u00edmi povolenkami.<\/p>\n<p>Fiala pro \u010ceskou republiku neud\u011blal v\u016fbec nic a p\u0159edsednictv\u00ed EU na tom nic nezm\u011bnilo. Sv\u011bt bude nad\u00e1le produkovat miliony tun CO2, ani\u017e by se na planet\u011b n\u011bco zm\u011bnilo k hor\u0161\u00edmu, proto\u017ee p\u0159\u00edroda si s uhl\u00edkem porad\u00ed. To u\u017e je d\u00e1vno prok\u00e1z\u00e1no, nijak to teplotu na Zemi nem\u011bn\u00ed. K tomu mnohem v\u00edce p\u0159isp\u00edv\u00e1 aktivita Slunce a p\u0159irozen\u00e9 cykly, kter\u00e9 se pr\u016fb\u011b\u017en\u011b m\u011bn\u00ed a ur\u010duj\u00ed klimatick\u00e9 zm\u011bny. Evropa, respektive p\u00e1r set eko\u0161\u00edlenc\u016f, si v\u0161ak dali sv\u016fj vysn\u011bn\u00fd a nelogick\u00fd c\u00edl, d\u00edky kter\u00e9mu v\u0161ichni razantn\u011b zchudneme a budeme d\u0159\u00edt na profit elit\u00e1\u0159sk\u00fdch byznysmen\u016f. Ukrajinsko-eurounijn\u00ed premi\u00e9r Fiala tak zasadil \u010desk\u00e9mu n\u00e1rodu, pr\u016fmyslu a zem\u011bd\u011blstv\u00ed dal\u0161\u00ed smrtelnou r\u00e1nu a svou ne\u010dinnost\u00ed pouze prohloubil st\u00e1vaj\u00edc\u00ed i p\u0159ich\u00e1zej\u00edc\u00ed krizi. V\u011bt\u0161\u00edho \u0161k\u016fdce, ne\u017e je P\u011btikoalice, jsme tady je\u0161t\u011b nem\u011bli. A to je vysv\u011bd\u010den\u00ed, kter\u00e9 Fialovi po roce vl\u00e1dy inadhled vystavil.<\/p>\n<p><a href=\"https:\/\/www.inadhled.live\/zajimavosti\/ceske-predsednictvi-eu-je-plne-omylu\/\">Jind\u0159ich Kulhav\u00fd<\/a><\/p>\n<p><img decoding=\"async\" loading=\"lazy\" class=\"wp-image-19187 aligncenter\" src=\"http:\/\/www.infokuryr.cz\/n\/wp-content\/uploads\/2022\/12\/1-PRO-300x36.jpg\" alt=\"\" width=\"1267\" height=\"152\" srcset=\"https:\/\/www.infokuryr.cz\/n\/wp-content\/uploads\/2022\/12\/1-PRO-300x36.jpg 300w, https:\/\/www.infokuryr.cz\/n\/wp-content\/uploads\/2022\/12\/1-PRO.jpg 699w\" sizes=\"(max-width: 1267px) 100vw, 1267px\" \/><\/p>\n<p>&nbsp;<\/p>\n<\/div>\n","protected":false},"excerpt":{"rendered":"<p>\u010cesk\u00e9 p\u0159edsednictv\u00ed v\u00a0EU se bl\u00ed\u017e\u00ed ke sv\u00e9mu konci a m\u00e1 pro \u010cechy, Moravany a Slezany&#8230;<\/p>\n","protected":false},"author":2,"featured_media":17146,"comment_status":"closed","ping_status":"closed","sticky":false,"template":"","format":"standard","meta":[],"categories":[6],"tags":[41,535,122,99],"_links":{"self":[{"href":"https:\/\/www.infokuryr.cz\/n\/wp-json\/wp\/v2\/posts\/19975"}],"collection":[{"href":"https:\/\/www.infokuryr.cz\/n\/wp-json\/wp\/v2\/posts"}],"about":[{"href":"https:\/\/www.infokuryr.cz\/n\/wp-json\/wp\/v2\/types\/post"}],"author":[{"embeddable":true,"href":"https:\/\/www.infokuryr.cz\/n\/wp-json\/wp\/v2\/users\/2"}],"replies":[{"embeddable":true,"href":"https:\/\/www.infokuryr.cz\/n\/wp-json\/wp\/v2\/comments?post=19975"}],"version-history":[{"count":0,"href":"https:\/\/www.infokuryr.cz\/n\/wp-json\/wp\/v2\/posts\/19975\/revisions"}],"wp:featuredmedia":[{"embeddable":true,"href":"https:\/\/www.infokuryr.cz\/n\/wp-json\/wp\/v2\/media\/17146"}],"wp:attachment":[{"href":"https:\/\/www.infokuryr.cz\/n\/wp-json\/wp\/v2\/media?parent=19975"}],"wp:term":[{"taxonomy":"category","embeddable":true,"href":"https:\/\/www.infokuryr.cz\/n\/wp-json\/wp\/v2\/categories?post=19975"},{"taxonomy":"post_tag","embeddable":true,"href":"https:\/\/www.infokuryr.cz\/n\/wp-json\/wp\/v2\/tags?post=19975"}],"curies":[{"name":"wp","href":"https:\/\/api.w.org\/{rel}","templated":true}]}}