{"id":1997,"date":"2021-05-26T02:42:11","date_gmt":"2021-05-26T00:42:11","guid":{"rendered":"http:\/\/www.infokuryr.cz\/n\/?p=1997"},"modified":"2021-05-26T02:42:11","modified_gmt":"2021-05-26T00:42:11","slug":"nase-armada-nedokaze-plnit-zakladni-ukol-statu-ochranit-uzemi-proti-agresi-zvenku-i-zevnitr","status":"publish","type":"post","link":"https:\/\/www.infokuryr.cz\/n\/2021\/05\/26\/nase-armada-nedokaze-plnit-zakladni-ukol-statu-ochranit-uzemi-proti-agresi-zvenku-i-zevnitr\/","title":{"rendered":"Na\u0161e arm\u00e1da nedok\u00e1\u017ee plnit z\u00e1kladn\u00ed \u00fakol st\u00e1tu, ochr\u00e1nit \u00fazem\u00ed proti agresi zvenku i zevnit\u0159"},"content":{"rendered":"<div id=\"fb-root\"><\/div>\n<p><strong>&#8222;Na\u0161e arm\u00e1da nedok\u00e1\u017ee plnit z\u00e1kladn\u00ed \u00fakol st\u00e1tu, ochr\u00e1nit \u00fazem\u00ed proti agresi zvenku i zevnit\u0159,\u201c \u0159\u00edk\u00e1 bezpe\u010dnostn\u00ed expert Svobodn\u00fdch David Bohbot<\/strong><br \/>\n<strong>\u00a0<\/strong><br \/>\n<strong>O tom, jak dlouho bude Evropa bezpe\u010dn\u00fdm m\u00edstem pro \u017eivot a zda jsme p\u0159ipraveni br\u00e1nit na\u0161i vlast a hodnoty, hovo\u0159ili v po\u0159adu Rozhovoru s\u2026, kter\u00fd vys\u00edl\u00e1 Region\u00e1ln\u00ed televize, vojensk\u00fd analytik Jaroslav \u0160tefec a bezpe\u010dnostn\u00ed expert, rod\u00e1k z Izraele, David Bohbot.<\/strong><\/p>\n<p>Podle Davida Bohbota je d\u016fle\u017eit\u00e9 p\u0159ipravit se mo\u017enost ob\u010dansk\u00e9 v\u00e1lky v Evrop\u011b a m\u00edt na n\u00ed p\u0159ipravenou odpov\u011b\u010f i v legislativ\u011b. Jaroslav \u0160tefec n\u00e1sledn\u011b uvedl, \u017ee velik\u00fd probl\u00e9m je radikalizace muslim\u016f a migra\u010dn\u00ed krize v EU. \u201e\u010cesk\u00e1 republika je srdce Evropy a pokud n\u011bjak\u00e1 choroba zachv\u00e1t\u00ed organismus, tak tomu srdci se nevyhne,\u201c uvedl \u0160tefec.\u00a0 \u201eIsl\u00e1m je pl\u00ed\u017eiv\u00e1 okupace a ono, a\u010dkoliv si to nechcete p\u0159iznat, k tomu doch\u00e1z\u00ed i u n\u00e1s,\u201c dod\u00e1v\u00e1.<\/p>\n<p>\u201eSPD moc hezky definovala probl\u00e9m, \u0159ekla n\u00e1m, co jim vad\u00ed a uvedla ho do pov\u011bdom\u00ed. Ne\u0159ekli ale jak postupovat. Zat\u00edmco my v ned\u00e1vno vytvo\u0159en\u00e9 koalice Svobodn\u00ed, Trikol\u00f3ra a Soukromn\u00edci jsme p\u0159ipravili pl\u00e1n krok za krokem, jak reagovat na re\u00e1lnou hrozbu. Jsme p\u00e1r krok\u016f dop\u0159edu a m\u00e1me p\u0159ipraven\u00e9 \u0159e\u0161en\u00ed,\u201c \u0159\u00edk\u00e1 David Bohbot.\u00a0 \u00a0 Podle vojensk\u00e9ho analytika Jaroslav \u0160tefce se na\u0161e spojenectv\u00ed s EU neprojevilo nijak pozitivn\u011b. Konkr\u00e9tn\u011b hovo\u0159il o zvl\u00e1dnut\u00ed koronakrize. \u201eEvropsk\u00e1 unie minim\u00e1ln\u011b rok t\u00e1pala, ne\u017e se za\u010dalo n\u011bco d\u011blat. To, co z hlediska vakc\u00edn vyjednala, skon\u010dilo objektivn\u011b katastrofou. Zp\u016fsob, jak\u00fdm se k tomu postavilo veden\u00e9 Evropsk\u00e9 unie byl velice \u0161patn\u00fd,\u201c dod\u00e1v\u00e1. Stejn\u00e1 situace je pr\u00fd i s migra\u010dn\u00ed kriz\u00ed. Jen analyzuj\u00ed a mluv\u00ed, ale konkr\u00e9tn\u00ed opat\u0159en\u00ed nejsou \u017e\u00e1dn\u00e1.<\/p>\n<p>V po\u0159adu se tak\u00e9 debatovalo o t\u00e9matu zaveden\u00ed povinn\u00e9 vojensk\u00e9 slu\u017eby. Rod\u00e1k z Izraele uvedl, \u017ee vojensk\u00e1 slu\u017eba je v jeho rodn\u00e9 zemi d\u016fle\u017eit\u00e1. \u201eKa\u017ed\u00fd tam je voj\u00e1k, do v\u011bku 68 a i po. \u010cesk\u00e1 republika ale zat\u00edm nem\u016f\u017ee m\u00edt povinnou vojenskou slu\u017ebu,\u201c \u0159ekl David Bohbot. Prozat\u00edm bychom o ni m\u011bli jen diskutovat s ostatn\u00edmi v EU a vysv\u011btlovat, \u017ee by k tomu mohlo doj\u00edt. \u00a0 Podle Jaroslava \u0160tefce je tak\u00e9 pot\u0159eba p\u0159ipravovat lidi na situaci, kdy m\u016f\u017ee b\u00fdt ohro\u017eena jejich bezpe\u010dnost, a to ji\u017e od \u0161kol a d\u011blat r\u016fzn\u00e1 \u0161kolen\u00ed. D\u011bti by se m\u011bly dozv\u00eddat, \u017ee sv\u011bt kolem n\u00e1s nen\u00ed bezpe\u010dn\u00fd. Politici v\u0161ak podle n\u011bj nejsou odborn\u00edci na bezpe\u010dnostn\u00ed v\u011bci. \u201eA proto by m\u011bl existovat specifick\u00fd poradn\u00ed org\u00e1n, kter\u00fd bude slou\u017eit vl\u00e1d\u011b p\u0159i rozhodov\u00e1n\u00ed v probl\u00e9mov\u00fdch p\u0159\u00edpadech,\u201c dod\u00e1v\u00e1 \u0160tefec.<\/p>\n<p><iframe loading=\"lazy\" title=\"YouTube video player\" src=\"https:\/\/www.youtube.com\/embed\/k3lnQ9PfRsg\" width=\"707\" height=\"390\" frameborder=\"0\" allowfullscreen=\"allowfullscreen\" data-mce-fragment=\"1\"><\/iframe><\/p>\n<div id=\"gpt_unit_\/162717810\/CZ-czechfreepress.cz\/cfp1-708x200_1\" data-google-query-id=\"CMrOsNKN5vACFQSTdwodZLQMrA\">\n<div id=\"google_ads_iframe_\/162717810\/CZ-czechfreepress.cz\/cfp1-708x200_1__container__\"><a href=\"https:\/\/www.svobodni.cz\/clanky\/nase-armada-nedokaze-plnit-zakladni-ukol-statu-ochranit-uzemi-proti-agresi-zvenku-i-zevnitr-rika-bezpecnostni-expert-svobodnych-david-bohbot\/\">Svobodn\u00ed<\/a><\/div>\n<\/div>\n<p>&nbsp;<\/p>\n","protected":false},"excerpt":{"rendered":"<p>&#8222;Na\u0161e arm\u00e1da nedok\u00e1\u017ee plnit z\u00e1kladn\u00ed \u00fakol st\u00e1tu, ochr\u00e1nit \u00fazem\u00ed proti agresi zvenku i zevnit\u0159,\u201c \u0159\u00edk\u00e1&#8230;<\/p>\n","protected":false},"author":2,"featured_media":1998,"comment_status":"closed","ping_status":"closed","sticky":false,"template":"","format":"standard","meta":[],"categories":[6],"tags":[80,76,462],"_links":{"self":[{"href":"https:\/\/www.infokuryr.cz\/n\/wp-json\/wp\/v2\/posts\/1997"}],"collection":[{"href":"https:\/\/www.infokuryr.cz\/n\/wp-json\/wp\/v2\/posts"}],"about":[{"href":"https:\/\/www.infokuryr.cz\/n\/wp-json\/wp\/v2\/types\/post"}],"author":[{"embeddable":true,"href":"https:\/\/www.infokuryr.cz\/n\/wp-json\/wp\/v2\/users\/2"}],"replies":[{"embeddable":true,"href":"https:\/\/www.infokuryr.cz\/n\/wp-json\/wp\/v2\/comments?post=1997"}],"version-history":[{"count":0,"href":"https:\/\/www.infokuryr.cz\/n\/wp-json\/wp\/v2\/posts\/1997\/revisions"}],"wp:featuredmedia":[{"embeddable":true,"href":"https:\/\/www.infokuryr.cz\/n\/wp-json\/wp\/v2\/media\/1998"}],"wp:attachment":[{"href":"https:\/\/www.infokuryr.cz\/n\/wp-json\/wp\/v2\/media?parent=1997"}],"wp:term":[{"taxonomy":"category","embeddable":true,"href":"https:\/\/www.infokuryr.cz\/n\/wp-json\/wp\/v2\/categories?post=1997"},{"taxonomy":"post_tag","embeddable":true,"href":"https:\/\/www.infokuryr.cz\/n\/wp-json\/wp\/v2\/tags?post=1997"}],"curies":[{"name":"wp","href":"https:\/\/api.w.org\/{rel}","templated":true}]}}