{"id":1996,"date":"2021-05-26T02:37:04","date_gmt":"2021-05-26T00:37:04","guid":{"rendered":"http:\/\/www.infokuryr.cz\/n\/?p=1996"},"modified":"2021-05-26T02:37:04","modified_gmt":"2021-05-26T00:37:04","slug":"rychetsky-to-opet-prehnal","status":"publish","type":"post","link":"https:\/\/www.infokuryr.cz\/n\/2021\/05\/26\/rychetsky-to-opet-prehnal\/","title":{"rendered":"Rychetsk\u00fd to op\u011bt p\u0159ehnal"},"content":{"rendered":"<div id=\"fb-root\"><\/div>\n<div class=\"perex\"><strong>V hlavn\u00ed \u010d\u00e1sti diskusn\u00edho po\u0159adu V. Moravce na \u010cT1 v ned\u011bli vystupoval po jist\u00e9 dob\u011b op\u011bt p\u0159edseda \u00dastavn\u00edho soudu Pavel Rychetsk\u00fd. Je to u\u017e po n\u011bkolik\u00e1t\u00e9, co P. Rychetsk\u00fd vstupuje do politick\u00e9ho \u017eivota st\u00e1tu se zjevn\u00fdm \u00famyslem ovlivnit ob\u010dany ve prosp\u011bch pravicov\u00e9 opozice. K tomu, abych pochopil tento \u00famysl, nemus\u00edm b\u00fdt ani bystr\u00fd a nemus\u00edm ani um\u011bt \u010d\u00edst mezi \u0159\u00e1dky. P\u0159itom je v\u016fbec skand\u00e1ln\u00ed, \u017ee p\u0159edseda takov\u00e9 instituce, kter\u00e1 hl\u00e1s\u00e1, \u017ee je nez\u00e1visl\u00e1 na politick\u00fdch vlivech, v\u016fbec ve\u0159ejn\u011b vystupuje.<\/strong><\/div>\n<div class=\"content\">\n<p class=\"-wm-msonormal\">Mysl\u00edm, \u017ee jsem dob\u0159e zorientov\u00e1n nap\u0159. v\u00a0n\u011bmeck\u00e9m ve\u0159ejn\u00e9m \u017eivot\u011b. Zn\u00e1m jejich politick\u00e9 strany, jejich politick\u00fd syst\u00e9m, jejich uva\u017eov\u00e1n\u00ed a z\u00a0minulosti i n\u011bkter\u00e9 osobnosti nemeck\u00e9 politiky, v\u010detn\u011b dvou kancl\u00e9\u0159\u016f. P\u0159esto bych marn\u011b p\u0159em\u00fd\u0161lel, kdo je p\u0159edsedou n\u011bmeck\u00e9ho \u00dastavn\u00edho soudu v\u00a0Karlsruhe. N\u011bme\u010dt\u00ed z\u00e1konod\u00e1rci m\u011bli podobn\u011b jako \u010de\u0161t\u00ed p\u0159ed t\u00e9m\u011b\u0159 t\u0159iceti lety z\u00e1m\u011br, aby byl n\u011bmeck\u00fd \u00dastavn\u00ed soud co nejd\u00e1l od politick\u00fdch center a center moci. \u010ce\u0161t\u00ed z\u00e1konod\u00e1rci se domn\u00edvali, \u017ee odlo\u017een\u00ed \u00dastavn\u00edho soudu do Brna sta\u010d\u00ed k\u00a0tomu, aby se tato instituce do ni\u010deho moc nem\u00edchala. A aby nebyla pod politick\u00fdm vlivem kohokoliv.<\/p>\n<p class=\"-wm-msonormal\">P\u0159edseda \u00dastavn\u00edho soudu Rychetsk\u00fd je ov\u0161em zvl\u00e1\u0161tn\u00ed p\u0159\u00edpad. Byl ministrem, m\u00edstop\u0159edsedou vl\u00e1dy (dvakr\u00e1t), je b\u00fdval\u00fdm disidentem a patrn\u011b se domn\u00edv\u00e1, \u017ee jemu \u010di z\u00e1jmov\u00e9 skupin\u011b, ke kter\u00e9 pat\u0159\u00ed, republika jaksi n\u00e1le\u017e\u00ed.<\/p>\n<p class=\"-wm-msonormal\">Kdo m\u00e1 dobrou pam\u011b\u0165, tak si vzpomene, jak\u00fdm gangstersk\u00fdm zp\u016fsobem p\u0159ed parlamentn\u00edmi volbami v\u00a0roce 1990 spolu s\u00a0J. Rumlem likvidovali, t\u011bsn\u011b p\u0159ed otev\u0159en\u00edm volebn\u00edch m\u00edstnost\u00ed a v\u00a0dob\u011b volebn\u00edho klidu zbran\u00ed, p\u0159edsedu lidov\u00e9 strany Barton\u010d\u00edka a s\u00a0n\u00edm i nad\u011bje lidov\u00e9 strany na lep\u0161\u00ed volebn\u00ed v\u00fdsledek.<\/p>\n<p class=\"-wm-msonormal\">V\u00a0roce 2009 to byl Rychetsk\u00fd, coby p\u0159edseda \u00dastavn\u00edho soudu, kdo spolu s\u00a0n\u011bkolika sv\u00fdmi pochopy zorganizoval v\u00a0t\u00e9to soudn\u00ed instituci proti\u00fastavn\u00ed rozhodnut\u00ed, kter\u00fdm byly de facto zru\u0161eny mimo\u0159\u00e1dn\u00e9 volby, ur\u010den\u00e9 na \u0159\u00edjen 2009, a to rozhodnut\u00edm \u2013 \u00fastavn\u00ed v\u011bt\u0161inou &#8211; dvou parlamentn\u00edch komor. V\u016fle lidu se tak nemohla projevit a vzhledem k\u00a0tomu, \u017ee by volby, podle v\u0161ech tehdy dostupn\u00fdch pr\u016fzkum\u016f, vyhr\u00e1la levice, m\u016f\u017eeme \u0159\u00edci, \u017ee se jednalo vlastn\u011b o st\u00e1tn\u00ed p\u0159evrat.<\/p>\n<p class=\"-wm-msonormal\">Po\u010d\u00e1tkem tohoto roku vstoupil Rychetsk\u00fd znovu do hry a zru\u0161en\u00edm n\u011bkolika ustanoven\u00ed volebn\u00edho z\u00e1kona donutil parlament k\u00a0jeho \u00faprav\u011b. Proto\u017ee mu to u\u017e ale tolik nemysl\u00ed a nedok\u00e1\u017ee anticipovat ani kr\u00e1tkodob\u00e9 v\u00fdvojov\u00e9 trendy ve spole\u010dnosti, vypad\u00e1 to, \u017ee se mu kr\u00e1sn\u011b povedlo zkomplikovat \u017eivot p\u0159edev\u0161\u00edm \u2013 stran\u00e1m pravice. D\u00edky j\u00edm prosazen\u00fdm \u00faprav\u00e1m volebn\u00edho z\u00e1kona toti\u017e bude volebn\u00ed v\u00fdsledek t\u011bch volebn\u011b nejsiln\u011bj\u0161\u00edch stran rozm\u011bln\u011bn a v\u0161e nejsp\u00ed\u0161 povede k\u00a0volebn\u00edmu patu. Na jedn\u00e9 stran\u011b budou po volb\u00e1ch mand\u00e1ty pravost\u0159edov\u00fdch stran a na druh\u00e9 stran\u011b mand\u00e1ty levice a populistu. Ti druz\u00ed mohou nakonec z\u00edskat m\u00edrn\u011b navrch. Ale i pokud nez\u00edskaj\u00ed, tak ka\u017ed\u00e1 vl\u00e1dn\u00ed v\u011bt\u0161ina, kter\u00e1 se snad ve sn\u011bmovn\u011b vytvo\u0159\u00ed, bude velmi k\u0159ehk\u00e1. A udr\u017eet dlouhodob\u011b u moci nap\u0159. vl\u00e1du p\u011bti stran a t\u0159eba i cel\u00e9 volebn\u00ed obdob\u00ed, to prost\u011b pova\u017euji t\u00e9m\u011b\u0159 za nemo\u017en\u00e9.<\/p>\n<p class=\"-wm-msonormal\">Rychetsk\u00fd tedy sv\u00fdm vstupem do politiky zkomplikoval tvorbu budouc\u00edch vl\u00e1dn\u00edch v\u011bt\u0161in a tedy i stabilitu vl\u00e1dn\u00edch v\u011bt\u0161in, a to prosazen\u00edm zm\u011bn volebn\u00edho z\u00e1kona. \u010cesk\u00e1 politika tak bude je\u0161t\u011b rozb\u0159edlej\u0161\u00ed, ne\u017e je nyn\u00ed.<\/p>\n<p class=\"-wm-msonormal\">V\u00a0ned\u011bli si Rychetsk\u00fd zchladil \u017e\u00e1hu na ministryni spravedlnosti M. Bene\u0161ov\u00e9. \u017de pr\u00fd nem\u00e1 co zasahovat do pr\u00e1ce st\u00e1tn\u00edch z\u00e1stupc\u016f, \u010di vyhro\u017eovat nejvy\u0161\u0161\u00edmu st\u00e1tn\u00edmu z\u00e1stupci. Pravice vn\u00edm\u00e1 pozici nejvy\u0161\u0161\u00edho st\u00e1tn\u00edho z\u00e1stupce jako kl\u00ed\u010dovou pozici v\u00a0soudn\u00ed soustav\u011b a proto bude hledat v\u0161i na ka\u017ed\u00e9m nov\u00e9m kandid\u00e1tovi, kter\u00e9ho p\u0159edlo\u017e\u00ed vl\u00e1d\u011b ke schv\u00e1len\u00ed ministryn\u011b spravedlnosti Bene\u0161ov\u00e1. Samoz\u0159ejm\u011b bude hledat p\u0159\u00edle\u017eitosti tak\u00e9 k\u00a0\u00fatok\u016fm na M. Bene\u0161ovou samotnou.<\/p>\n<p class=\"-wm-msonormal\">\u017dijeme ve srandovn\u00ed zemi. Demonstrace milionchvilka\u0159\u016f, i kdy\u017e nijak zvl\u00e1\u0161\u0165 zat\u00edm nav\u0161t\u00edven\u00e9, demonstruj\u00ed ve prosp\u011bch \u00fadajn\u00e9 nez\u00e1vislosti justice a zejm\u00e9na st\u00e1tn\u00edch z\u00e1stupc\u016f. Ch\u00e1pu v\u0161echno mo\u017en\u00e9. Ch\u00e1pu demonstrace proti drahot\u011b, zdra\u017eov\u00e1n\u00ed, hloup\u00e9mu soci\u00e1ln\u00edmu z\u00e1konod\u00e1rstv\u00ed, zjevn\u00e9 korupci apod. Ale abychom na\u0161li krom\u011b \u010cR je\u0161t\u011b jeden st\u00e1t na sv\u011bt\u011b, kde se demonstruje za prokur\u00e1tory, to opravdu nepova\u017euji za mo\u017en\u00e9. P. Rychetsk\u00fd na tom ale nic divn\u00e9ho nevid\u00ed.<\/p>\n<\/div>\n<p class=\"-wm-msonormal\"><a href=\"http:\/\/vasevec.parlamentnilisty.cz\/komentare\/rychetsky-opet-prehnal\">Ji\u0159\u00ed Paroubek<\/a><\/p>\n<p>&nbsp;<\/p>\n","protected":false},"excerpt":{"rendered":"<p>V hlavn\u00ed \u010d\u00e1sti diskusn\u00edho po\u0159adu V. Moravce na \u010cT1 v ned\u011bli vystupoval po jist\u00e9 dob\u011b&#8230;<\/p>\n","protected":false},"author":2,"featured_media":336,"comment_status":"closed","ping_status":"closed","sticky":false,"template":"","format":"standard","meta":[],"categories":[6],"tags":[47,29,444,335],"_links":{"self":[{"href":"https:\/\/www.infokuryr.cz\/n\/wp-json\/wp\/v2\/posts\/1996"}],"collection":[{"href":"https:\/\/www.infokuryr.cz\/n\/wp-json\/wp\/v2\/posts"}],"about":[{"href":"https:\/\/www.infokuryr.cz\/n\/wp-json\/wp\/v2\/types\/post"}],"author":[{"embeddable":true,"href":"https:\/\/www.infokuryr.cz\/n\/wp-json\/wp\/v2\/users\/2"}],"replies":[{"embeddable":true,"href":"https:\/\/www.infokuryr.cz\/n\/wp-json\/wp\/v2\/comments?post=1996"}],"version-history":[{"count":0,"href":"https:\/\/www.infokuryr.cz\/n\/wp-json\/wp\/v2\/posts\/1996\/revisions"}],"wp:featuredmedia":[{"embeddable":true,"href":"https:\/\/www.infokuryr.cz\/n\/wp-json\/wp\/v2\/media\/336"}],"wp:attachment":[{"href":"https:\/\/www.infokuryr.cz\/n\/wp-json\/wp\/v2\/media?parent=1996"}],"wp:term":[{"taxonomy":"category","embeddable":true,"href":"https:\/\/www.infokuryr.cz\/n\/wp-json\/wp\/v2\/categories?post=1996"},{"taxonomy":"post_tag","embeddable":true,"href":"https:\/\/www.infokuryr.cz\/n\/wp-json\/wp\/v2\/tags?post=1996"}],"curies":[{"name":"wp","href":"https:\/\/api.w.org\/{rel}","templated":true}]}}