{"id":1995,"date":"2021-05-26T02:32:35","date_gmt":"2021-05-26T00:32:35","guid":{"rendered":"http:\/\/www.infokuryr.cz\/n\/?p=1995"},"modified":"2021-05-26T02:32:35","modified_gmt":"2021-05-26T00:32:35","slug":"mala-encyklopedie-bezprecedentniho-statniho-terorismu","status":"publish","type":"post","link":"https:\/\/www.infokuryr.cz\/n\/2021\/05\/26\/mala-encyklopedie-bezprecedentniho-statniho-terorismu\/","title":{"rendered":"Mal\u00e1 encyklopedie bezprecedentn\u00edho st\u00e1tn\u00edho terorismu"},"content":{"rendered":"<div id=\"fb-root\"><\/div>\n<p><strong>Medi\u00e1ln\u00ed prostor zaplnilo rozho\u0159\u010den\u00ed z\u00a0 b\u011blorusk\u00e9ho aktu \u201ebezprecedentn\u00edho st\u00e1tn\u00edho terorismu\u201c spo\u010d\u00edvaj\u00edc\u00edho v tom, \u017ee se na spr\u00e1vn\u00e9m m\u00edst\u011b p\u0159inut\u00ed p\u0159ist\u00e1t spr\u00e1vn\u00e9 letadlo a vyt\u00e1hne se z n\u011bj spr\u00e1vn\u00e1 osoba. Zaj\u00edmav\u00e9, ale ur\u010dit\u011b ne bezprecedentn\u00ed.\u00a0\u00a0<\/strong><span id=\"more-4876\"><\/span><\/p>\n<p>Luka\u0161enkovo nedemokratick\u00e9 B\u011blorusko p\u0159ece jen s pon\u011bkud v\u011bt\u0161\u00edm \u00fasp\u011bchem okop\u00edrovalo recept, kter\u00fd sv\u011btu p\u0159ed \u010dasem p\u0159edstavily Obamovy demokratick\u00e9 Spojen\u00e9 st\u00e1ty americk\u00e9. Recept na to jak klidn\u011b vyt\u00e1hnout nep\u0159\u00edtele st\u00e1tu z letadla jak \u0161neka z ulity a p\u0159itom zvesela dlabat na ve\u0161ker\u00e9 mysliteln\u00e9 pr\u00e1vo jak na placat\u00fd k\u00e1men. Autorit\u00e1\u0159sk\u00e9 B\u011blorusko rozhodn\u011b nep\u0159edvedlo nic, co by p\u0159ed n\u00edm nep\u0159edvedl l\u00eddr svobodn\u00e9ho sv\u011bta.<\/p>\n<p>Rozd\u00edl je jen v tom, \u017ee B\u011blorusko do \u201esvobodn\u00e9ho sv\u011bta\u201c nepat\u0159\u00ed. A pochopiteln\u011b v tom, \u017ee se mu to, na rozd\u00edl od zpackan\u00e9ho pokusu USA, povedlo. Proto se B\u011blorusko, na rozd\u00edl od USA, dopustilo \u201e<a href=\"https:\/\/www.irozhlas.cz\/zpravy-svet\/minsk-letadlo-pristani-ryanair-bomba-lukasenko-belorusko-novinar_2105231913_ban\">bezprecedentn\u00edho st\u00e1tn\u00edho terorismu<\/a>,\u00a0<a href=\"https:\/\/www.seznamzpravy.cz\/clanek\/beloruska-stihacka-donutila-pristat-letadlo-ryanairu-na-palube-byl-disident-155735\">teroristick\u00e9ho \u00fatoku na EU<\/a>\u201c a proto si n\u00e1\u0161 nejnov\u011bj\u0161\u00ed a nejmen\u0161\u00ed ministr zahrani\u010d\u00ed\u00a0<em>sebev\u011bdom\u00e9 a hrd\u00e9<\/em>\u00a0zem\u011b p\u0159edvol\u00e1v\u00e1 b\u011blorusk\u00e9ho velvyslance, aby mu\u00a0<a href=\"https:\/\/www.novinky.cz\/zahranicni\/evropa\/clanek\/odklonenim-letadla-do-minsku-se-bude-zabyvat-eu-kulhanek-si-predvola-velvyslance-40361085\">ost\u0159e<\/a>\u00a0umyl hlavu mydlinkama.<\/p>\n<p>\u0158e\u010d je o roce 2013, kdy na pokyn USA \u010dty\u0159i\u00a0<em>sebev\u011bdom\u00e9 a hrd\u00e9<\/em>\u00a0evropsk\u00e9 st\u00e1ty \u2013 Portugalsko, Francie, \u0160pan\u011blsko a It\u00e1lie \u2013 zak\u00e1zaly (rovn\u011b\u017e pod pr\u016fhlednou z\u00e1minkou) vstup do sv\u00e9ho prostoru letadlu bolivijsk\u00e9ho prezidenta Moralese vracej\u00edc\u00edmu se z Moskvy. Kter\u00e9 proto muselo nucen\u011b, d\u00edky nedostatku paliva, p\u0159ist\u00e1t ve V\u00eddni. Kde bylo v rozporu s mezin\u00e1rodn\u00edm pr\u00e1vem prohled\u00e1no rakousk\u00fdmi policisty. Tedy jeden bezprecedentn\u00ed akt st\u00e1tn\u00edho terorismu za druh\u00fdm. D\u016fvodem toho v\u0161eho byla \u00fadajn\u00e1 p\u0159\u00edtomnost Edwarda Snowdena na jeho palub\u011b.<\/p>\n<p>Kter\u00e9ho USA pova\u017eovaly a pova\u017euj\u00ed za nebezpe\u010dn\u00e9ho. Proto\u017ee t\u00edm, \u017ee informoval sv\u011bt o masivn\u00edm americk\u00e9m \u0161piclov\u00e1n\u00ed \u00fapln\u011b v\u0161ech vyt\u00e1hl na sv\u011btlo americk\u00e9 \u0161pinav\u00e9 pr\u00e1dlo. Stejn\u011b jako B\u011blorusko pova\u017euje za nebezpe\u010dn\u00e9ho zase n\u011bjak\u00e9ho Protasevi\u010de. Proto\u017ee pr\u00fd vytahuje na sv\u011btlo b\u011blorusk\u00e9 \u0161pinav\u00e9 pr\u00e1dlo. Najdi p\u011bt rozd\u00edl\u016f.<\/p>\n<p>Tedy krom\u011b toho, \u017ee motivace Snowdena st\u00e1t se \u201eteroristou\u201c je celkem jasn\u00e1 a motivace Protasevi\u010de naopak celkem nejasn\u00e1, toho, \u017ee autorit\u00e1\u0159 Luka\u0161enko v lovu\u00a0 na nep\u0159\u00edtele st\u00e1tu v letadle usp\u011bl a demokrat Obama nikoliv a pochopiteln\u011b toho, \u017ee v roce 2013 se v\u0161ichni tv\u00e1\u0159ili, \u017ee se to nestalo a te\u010f se naopak m\u016f\u017eou v\u0161ichni posrat.<\/p>\n<p>Jinak v\u0161echno prob\u011bhlo stejn\u011b \u010di velice podobn\u011b: metodou, proveden\u00edm i c\u00edlem. Mimochodem, co mn\u011b osobn\u011b hodn\u011b vrt\u00e1 hlavou je fakt, \u017ee B\u011blorusko klidn\u011b riskovalo mezin\u00e1rodn\u00ed grilov\u00e1n\u00ed kv\u016fli naprost\u00e9 nule jako je Protasevi\u010d. Pokud jenom proto, \u017ee prost\u011b Luka\u0161enka tak n\u011bjak sral u\u017e jen svoj\u00ed existenc\u00ed, tak je b\u011blorusk\u00fd prezident je\u0161t\u011b v\u011bt\u0161\u00ed h\u0148up ne\u017e se zd\u00e1lo.<\/p>\n<p>Ale zp\u00e1tky k meritu v\u011bci. Jestli je dnes nucen\u00e9 p\u0159ist\u00e1n\u00ed letadla s nep\u0159\u00edtelem st\u00e1tu na palub\u011b za \u00fa\u010delem jeho odchycen\u00ed a um\u00edst\u011bn\u00ed do \u0165urmy za \u00fa\u010delem z\u010dern\u00e1n\u00ed opravdu aktem \u201ebezprecedentn\u00edho st\u00e1tn\u00edho terorismu,\u201c pak j\u00edm jist\u011b bylo tot\u00e9\u017e i v roce 2013.<\/p>\n<p>Ov\u0161em v roce 2013 se nikdo nerozho\u0159\u010doval. Nikdo nek\u0159i\u010del o nehor\u00e1znosti, vzdu\u0161n\u00e9m pir\u00e1tstv\u00ed a sankc\u00edch. Redakce to cel\u00e9 dny nepitvaly s \u201eexperty.\u201c K americko-unijn\u00ed akci se p\u0159istupovalo jaksi v\u011bcn\u011b, asi jako kdy\u017e se hl\u00e1s\u00ed po\u010das\u00ed \u2013\u00a0<em>v\u010dera pr\u0161elo, dneska sv\u00edt\u00ed slunce<\/em>\u00a0\u2013 \u010di dokonce a\u017e la\u0161kovn\u011b. Viz Aktu\u00e1ln\u011b.cz a jeho titulek: \u201e<a href=\"https:\/\/zpravy.aktualne.cz\/zahranici\/nevezete-snowdena-prezident-musel-neplanovane-pristat\/r~i:article:784205\/\">Nevezete Snowdena<\/a>?\u201c<\/p>\n<p>Ministr zahrani\u010d\u00ed Schwarzenberg si nep\u0159edvolal americk\u00e9ho velvyslance a nesd\u011blil mu ostr\u00fd protest\u00a0<em>sebev\u011bdom\u00e9 a hrd\u00e9<\/em>\u00a0zem\u011b proti nucen\u00e9mu p\u0159ist\u00e1n\u00ed letadla s kritikem americk\u00e9 vl\u00e1dy na palub\u011b (domn\u011ble). V\u0161ichni d\u011blali mrtv\u00e9ho brouka.<\/p>\n<p>Odborn\u00fd term\u00edn pro takov\u00e9to obdivuhodn\u00e9 po\u010d\u00edn\u00e1n\u00ed zn\u00ed \u201edvoj\u00ed metr\u201c a v sou\u010dasn\u00e9 euroatlantick\u00e9 civilizaci se jin\u00e9 m\u011b\u0159idlo u\u017e v praxi v podstat\u011b ani nepou\u017e\u00edv\u00e1. Tedy samoz\u0159ejm\u011b krom\u011b dvoj\u00edho kilometru, kter\u00fd slou\u017e\u00ed speci\u00e1ln\u011b k p\u0159em\u011b\u0159ov\u00e1n\u00ed \u010din\u016f rusk\u00fdch.<\/p>\n<p>V podobn\u00e9m duchu o ud\u00e1losti ostatn\u011b pohovo\u0159ila i mluv\u010d\u00ed rusk\u00e9 vl\u00e1dy Zacharovov\u00e1 a p\u0159idala k tomu r\u010den\u00ed \u201equod licet jovi non licet bovi\u201c (co je dovoleno bohovi, nen\u00ed dovoleno volovi). Nem\u00e1m probl\u00e9m napsat, \u017ee se s t\u00edmto stanoviskem ztoto\u017e\u0148uji. A nec\u00edt\u00edm se proto rusk\u00fdm agentem o nic v\u00edc ne\u017e obvykle.<\/p>\n<p>Pokud m\u00e1m stru\u010dn\u011b vyj\u00e1d\u0159it sv\u016fj n\u00e1zor na b\u011blorusk\u00e9 vzdu\u0161n\u00e9 pir\u00e1tstv\u00ed, tak je mi to asi \u0161um\u00e1k. Jako je mi \u0161um\u00e1k b\u011blorusk\u00e1 opozice, b\u011blorusk\u00fd re\u017eim, Luka\u0161enko i n\u011bjakej Protasevi\u010d. M\u00e1me tady sv\u00fdch starost\u00ed v\u00edc ne\u017e dost. A asi bych se \u00fapln\u011b necht\u011bl vs\u00e1zet, kde moment\u00e1ln\u011b dost\u00e1v\u00e1 svoboda v\u00edc po h\u0159bet\u011b.<\/p>\n<p>Luka\u0161enko je nepochybn\u011b buran a do ryz\u00edho demokrata m\u00e1 opravdu daleko, ale na druhou stranu s t\u00edm Protasevi\u010dem uk\u00e1zal, \u017ee m\u00e1 n\u011bco jako koule. Jako Obama. Neb\u00e1t se a prd\u011bt na to, co si kdo pomysl\u00ed. A koule jsou dneska v evropsk\u00e9 politice velkou vz\u00e1cnost\u00ed. A j\u00e1 m\u00e1m jistou slabost pro politiky s koulema. Pohl\u00ed\u017e\u00edm na n\u011b o n\u011bco shov\u00edvav\u011bji.<\/p>\n<p>V z\u00e1padn\u00ed Evrop\u011b je bohu\u017eel jako posledn\u00ed m\u011bla baronka Thatcherov\u00e1. A na na\u0161em \u00fazem\u00ed asi Karel IV.<\/p>\n<hr \/>\n<p>Z\u00e1v\u011bre\u010dn\u00e9 pozn\u00e1mky:<\/p>\n<ol>\n<li>V podstat\u011b jedin\u00fd, kdo se v roce 2013 k \u201e\u00fanosu\u201c bolivijsk\u00e9ho letadla postavil n\u011bjak norm\u00e1ln\u011bji, bez respektu, servility a v souvislostech, byl k m\u00e9mu velk\u00e9mu p\u0159ekvapen\u00ed\u00a0<a href=\"https:\/\/www.respekt.cz\/z-noveho-cisla\/co-na-nas-vi-obama\">Respekt<\/a>. Smek\u00e1m a smutn\u011b konstatuji:\u00a0<em>Kde\u017ee lo\u0148sk\u00e9 sn\u011bhy jsou<\/em>.<\/li>\n<li>P\u016fvodn\u011b jsem to ani komentovat necht\u011bl, proto\u017ee se p\u0159ede mnou vyj\u00e1d\u0159ili jin\u00ed a\u00a0<a href=\"http:\/\/casopisargument.cz\/?p=36092\">skv\u011ble<\/a>. Ale pak jsem si \u0159ekl:\u00a0<em>v\u00edc hlav, v\u011bt\u0161\u00ed rand\u00e1l, v televizi to tutov\u011b nebude a opakov\u00e1n\u00ed je matka moudrosti.<\/em>\u00a0Kdy\u017e m\u016f\u017ee b\u00fdt fantastick\u00e9 jak komentuje d\u011bn\u00ed ve svoj\u00ed nesvobodn\u00e9 zemi disident Protasevi\u010d, je jist\u011b stejn\u011b fantastick\u00e9, kdy\u017e to sam\u00e9 d\u011bl\u00e1 v mal\u00e9m i disident Lu Lina v t\u00e9 svoj\u00ed.<\/li>\n<\/ol>\n<p><a href=\"http:\/\/nonserviam.cz\/mala-encyklopedie-bezprecedentniho-statniho-terorismu\/\">LU LINA<\/a><\/p>\n<p>&nbsp;<\/p>\n","protected":false},"excerpt":{"rendered":"<p>Medi\u00e1ln\u00ed prostor zaplnilo rozho\u0159\u010den\u00ed z\u00a0 b\u011blorusk\u00e9ho aktu \u201ebezprecedentn\u00edho st\u00e1tn\u00edho terorismu\u201c spo\u010d\u00edvaj\u00edc\u00edho v tom, \u017ee se&#8230;<\/p>\n","protected":false},"author":2,"featured_media":1921,"comment_status":"closed","ping_status":"closed","sticky":false,"template":"","format":"standard","meta":[],"categories":[6],"tags":[150,41,149,82,37,174],"_links":{"self":[{"href":"https:\/\/www.infokuryr.cz\/n\/wp-json\/wp\/v2\/posts\/1995"}],"collection":[{"href":"https:\/\/www.infokuryr.cz\/n\/wp-json\/wp\/v2\/posts"}],"about":[{"href":"https:\/\/www.infokuryr.cz\/n\/wp-json\/wp\/v2\/types\/post"}],"author":[{"embeddable":true,"href":"https:\/\/www.infokuryr.cz\/n\/wp-json\/wp\/v2\/users\/2"}],"replies":[{"embeddable":true,"href":"https:\/\/www.infokuryr.cz\/n\/wp-json\/wp\/v2\/comments?post=1995"}],"version-history":[{"count":0,"href":"https:\/\/www.infokuryr.cz\/n\/wp-json\/wp\/v2\/posts\/1995\/revisions"}],"wp:featuredmedia":[{"embeddable":true,"href":"https:\/\/www.infokuryr.cz\/n\/wp-json\/wp\/v2\/media\/1921"}],"wp:attachment":[{"href":"https:\/\/www.infokuryr.cz\/n\/wp-json\/wp\/v2\/media?parent=1995"}],"wp:term":[{"taxonomy":"category","embeddable":true,"href":"https:\/\/www.infokuryr.cz\/n\/wp-json\/wp\/v2\/categories?post=1995"},{"taxonomy":"post_tag","embeddable":true,"href":"https:\/\/www.infokuryr.cz\/n\/wp-json\/wp\/v2\/tags?post=1995"}],"curies":[{"name":"wp","href":"https:\/\/api.w.org\/{rel}","templated":true}]}}