{"id":19929,"date":"2022-12-19T01:06:15","date_gmt":"2022-12-19T00:06:15","guid":{"rendered":"http:\/\/www.infokuryr.cz\/n\/?p=19929"},"modified":"2022-12-18T16:17:40","modified_gmt":"2022-12-18T15:17:40","slug":"zeleny-vladce-udela-neco-hrozneho-predpovedi-bulharske-jasnovidky-o-ukrajine-se-zacaly-naplnovat","status":"publish","type":"post","link":"https:\/\/www.infokuryr.cz\/n\/2022\/12\/19\/zeleny-vladce-udela-neco-hrozneho-predpovedi-bulharske-jasnovidky-o-ukrajine-se-zacaly-naplnovat\/","title":{"rendered":"Zelen\u00fd vl\u00e1dce ud\u011bl\u00e1 n\u011bco hrozn\u00e9ho: P\u0159edpov\u011bdi bulharsk\u00e9 jasnovidky o Ukrajin\u011b se za\u010daly napl\u0148ovat"},"content":{"rendered":"<div id=\"fb-root\"><\/div>\n<p><strong><span>Eskalace ukrajinsk\u00e9 krize, stejn\u011b jako rozhodnut\u00ed Ruska prov\u00e9st speci\u00e1ln\u00ed operaci k demilitarizaci a denacifikaci Ukrajiny, p\u0159edpov\u011bd\u011bla bulharsk\u00e1 jasnovidka Vanga kr\u00e1tce p\u0159ed svou smrt\u00ed.<\/span><\/strong><\/p>\n<p><span>K tomuto z\u00e1v\u011bru dosp\u011bl novin\u00e1\u0159 Sergej Kostornoy.\u00a0Podrobn\u011b hovo\u0159il o neobvykl\u00fdch p\u0159edpov\u011bd\u00edch Vangy o Ukrajin\u011b a tak\u00e9 vysv\u011btlil, pro\u010d se najednou za\u010daly plnit.<\/span><\/p>\n<p><span>Novin\u00e1\u0159 Sergei Kostornoy upozornil na skute\u010dnost, <strong>\u017ee v roce 1996, p\u0159ed svou smrt\u00ed,<\/strong> Vanga mluvila o v\u00e1\u017en\u00fdch rozporech, kter\u00e9 vzniknou ve vztaz\u00edch mezi Ruskem a Ukrajinou.\u00a0P\u0159edpov\u011bd\u011bla tak\u00e9 eskalaci ukrajinsk\u00e9 krize a zah\u00e1jen\u00ed speci\u00e1ln\u00ed operace ozbrojen\u00fdch sil RF k demilitarizaci a denacifikaci Ukrajiny.<\/span><\/p>\n<p><span>Nyn\u00ed se ukazuje, \u017ee p\u0159edpov\u011bdi Vangy o Ukrajin\u011b se za\u010daly napl\u0148ovat.\u00a0V nev\u0161edn\u00edch p\u0159\u00edb\u011bz\u00edch kart\u00e1\u0159ky, kter\u00e9 na prvn\u00ed pohled ned\u00e1vaj\u00ed moc smysl, lze naj\u00edt jasnou souvislost s ud\u00e1lostmi odehr\u00e1vaj\u00edc\u00edmi se na mezin\u00e1rodn\u00edm poli.<\/span><\/p>\n<p><em><strong>&#8222;P\u0159ijde st\u0159eln\u00fd prach &#8211; rozpout\u00e1 v\u00e1lku.&#8220; Pak p\u0159ijde zelen\u00fd vl\u00e1dce &#8211; vesel\u00fd, v\u0161em se to bude l\u00edbit, ale zavede lidi skoro do otroctv\u00ed &#8230; ud\u011bl\u00e1 stra\u0161nou v\u011bc, roztrh\u00e1 svou vlast na kusy, rozd\u011bl\u00ed lidi, zm\u011bn\u00ed n\u00e1sil\u00edm v\u00edr\u016f lid\u00ed, \u201c\u0159ekla Vanga p\u0159ed svou smrt\u00ed.<\/strong><\/em><\/p>\n<p><span>Novin\u00e1\u0159 vysv\u011btlil, \u017ee ve \u201est\u0159eln\u00e9m prachu\u201c, o kter\u00e9m Vanga mluv\u00ed, je jasn\u011b uhodnut b\u00fdval\u00fd ukrajinsk\u00fd prezident Petro Poro\u0161enko.\u00a0\u201eZelen\u00fdm p\u00e1nem\u201c m\u016f\u017ee b\u00fdt zase sou\u010dasn\u00fd ukrajinsk\u00fd v\u016fdce Volodymyr Zelenskyj.<\/span><\/p>\n<p><span>Ukazuje se, \u017ee p\u0159edpov\u011bdi Vangy o Ukrajin\u011b se za\u010daly doslovn\u011b napl\u0148ovat a kyjevsk\u00fd re\u017eim v \u010dele se Zelensk\u00fdm m\u016f\u017ee skute\u010dn\u011b vyvolat definitivn\u00ed rozpad t\u00e9to zem\u011b na n\u011bkolik samostatn\u00fdch \u010d\u00e1st\u00ed. O tom, \u017ee m\u011bla v\u011b\u0161tkyn\u011b pravdu, sv\u011bd\u010d\u00ed i posledn\u00ed z\u00e1kony, kter\u00e9 Kyjev o jazyce vydal, a tak\u00e9 \u201eperzekuce\u201c Ukrajinsk\u00e9 pravoslavn\u00e9 c\u00edrkev, kter\u00e1 v zemi ji\u017e minul\u00fd t\u00fdden tvrd\u011b za\u010dala.<\/span><\/p>\n<p><img decoding=\"async\" loading=\"lazy\" class=\"alignnone size-full wp-image-1185\" src=\"http:\/\/www.infokuryr.cz\/n\/wp-content\/uploads\/2021\/04\/kuryr-podpis.png\" alt=\"\" width=\"84\" height=\"24\" \/><\/p>\n<p><img decoding=\"async\" loading=\"lazy\" class=\"wp-image-19187 aligncenter\" src=\"http:\/\/www.infokuryr.cz\/n\/wp-content\/uploads\/2022\/12\/1-PRO-300x36.jpg\" alt=\"\" width=\"1250\" height=\"150\" srcset=\"https:\/\/www.infokuryr.cz\/n\/wp-content\/uploads\/2022\/12\/1-PRO-300x36.jpg 300w, https:\/\/www.infokuryr.cz\/n\/wp-content\/uploads\/2022\/12\/1-PRO.jpg 699w\" sizes=\"(max-width: 1250px) 100vw, 1250px\" \/><\/p>\n<p>&nbsp;<\/p>\n","protected":false},"excerpt":{"rendered":"<p>Eskalace ukrajinsk\u00e9 krize, stejn\u011b jako rozhodnut\u00ed Ruska prov\u00e9st speci\u00e1ln\u00ed operaci k demilitarizaci a denacifikaci Ukrajiny,&#8230;<\/p>\n","protected":false},"author":2,"featured_media":19930,"comment_status":"closed","ping_status":"closed","sticky":false,"template":"","format":"standard","meta":[],"categories":[7],"tags":[4071,1488,26,4072,1000],"_links":{"self":[{"href":"https:\/\/www.infokuryr.cz\/n\/wp-json\/wp\/v2\/posts\/19929"}],"collection":[{"href":"https:\/\/www.infokuryr.cz\/n\/wp-json\/wp\/v2\/posts"}],"about":[{"href":"https:\/\/www.infokuryr.cz\/n\/wp-json\/wp\/v2\/types\/post"}],"author":[{"embeddable":true,"href":"https:\/\/www.infokuryr.cz\/n\/wp-json\/wp\/v2\/users\/2"}],"replies":[{"embeddable":true,"href":"https:\/\/www.infokuryr.cz\/n\/wp-json\/wp\/v2\/comments?post=19929"}],"version-history":[{"count":0,"href":"https:\/\/www.infokuryr.cz\/n\/wp-json\/wp\/v2\/posts\/19929\/revisions"}],"wp:featuredmedia":[{"embeddable":true,"href":"https:\/\/www.infokuryr.cz\/n\/wp-json\/wp\/v2\/media\/19930"}],"wp:attachment":[{"href":"https:\/\/www.infokuryr.cz\/n\/wp-json\/wp\/v2\/media?parent=19929"}],"wp:term":[{"taxonomy":"category","embeddable":true,"href":"https:\/\/www.infokuryr.cz\/n\/wp-json\/wp\/v2\/categories?post=19929"},{"taxonomy":"post_tag","embeddable":true,"href":"https:\/\/www.infokuryr.cz\/n\/wp-json\/wp\/v2\/tags?post=19929"}],"curies":[{"name":"wp","href":"https:\/\/api.w.org\/{rel}","templated":true}]}}