{"id":1991,"date":"2021-05-26T02:22:45","date_gmt":"2021-05-26T00:22:45","guid":{"rendered":"http:\/\/www.infokuryr.cz\/n\/?p=1991"},"modified":"2021-05-26T02:22:45","modified_gmt":"2021-05-26T00:22:45","slug":"rakousko-pritvrzuje-proti-islamistum","status":"publish","type":"post","link":"https:\/\/www.infokuryr.cz\/n\/2021\/05\/26\/rakousko-pritvrzuje-proti-islamistum\/","title":{"rendered":"Rakousko p\u0159itvrzuje proti isl\u00e1mist\u016fm"},"content":{"rendered":"<div id=\"fb-root\"><\/div>\n<p>Multikulturn\u00ed spole\u010dnost si \u017e\u00e1d\u00e1 multikulturn\u00ed z\u00e1kony. Zejm\u00e9na proti isl\u00e1mistick\u00e9mu terorizmu. To je alfa i omega ve v\u0161ech zaimigrovan\u00fdch zem\u00edch Evropy.<\/p>\n<p>Ve V\u00eddni dnes ministr vnitra Nehammer spolu s ministryn\u00ed spravedlnosti Zadi\u0107ovou p\u0159edstavili zp\u0159\u00eds\u0148uj\u00edc\u00ed opat\u0159en\u00ed pro isl\u00e1mistick\u00e9 teroristy, kte\u0159\u00ed jsou charakteristi\u010dt\u00ed notorickou recidivou. Opat\u0159en\u00ed rezultuj\u00ed zejm\u00e9na do d\u016fsledn\u00e9ho sledov\u00e1n\u00ed a del\u0161\u00edho pobytu pachatel\u016f za m\u0159\u00ed\u017eemi. Opat\u0159en\u00ed reaguj\u00ed na vyst\u0159\u00edlen\u00ed restaura\u010dn\u00edch zahr\u00e1dek ve V\u00eddni loni na podzim isl\u00e1mistick\u00fdmi teroristy. Tam se uk\u00e1zalo ov\u0161em, \u017ee ani \u0161pehov\u00e1n\u00ed, kdy na jednoho podez\u0159el\u00e9ho pot\u0159ebujete 8 agent\u016f, nemus\u00ed v re\u00e1ln\u00e9m \u010dase zabr\u00e1nit skutku terorizmu, podotkl ministr Nehammer.<\/p>\n<p>Politik\u016fm a vl\u00e1d\u00e1m zem\u00ed, kte\u0159\u00ed teprv koketuj\u00ed s masov\u011bj\u0161\u00ed imigrac\u00ed, by m\u011bla b\u00fdt polo\u017eena prub\u00ed\u0159sk\u00e1 ot\u00e1zka: Jak jste zapracovali na p\u0159\u00edprav\u011b protiteroristick\u00e9 legislativy (kter\u00e1 je dnes ve v\u0161ech proimigrovan\u00fdch zem\u00edch nutnost\u00ed ?<\/p>\n<p><a href=\"https:\/\/www.krone.at\/2421918\">ZDROJ<\/a><\/p>\n<p>&nbsp;<\/p>\n","protected":false},"excerpt":{"rendered":"<p>Multikulturn\u00ed spole\u010dnost si \u017e\u00e1d\u00e1 multikulturn\u00ed z\u00e1kony. Zejm\u00e9na proti isl\u00e1mistick\u00e9mu terorizmu. To je alfa i omega&#8230;<\/p>\n","protected":false},"author":2,"featured_media":1992,"comment_status":"closed","ping_status":"closed","sticky":false,"template":"","format":"standard","meta":[],"categories":[7],"tags":[119,44,120],"_links":{"self":[{"href":"https:\/\/www.infokuryr.cz\/n\/wp-json\/wp\/v2\/posts\/1991"}],"collection":[{"href":"https:\/\/www.infokuryr.cz\/n\/wp-json\/wp\/v2\/posts"}],"about":[{"href":"https:\/\/www.infokuryr.cz\/n\/wp-json\/wp\/v2\/types\/post"}],"author":[{"embeddable":true,"href":"https:\/\/www.infokuryr.cz\/n\/wp-json\/wp\/v2\/users\/2"}],"replies":[{"embeddable":true,"href":"https:\/\/www.infokuryr.cz\/n\/wp-json\/wp\/v2\/comments?post=1991"}],"version-history":[{"count":0,"href":"https:\/\/www.infokuryr.cz\/n\/wp-json\/wp\/v2\/posts\/1991\/revisions"}],"wp:featuredmedia":[{"embeddable":true,"href":"https:\/\/www.infokuryr.cz\/n\/wp-json\/wp\/v2\/media\/1992"}],"wp:attachment":[{"href":"https:\/\/www.infokuryr.cz\/n\/wp-json\/wp\/v2\/media?parent=1991"}],"wp:term":[{"taxonomy":"category","embeddable":true,"href":"https:\/\/www.infokuryr.cz\/n\/wp-json\/wp\/v2\/categories?post=1991"},{"taxonomy":"post_tag","embeddable":true,"href":"https:\/\/www.infokuryr.cz\/n\/wp-json\/wp\/v2\/tags?post=1991"}],"curies":[{"name":"wp","href":"https:\/\/api.w.org\/{rel}","templated":true}]}}