{"id":1989,"date":"2021-05-26T02:18:14","date_gmt":"2021-05-26T00:18:14","guid":{"rendered":"http:\/\/www.infokuryr.cz\/n\/?p=1989"},"modified":"2021-05-26T02:18:14","modified_gmt":"2021-05-26T00:18:14","slug":"ministryne-spravedlnosti-migrace-nesmi-byt-podnecovana-ale-zastavena","status":"publish","type":"post","link":"https:\/\/www.infokuryr.cz\/n\/2021\/05\/26\/ministryne-spravedlnosti-migrace-nesmi-byt-podnecovana-ale-zastavena\/","title":{"rendered":"Ministryn\u011b spravedlnosti: Migrace nesm\u00ed b\u00fdt podn\u011bcov\u00e1na, ale zastavena!"},"content":{"rendered":"<div id=\"fb-root\"><\/div>\n<p>Ministryn\u011b spravedlnosti Ma\u010farska Judita Vargov\u00e1 op\u011bt zkritizovala bruselsk\u00e9 elity, \u017ee zat\u00edmco cel\u00fd sv\u011bt \u0159e\u0161\u00ed koronavirus, levicov\u00e9 strany v Bruselu, nad\u0161en\u00e9 z multikulturalizmu, diskutuj\u00ed zpr\u00e1vu o migraci, kter\u00e1 ani ne\u0159e\u0161\u00ed ochranu vn\u011bj\u0161\u00ed hranice, ani zastaven\u00ed imigrace, a jen vol\u00e1 po usazen\u00ed imigrant\u016f v Evrop\u011b, s odkazem na lidsk\u00e1 pr\u00e1va\u2026<\/p>\n<p><a href=\"https:\/\/abouthungary.hu\/news-in-brief\/justice-minister-migration-should-not-be-encouraged-but-stopped\">ZDROJ<\/a><\/p>\n<p>&nbsp;<\/p>\n","protected":false},"excerpt":{"rendered":"<p>Ministryn\u011b spravedlnosti Ma\u010farska Judita Vargov\u00e1 op\u011bt zkritizovala bruselsk\u00e9 elity, \u017ee zat\u00edmco cel\u00fd sv\u011bt \u0159e\u0161\u00ed koronavirus,&#8230;<\/p>\n","protected":false},"author":2,"featured_media":1990,"comment_status":"closed","ping_status":"closed","sticky":false,"template":"","format":"standard","meta":[],"categories":[7],"tags":[41,119,78],"_links":{"self":[{"href":"https:\/\/www.infokuryr.cz\/n\/wp-json\/wp\/v2\/posts\/1989"}],"collection":[{"href":"https:\/\/www.infokuryr.cz\/n\/wp-json\/wp\/v2\/posts"}],"about":[{"href":"https:\/\/www.infokuryr.cz\/n\/wp-json\/wp\/v2\/types\/post"}],"author":[{"embeddable":true,"href":"https:\/\/www.infokuryr.cz\/n\/wp-json\/wp\/v2\/users\/2"}],"replies":[{"embeddable":true,"href":"https:\/\/www.infokuryr.cz\/n\/wp-json\/wp\/v2\/comments?post=1989"}],"version-history":[{"count":0,"href":"https:\/\/www.infokuryr.cz\/n\/wp-json\/wp\/v2\/posts\/1989\/revisions"}],"wp:featuredmedia":[{"embeddable":true,"href":"https:\/\/www.infokuryr.cz\/n\/wp-json\/wp\/v2\/media\/1990"}],"wp:attachment":[{"href":"https:\/\/www.infokuryr.cz\/n\/wp-json\/wp\/v2\/media?parent=1989"}],"wp:term":[{"taxonomy":"category","embeddable":true,"href":"https:\/\/www.infokuryr.cz\/n\/wp-json\/wp\/v2\/categories?post=1989"},{"taxonomy":"post_tag","embeddable":true,"href":"https:\/\/www.infokuryr.cz\/n\/wp-json\/wp\/v2\/tags?post=1989"}],"curies":[{"name":"wp","href":"https:\/\/api.w.org\/{rel}","templated":true}]}}