{"id":19878,"date":"2022-12-17T09:50:09","date_gmt":"2022-12-17T08:50:09","guid":{"rendered":"http:\/\/www.infokuryr.cz\/n\/?p=19878"},"modified":"2022-12-17T09:50:09","modified_gmt":"2022-12-17T08:50:09","slug":"rusti-vyrobci-zbrani-prechazeji-na-sestidenni-pracovni-tyden","status":"publish","type":"post","link":"https:\/\/www.infokuryr.cz\/n\/2022\/12\/17\/rusti-vyrobci-zbrani-prechazeji-na-sestidenni-pracovni-tyden\/","title":{"rendered":"Ru\u0161t\u00ed v\u00fdrobci zbran\u00ed p\u0159ech\u00e1zej\u00ed na \u0161estidenn\u00ed pracovn\u00ed t\u00fdden"},"content":{"rendered":"<div id=\"fb-root\"><\/div>\n<p><span style=\"font-size: 18pt;\"><strong>Sm\u011bny v obrann\u00fdch podnic\u00edch mohou b\u00fdt tak\u00e9 prodlou\u017eeny na 12 hodin, \u0159\u00edk\u00e1 \u0161\u00e9f odbor\u016f<\/strong><\/span><\/p>\n<p><span>V\u00fdrobci zbran\u00ed ve Sverdlovsk\u00e9 oblasti na rusk\u00e9m Uralu pracuj\u00ed d\u00e9le kv\u016fli konfliktu na Ukrajin\u011b, \u0159ekl \u0161\u00e9f odbor\u016f.<\/span><\/p>\n<p><span>Podniky, kter\u00e9 jsou zanepr\u00e1zdn\u011bny pln\u011bn\u00edm vl\u00e1dn\u00edch obrann\u00fdch p\u0159\u00edkaz\u016f\u00a0<\/span><em><span>, \u201enyn\u00ed pracuj\u00ed \u0161est dn\u00ed v t\u00fddnu m\u00edsto p\u011bti,\u201c<\/span><\/em><span>\u00a0\u0159ekl v p\u00e1tek na tiskov\u00e9 konferenci v Jekat\u011brinburgu \u0161\u00e9f federace m\u00edstn\u00edch odbor\u016f Andrey Vetluzhskykh.<\/span><\/p>\n<p><span>Pracovn\u00ed dny by se tak\u00e9 mohly zam\u011bstnanc\u016fm prodlou\u017eit, dodal Vetluzhskykh s t\u00edm, \u017ee rusk\u00fd z\u00e1kon umo\u017e\u0148uje p\u0159id\u00e1n\u00ed \u010dty\u0159 hodin za sm\u011bnu v p\u0159\u00edpad\u011b\u00a0<\/span><em><span>\u201enevyhnutelnosti v\u00fdroby\u201c. <\/span><\/em><span>To znamen\u00e1\u00a0<\/span><em><span>\u201epracovat a\u017e 12 hodin denn\u011b,\u201c<\/span><\/em><span>\u00a0vysv\u011btlil.<\/span><\/p>\n<p><span>Podniky maj\u00ed tak\u00e9 mo\u017enost odvolat pracovn\u00edky, kte\u0159\u00ed jsou na dovolen\u00e9, nebo odm\u00edtnout pl\u00e1novanou placenou dovolenou, \u0159ekl \u0161\u00e9f odbor\u016f.\u00a0To se ale t\u00fdk\u00e1 pouze obrann\u00e9ho pr\u016fmyslu a v \u017e\u00e1dn\u00e9m p\u0159\u00edpad\u011b by to nem\u011blo ovlivnit spole\u010dnosti vyr\u00e1b\u011bj\u00edc\u00ed zbo\u017e\u00ed pro civiln\u00ed pou\u017eit\u00ed, dodal.<\/span><\/p>\n<p><span>Zam\u011bstnanci mus\u00ed b\u00fdt za pr\u00e1ci nav\u00edc spravedliv\u011b odm\u011bn\u011bni a odbory dohl\u00ed\u017eej\u00ed na zam\u011bstnavatele, aby zajistili, \u017ee budou plnit sv\u00e9 povinnosti, zd\u016fraznil Vetluzhskykh.<\/span><\/p>\n<p><span>Opat\u0159en\u00ed se zav\u00e1d\u011bj\u00ed, proto\u017ee st\u00e1tn\u00ed obrann\u00e9 p\u0159\u00edkazy se\u00a0<\/span><em><span>&#8222;v\u00fdrazn\u011b roz\u0161\u00ed\u0159ily&#8220;<\/span><\/em><span> , t\u00edm jak konflikt na Ukrajin\u011b pokra\u010duje, \u0159ekl.<\/span><\/p>\n<p><span>Sverdlovsk\u00e1 oblast je v\u00fdznamn\u00fdm centrem rusk\u00e9ho obrann\u00e9ho pr\u016fmyslu, kde s\u00eddl\u00ed v\u00edce ne\u017e 100 obrann\u00fdch firem.\u00a0Pat\u0159\u00ed mezi n\u011b Uralvagonzavod a Uraltransmash, kter\u00e9 vyr\u00e1b\u011bj\u00ed obrn\u011bn\u00e1 vozidla, respektive houfnice;\u00a0NPO Avtomatiki, jeden z p\u0159edn\u00edch tuzemsk\u00fdch v\u00fdrobc\u016f \u0159\u00eddic\u00edch syst\u00e9m\u016f a elektronick\u00fdch za\u0159\u00edzen\u00ed pro vesm\u00edrn\u00fd pr\u016fmysl; d\u00e1le Kalinin Machine-Building Plant, kter\u00fd dod\u00e1v\u00e1 syst\u00e9my protivzdu\u0161n\u00e9 obrany rusk\u00e9 arm\u00e1d\u011b a mnoho dal\u0161\u00edch.<\/span><\/p>\n<p><img decoding=\"async\" loading=\"lazy\" class=\"alignnone size-full wp-image-1185\" src=\"http:\/\/www.infokuryr.cz\/n\/wp-content\/uploads\/2021\/04\/kuryr-podpis.png\" alt=\"\" width=\"84\" height=\"24\" \/><\/p>\n<p><img decoding=\"async\" loading=\"lazy\" class=\"wp-image-19187 aligncenter\" src=\"http:\/\/www.infokuryr.cz\/n\/wp-content\/uploads\/2022\/12\/1-PRO-300x36.jpg\" alt=\"\" width=\"1250\" height=\"150\" srcset=\"https:\/\/www.infokuryr.cz\/n\/wp-content\/uploads\/2022\/12\/1-PRO-300x36.jpg 300w, https:\/\/www.infokuryr.cz\/n\/wp-content\/uploads\/2022\/12\/1-PRO.jpg 699w\" sizes=\"(max-width: 1250px) 100vw, 1250px\" \/><\/p>\n<p>&nbsp;<\/p>\n","protected":false},"excerpt":{"rendered":"<p>Sm\u011bny v obrann\u00fdch podnic\u00edch mohou b\u00fdt tak\u00e9 prodlou\u017eeny na 12 hodin, \u0159\u00edk\u00e1 \u0161\u00e9f odbor\u016f V\u00fdrobci&#8230;<\/p>\n","protected":false},"author":2,"featured_media":19879,"comment_status":"closed","ping_status":"closed","sticky":false,"template":"","format":"standard","meta":[],"categories":[7],"tags":[4060,22,1867,73],"_links":{"self":[{"href":"https:\/\/www.infokuryr.cz\/n\/wp-json\/wp\/v2\/posts\/19878"}],"collection":[{"href":"https:\/\/www.infokuryr.cz\/n\/wp-json\/wp\/v2\/posts"}],"about":[{"href":"https:\/\/www.infokuryr.cz\/n\/wp-json\/wp\/v2\/types\/post"}],"author":[{"embeddable":true,"href":"https:\/\/www.infokuryr.cz\/n\/wp-json\/wp\/v2\/users\/2"}],"replies":[{"embeddable":true,"href":"https:\/\/www.infokuryr.cz\/n\/wp-json\/wp\/v2\/comments?post=19878"}],"version-history":[{"count":0,"href":"https:\/\/www.infokuryr.cz\/n\/wp-json\/wp\/v2\/posts\/19878\/revisions"}],"wp:featuredmedia":[{"embeddable":true,"href":"https:\/\/www.infokuryr.cz\/n\/wp-json\/wp\/v2\/media\/19879"}],"wp:attachment":[{"href":"https:\/\/www.infokuryr.cz\/n\/wp-json\/wp\/v2\/media?parent=19878"}],"wp:term":[{"taxonomy":"category","embeddable":true,"href":"https:\/\/www.infokuryr.cz\/n\/wp-json\/wp\/v2\/categories?post=19878"},{"taxonomy":"post_tag","embeddable":true,"href":"https:\/\/www.infokuryr.cz\/n\/wp-json\/wp\/v2\/tags?post=19878"}],"curies":[{"name":"wp","href":"https:\/\/api.w.org\/{rel}","templated":true}]}}