{"id":19860,"date":"2022-12-17T06:00:51","date_gmt":"2022-12-17T05:00:51","guid":{"rendered":"http:\/\/www.infokuryr.cz\/n\/?p=19860"},"modified":"2022-12-17T06:00:51","modified_gmt":"2022-12-17T05:00:51","slug":"lubomir-man-vy-nevite-co-je-evaluace-ne-pak-se-politujte","status":"publish","type":"post","link":"https:\/\/www.infokuryr.cz\/n\/2022\/12\/17\/lubomir-man-vy-nevite-co-je-evaluace-ne-pak-se-politujte\/","title":{"rendered":"Lubom\u00edr Man: Vy nev\u00edte, co je evaluace? Ne? Pak se politujte!"},"content":{"rendered":"<div id=\"fb-root\"><\/div>\n<p><strong>Ve \u010dtvrtek odpoledne vystoupil na obrazovce \u010cT24 m\u00e9dii dosud pon\u011bkud opom\u00edjen\u00fd ministr kultury Martin Baxa, aby spoluob\u010dan\u016fm ozn\u00e1mil, \u017ee pr\u00e1v\u011b podepsal t\u0159\u00edletou smlouvu o spolupr\u00e1ci ministerstva kultury s festivalem Pra\u017esk\u00e9 jaro. D\u00edky n\u00ed z\u00edsk\u00e1 Pra\u017esk\u00e9 jaro ka\u017edoro\u010dn\u011b \u010d\u00e1stku 30 milion\u016f korun, co\u017e na\u0161emu nejstar\u0161\u00edmu festivalu umo\u017en\u00ed dlouhodob\u00e9 pl\u00e1nov\u00e1n\u00ed a mo\u017enost p\u0159in\u00e1\u0161et i nad\u00e1le \u010desk\u00e9mu publiku hudbu sv\u011btov\u00e9ho form\u00e1tu.<\/strong><\/p>\n<p>Tolik tedy k j\u00e1dru ministrova ozn\u00e1men\u00ed, k n\u011bmu\u017e ministr je\u0161t\u011b p\u0159ipodotkl, \u017ee po on\u011bch t\u0159ech letech trv\u00e1n\u00ed smlouvy dojde z obou stran \u00fa\u010dastn\u00edk\u016f smlouvy k EVALUACI, \u010dili zhodnocen\u00ed toho, jak se smlouva pln\u00ed.<\/p>\n<p>Tak\u017ee po velice obl\u00edben\u00e9 a u\u017e t\u00e9m\u011b\u0159 zev\u0161edn\u011bl\u00e9 IMPLEMENTACI (v\u010dlen\u011bn\u00ed, uskute\u010dn\u011bn\u00ed) a dal\u0161\u00edch \u0159e\u010dov\u00fdch skvostech zde m\u00e1me dal\u0161\u00ed slovo, jeho\u017e posl\u00e1n\u00edm nen\u00ed ani tak informovat, ale sp\u00ed\u0161 prok\u00e1zat mimo\u0159\u00e1dnou vzd\u011blanost osoby, je\u017e ono ciz\u00ed slovo pron\u00e1\u0161\u00ed. P\u0159i \u010dem\u017e plat\u00ed, \u017ee \u010d\u00edm nezvyklej\u0161\u00ed a dosud nejm\u00e9n\u011b sly\u0161en\u00e9 \u010di pron\u00e1\u0161en\u00e9 ono slovo je, t\u00edm vy\u0161\u0161\u00ed vzd\u011blanost je nutno p\u0159ipsat osob\u011b, kter\u00e1 toto nov\u00e1torsk\u00e9 slovo vypou\u0161t\u00ed z \u00fast.<\/p>\n<p>V kter\u00e9m\u017eto sm\u011bru ministr rozhodn\u011b nepab\u011brkoval, proto\u017ee v\u00fdraz EVALUACE, ministrem pou\u017eit\u00fd a j\u00edm z\u0159ejm\u011b odvozen\u00fd z anglick\u00e9ho slova evaluation (\u010dti: iveljuei\u0161n), je v na\u0161\u00ed dorozum\u00edvac\u00ed soustav\u011b (zdr\u00e1h\u00e1m se napsat \u0159e\u010d\u00ed, \u010de\u0161tin\u011b \u010di mate\u0159\u0161tin\u011b), skute\u010dn\u011b \u010d\u00edmsi jako b\u00edl\u00fdm kon\u011bm s \u010dernou h\u0159\u00edvou, a kdo v\u00ed, zda jej ministr nevt\u011blil t\u00e9\u017e do psan\u00e9ho textu p\u0159edm\u011btn\u00e9 smlouvy jako zpr\u00e1vu pro \u010deskou ve\u0159ejnost v\u016fbec nejpodstatn\u011bj\u0161\u00ed.<\/p>\n<p>Nu a pokud v tom psan\u00e9m textu ona EVALUACE skute\u010dn\u011b je, pak je m\u00e9 podez\u0159en\u00ed, bohu\u017eel, potvrzeno.<\/p>\n<p><em><strong>Lubom\u00edr Man<\/strong><\/em><\/p>\n<p><img decoding=\"async\" loading=\"lazy\" class=\"alignnone size-full wp-image-860\" src=\"http:\/\/www.infokuryr.cz\/n\/wp-content\/uploads\/2021\/04\/lub_man.jpg\" alt=\"\" width=\"143\" height=\"200\" \/><\/p>\n<p><img decoding=\"async\" loading=\"lazy\" class=\"wp-image-19187 aligncenter\" src=\"http:\/\/www.infokuryr.cz\/n\/wp-content\/uploads\/2022\/12\/1-PRO-300x36.jpg\" alt=\"\" width=\"1208\" height=\"145\" srcset=\"https:\/\/www.infokuryr.cz\/n\/wp-content\/uploads\/2022\/12\/1-PRO-300x36.jpg 300w, https:\/\/www.infokuryr.cz\/n\/wp-content\/uploads\/2022\/12\/1-PRO.jpg 699w\" sizes=\"(max-width: 1208px) 100vw, 1208px\" \/><\/p>\n<p>&nbsp;<\/p>\n","protected":false},"excerpt":{"rendered":"<p>Ve \u010dtvrtek odpoledne vystoupil na obrazovce \u010cT24 m\u00e9dii dosud pon\u011bkud opom\u00edjen\u00fd ministr kultury Martin Baxa,&#8230;<\/p>\n","protected":false},"author":2,"featured_media":1024,"comment_status":"closed","ping_status":"closed","sticky":false,"template":"","format":"standard","meta":[],"categories":[6],"tags":[4056,29,4057],"_links":{"self":[{"href":"https:\/\/www.infokuryr.cz\/n\/wp-json\/wp\/v2\/posts\/19860"}],"collection":[{"href":"https:\/\/www.infokuryr.cz\/n\/wp-json\/wp\/v2\/posts"}],"about":[{"href":"https:\/\/www.infokuryr.cz\/n\/wp-json\/wp\/v2\/types\/post"}],"author":[{"embeddable":true,"href":"https:\/\/www.infokuryr.cz\/n\/wp-json\/wp\/v2\/users\/2"}],"replies":[{"embeddable":true,"href":"https:\/\/www.infokuryr.cz\/n\/wp-json\/wp\/v2\/comments?post=19860"}],"version-history":[{"count":0,"href":"https:\/\/www.infokuryr.cz\/n\/wp-json\/wp\/v2\/posts\/19860\/revisions"}],"wp:featuredmedia":[{"embeddable":true,"href":"https:\/\/www.infokuryr.cz\/n\/wp-json\/wp\/v2\/media\/1024"}],"wp:attachment":[{"href":"https:\/\/www.infokuryr.cz\/n\/wp-json\/wp\/v2\/media?parent=19860"}],"wp:term":[{"taxonomy":"category","embeddable":true,"href":"https:\/\/www.infokuryr.cz\/n\/wp-json\/wp\/v2\/categories?post=19860"},{"taxonomy":"post_tag","embeddable":true,"href":"https:\/\/www.infokuryr.cz\/n\/wp-json\/wp\/v2\/tags?post=19860"}],"curies":[{"name":"wp","href":"https:\/\/api.w.org\/{rel}","templated":true}]}}