{"id":1986,"date":"2021-05-26T02:07:48","date_gmt":"2021-05-26T00:07:48","guid":{"rendered":"http:\/\/www.infokuryr.cz\/n\/?p=1986"},"modified":"2021-05-26T02:07:48","modified_gmt":"2021-05-26T00:07:48","slug":"kreml-prozradil-datum-a-zemi-kde-probehne-summit-putina-a-bidena","status":"publish","type":"post","link":"https:\/\/www.infokuryr.cz\/n\/2021\/05\/26\/kreml-prozradil-datum-a-zemi-kde-probehne-summit-putina-a-bidena\/","title":{"rendered":"Kreml prozradil datum a zemi, kde prob\u011bhne summit Putina a Bidena"},"content":{"rendered":"<div id=\"fb-root\"><\/div>\n<p><strong>Setk\u00e1n\u00ed rusk\u00e9ho prezidenta Vladimira Putina s americk\u00fdm prot\u011bj\u0161kem Joem Bidenem prob\u011bhne 16. \u010dervna v \u017denev\u011b. Tyto informace sd\u011blil tiskov\u00fd mluv\u010d\u00ed prezidenta Rusk\u00e9 federace Dmitrij Peskov.<\/strong><\/p>\n<p>\u201eV souladu s dosa\u017eenou dohodou bude prezident Rusk\u00e9 federace Vladimir Putin dne 16. \u010dervna jednat s prezidentem Spojen\u00fdch st\u00e1t\u016f americk\u00fdch Josephem Bidenem\u00a0<strong>v \u017denev\u011b<\/strong>,\u201c uv\u00e1d\u00ed se v prohl\u00e1\u0161en\u00ed.<\/p>\n<p>B\u00edl\u00fd d\u016fm rovn\u011b\u017e potvrdil, \u017ee americk\u00fd prezident bude ve st\u0159edu 16. \u010dervna jednat se sv\u00fdm rusk\u00fdm prot\u011bj\u0161kem v \u017denev\u011b.<\/p>\n<p>\u201ePrezident Biden se setk\u00e1 s prezidentem Putinem dne 16. \u010dervna 2021 ve \u0161v\u00fdcarsk\u00e9 \u017denev\u011b. Vedouc\u00ed p\u0159edstavitel\u00e9 budou diskutovat o cel\u00e9 \u0159ad\u011b nal\u00e9hav\u00fdch ot\u00e1zek, zat\u00edmco se sna\u017e\u00edme obnovit p\u0159edv\u00eddatelnost a stabilitu ve vztaz\u00edch mezi USA a Ruskem,&#8220; uvedla v \u00fater\u00fd mluv\u010d\u00ed B\u00edl\u00e9ho domu Jen Psakiov\u00e1.<\/p>\n<p><strong>Mo\u017en\u00e1 t\u00e9mata summitu<\/strong><\/p>\n<p>Rusk\u00fd ministr zahrani\u010d\u00ed\u00a0Sergej Lavrov\u00a0d\u0159\u00edve prohl\u00e1sil, \u017ee prezidenti Ruska a USA mus\u00ed spolupracovat v ot\u00e1zk\u00e1ch, ve kter\u00fdch se shoduj\u00ed z\u00e1jmy obou st\u00e1t\u016f, p\u0159edev\u0161\u00edm ve sf\u00e9\u0159e strategick\u00e9 stability.<\/p>\n<p>T\u00e9ma budouc\u00edho setk\u00e1n\u00ed dvou prezident\u016f pozorn\u011b sledovali i v OSN. Ofici\u00e1ln\u00ed mluv\u010d\u00ed gener\u00e1ln\u00edho tajemn\u00edka OSN St\u00e9phane Dujarric 19. kv\u011btna prohl\u00e1sil, \u017ee otev\u0159en\u00fd dialog a spolupr\u00e1ce Ruska a USA v d\u016fle\u017eit\u00fdch ot\u00e1zk\u00e1ch by byly\u00a0<strong>pozitivn\u00edm jevem<\/strong>.<\/p>\n<p>Kdy\u017e Dujarric odpov\u00eddal na ot\u00e1zku, nakolik d\u016fle\u017eitou pova\u017euje gener\u00e1ln\u00ed tajemn\u00edk OSN sch\u016fzku prezident\u016f Bidena a Putina, uvedl: \u201eMysl\u00edm, \u017ee pro Spojen\u00e9 st\u00e1ty a Ruskou federaci by existence otev\u0159en\u00e9ho dialogu a spolupr\u00e1ce v mno\u017estv\u00ed d\u016fle\u017eit\u00fdch ot\u00e1zek, kter\u00e9 jsou nuceny \u0159e\u0161it v r\u00e1mci OSN, byla pozitivn\u00edm jevem.\u201c<\/p>\n<p>D\u0159\u00edve B\u00edl\u00fd d\u016fm informoval, \u017ee\u00a0Biden\u00a0nab\u00eddl Putinovi sch\u016fzku na nejvy\u0161\u0161\u00ed \u00farovni v l\u00e9t\u011b tohoto roku na \u00fazem\u00ed jedn\u00e9 z evropsk\u00fdch zem\u00ed, aby l\u00edd\u0159i probrali ot\u00e1zky dvoustrann\u00fdch vztah\u016f.<\/p>\n<p><a href=\"https:\/\/cz.sputniknews.com\/20210525\/--kreml-prozradil-datum-a-zemi-kde-probehne-summit-putina-a-bidena-14563802.html\">ZDROJ<\/a><\/p>\n<p>&nbsp;<\/p>\n","protected":false},"excerpt":{"rendered":"<p>Setk\u00e1n\u00ed rusk\u00e9ho prezidenta Vladimira Putina s americk\u00fdm prot\u011bj\u0161kem Joem Bidenem prob\u011bhne 16. \u010dervna v \u017denev\u011b&#8230;.<\/p>\n","protected":false},"author":2,"featured_media":440,"comment_status":"closed","ping_status":"closed","sticky":false,"template":"","format":"standard","meta":[],"categories":[7],"tags":[72,102,22,37],"_links":{"self":[{"href":"https:\/\/www.infokuryr.cz\/n\/wp-json\/wp\/v2\/posts\/1986"}],"collection":[{"href":"https:\/\/www.infokuryr.cz\/n\/wp-json\/wp\/v2\/posts"}],"about":[{"href":"https:\/\/www.infokuryr.cz\/n\/wp-json\/wp\/v2\/types\/post"}],"author":[{"embeddable":true,"href":"https:\/\/www.infokuryr.cz\/n\/wp-json\/wp\/v2\/users\/2"}],"replies":[{"embeddable":true,"href":"https:\/\/www.infokuryr.cz\/n\/wp-json\/wp\/v2\/comments?post=1986"}],"version-history":[{"count":0,"href":"https:\/\/www.infokuryr.cz\/n\/wp-json\/wp\/v2\/posts\/1986\/revisions"}],"wp:featuredmedia":[{"embeddable":true,"href":"https:\/\/www.infokuryr.cz\/n\/wp-json\/wp\/v2\/media\/440"}],"wp:attachment":[{"href":"https:\/\/www.infokuryr.cz\/n\/wp-json\/wp\/v2\/media?parent=1986"}],"wp:term":[{"taxonomy":"category","embeddable":true,"href":"https:\/\/www.infokuryr.cz\/n\/wp-json\/wp\/v2\/categories?post=1986"},{"taxonomy":"post_tag","embeddable":true,"href":"https:\/\/www.infokuryr.cz\/n\/wp-json\/wp\/v2\/tags?post=1986"}],"curies":[{"name":"wp","href":"https:\/\/api.w.org\/{rel}","templated":true}]}}