{"id":19803,"date":"2022-12-16T07:35:05","date_gmt":"2022-12-16T06:35:05","guid":{"rendered":"http:\/\/www.infokuryr.cz\/n\/?p=19803"},"modified":"2022-12-16T07:35:05","modified_gmt":"2022-12-16T06:35:05","slug":"cina-se-obraci-na-wto-se-zadosti-o-ochranu-pred-americkym-ekonomickym-bezpravim","status":"publish","type":"post","link":"https:\/\/www.infokuryr.cz\/n\/2022\/12\/16\/cina-se-obraci-na-wto-se-zadosti-o-ochranu-pred-americkym-ekonomickym-bezpravim\/","title":{"rendered":"\u010c\u00edna se obrac\u00ed na WTO se \u017e\u00e1dost\u00ed o ochranu p\u0159ed americk\u00fdm ekonomick\u00fdm bezpr\u00e1v\u00edm"},"content":{"rendered":"<div id=\"fb-root\"><\/div>\n<p class=\"lead\"><span>Sv\u011btov\u00e1 obchodn\u00ed organizace (WTO) povede proceduru urovn\u00e1n\u00ed obchodn\u00edho sporu mezi Spojen\u00fdmi st\u00e1ty a \u010c\u00ednou v souvislosti s omezen\u00edmi uvalen\u00fdmi Washingtonem na v\u00fdvoz \u010dip\u016f.\u00a0Bylo to ozn\u00e1meno dnes 16. prosince tiskovou slu\u017ebou WTO.<\/span><\/p>\n<p><em><strong>&#8222;\u010c\u00edna po\u017e\u00e1dala o konzultaci WTO v soudn\u00edm sporu s USA, kter\u00fd napadl americk\u00e9 v\u00fdvozn\u00ed kontroly a souvisej\u00edc\u00ed opat\u0159en\u00ed t\u00fdkaj\u00edc\u00ed se ur\u010dit\u00fdch pokro\u010dil\u00fdch po\u010d\u00edta\u010dov\u00fdch polovodi\u010dov\u00fdch \u010dip\u016f a v\u00fdrobn\u00edch produkt\u016f,&#8220;<span class=\"after-quote\"> organizace uvedla v prohl\u00e1\u0161en\u00ed.<\/span><\/strong><\/em><\/p>\n<p><span>Jak zd\u016fraznil tiskov\u00fd servis, \u017ealoba se t\u00fdk\u00e1 i prvk\u016f superpo\u010d\u00edta\u010d\u016f a souvisej\u00edc\u00edch technologi\u00ed a slu\u017eeb.<\/span><\/p>\n<p><span>Uv\u00e1d\u00ed se, \u017ee odpov\u00eddaj\u00edc\u00ed \u017e\u00e1dost z \u010c\u00edny byla doru\u010dena do WTO 15. prosince. Je to prvn\u00ed krok v mechanismu \u0159e\u0161en\u00ed spor\u016f organizace.\u00a0Pokud jsou konzultace ne\u00fasp\u011b\u0161n\u00e9, m\u016f\u017ee \u010c\u00edna po\u017e\u00e1dat o p\u0159edlo\u017een\u00ed sporu panelu rozhodc\u016f.<\/span><\/p>\n<p><span>\u010c\u00ednsk\u00e9 ministerstvo obchodu 12. prosince ozn\u00e1milo, \u017ee \u010c\u00edna hodl\u00e1 vyu\u017e\u00edt mechanismus WTO pro urovn\u00e1v\u00e1n\u00ed spor\u016f ohledn\u011b omezen\u00ed v\u00fdvozu USA na dod\u00e1vky \u010dip\u016f.<\/span><\/p>\n<p><img decoding=\"async\" loading=\"lazy\" class=\"alignnone size-full wp-image-1185\" src=\"http:\/\/www.infokuryr.cz\/n\/wp-content\/uploads\/2021\/04\/kuryr-podpis.png\" alt=\"\" width=\"84\" height=\"24\" \/><\/p>\n<p><img decoding=\"async\" loading=\"lazy\" class=\"wp-image-19187 aligncenter\" src=\"http:\/\/www.infokuryr.cz\/n\/wp-content\/uploads\/2022\/12\/1-PRO-300x36.jpg\" alt=\"\" width=\"1242\" height=\"149\" srcset=\"https:\/\/www.infokuryr.cz\/n\/wp-content\/uploads\/2022\/12\/1-PRO-300x36.jpg 300w, https:\/\/www.infokuryr.cz\/n\/wp-content\/uploads\/2022\/12\/1-PRO.jpg 699w\" sizes=\"(max-width: 1242px) 100vw, 1242px\" \/><\/p>\n<p>&nbsp;<\/p>\n","protected":false},"excerpt":{"rendered":"<p>Sv\u011btov\u00e1 obchodn\u00ed organizace (WTO) povede proceduru urovn\u00e1n\u00ed obchodn\u00edho sporu mezi Spojen\u00fdmi st\u00e1ty a \u010c\u00ednou v&#8230;<\/p>\n","protected":false},"author":2,"featured_media":19804,"comment_status":"closed","ping_status":"closed","sticky":false,"template":"","format":"standard","meta":[],"categories":[7],"tags":[30,341,350,1389,37,211],"_links":{"self":[{"href":"https:\/\/www.infokuryr.cz\/n\/wp-json\/wp\/v2\/posts\/19803"}],"collection":[{"href":"https:\/\/www.infokuryr.cz\/n\/wp-json\/wp\/v2\/posts"}],"about":[{"href":"https:\/\/www.infokuryr.cz\/n\/wp-json\/wp\/v2\/types\/post"}],"author":[{"embeddable":true,"href":"https:\/\/www.infokuryr.cz\/n\/wp-json\/wp\/v2\/users\/2"}],"replies":[{"embeddable":true,"href":"https:\/\/www.infokuryr.cz\/n\/wp-json\/wp\/v2\/comments?post=19803"}],"version-history":[{"count":0,"href":"https:\/\/www.infokuryr.cz\/n\/wp-json\/wp\/v2\/posts\/19803\/revisions"}],"wp:featuredmedia":[{"embeddable":true,"href":"https:\/\/www.infokuryr.cz\/n\/wp-json\/wp\/v2\/media\/19804"}],"wp:attachment":[{"href":"https:\/\/www.infokuryr.cz\/n\/wp-json\/wp\/v2\/media?parent=19803"}],"wp:term":[{"taxonomy":"category","embeddable":true,"href":"https:\/\/www.infokuryr.cz\/n\/wp-json\/wp\/v2\/categories?post=19803"},{"taxonomy":"post_tag","embeddable":true,"href":"https:\/\/www.infokuryr.cz\/n\/wp-json\/wp\/v2\/tags?post=19803"}],"curies":[{"name":"wp","href":"https:\/\/api.w.org\/{rel}","templated":true}]}}