{"id":19798,"date":"2022-12-16T07:17:23","date_gmt":"2022-12-16T06:17:23","guid":{"rendered":"http:\/\/www.infokuryr.cz\/n\/?p=19798"},"modified":"2022-12-16T07:17:23","modified_gmt":"2022-12-16T06:17:23","slug":"britanie-se-musi-zodpovidat-za-utok-na-cinsky-konzulat","status":"publish","type":"post","link":"https:\/\/www.infokuryr.cz\/n\/2022\/12\/16\/britanie-se-musi-zodpovidat-za-utok-na-cinsky-konzulat\/","title":{"rendered":"Brit\u00e1nie se mus\u00ed zodpov\u00eddat za \u00fatok na \u010d\u00ednsk\u00fd konzul\u00e1t"},"content":{"rendered":"<div id=\"fb-root\"><\/div>\n<p class=\"lead\"><span>Britsk\u00e9 \u00fa\u0159ady mus\u00ed n\u00e9st plnou odpov\u011bdnost za \u00fatok na \u010d\u00ednsk\u00fd konzul\u00e1t v Manchesteru.\u00a0P\u00ed\u0161e o tom dne\u0161n\u00ed vyd\u00e1n\u00ed listu Global Times.<\/span><\/p>\n<p><em><strong>\u201e\u00datoky na ambas\u00e1dy a konzul\u00e1ty jsou v\u00e1\u017en\u00fdm poru\u0161en\u00edm z\u00e1kona, hostitelsk\u00e1 zem\u011b mus\u00ed n\u00e9st odpov\u011bdnost za nedostatek bezpe\u010dnosti, kter\u00fd se zavazuje zajistit.\u00a0Kdy\u017e k tomu dojde, vl\u00e1da Spojen\u00e9ho kr\u00e1lovstv\u00ed se nesm\u00ed vyh\u00fdbat sv\u00e9 odpov\u011bdnosti,\u201c<span class=\"after-quote\">\u00a0&#8211; p\u00ed\u0161e se v \u010dl\u00e1nku.<\/span><\/strong><\/em><\/p>\n<p><span>Auto\u0159i p\u0159ipom\u00ednaj\u00ed mezin\u00e1rodn\u00ed pr\u00e1vo, v\u010detn\u011b V\u00edde\u0148sk\u00e9 \u00famluvy o konzul\u00e1rn\u00edch vztaz\u00edch a p\u0159\u00edslu\u0161n\u00fdch dohod mezi \u010cLR a Spojen\u00fdm kr\u00e1lovstv\u00edm, podle nich\u017e jsou britsk\u00e9 \u00fa\u0159ady povinny chr\u00e1nit bezpe\u010dnost prostor a person\u00e1lu \u010d\u00ednsk\u00fdch velvyslanectv\u00ed a konzul\u00e1rn\u00edch mis\u00ed.<\/span><\/p>\n<p><span>Britsk\u00e9 ministerstvo zahrani\u010d\u00ed ve st\u0159edu ozn\u00e1milo, \u017ee \u0161est zam\u011bstnanc\u016f \u010d\u00ednsk\u00e9ho gener\u00e1ln\u00edho konzul\u00e1tu v Manchesteru, v\u010detn\u011b gener\u00e1ln\u00edho konzula\u00a0<\/span><strong><span>Zheng Xiyuan<\/span><\/strong><span>\u00a0, je na \u017e\u00e1dost britsk\u00e9 strany sta\u017eeno ze Spojen\u00e9ho kr\u00e1lovstv\u00ed.\u00a0Zheng Xiyuan, kter\u00fd \u00fadajn\u011b zbil hongkongsk\u00e9ho demonstranta na proti\u010d\u00ednsk\u00e9m protestu, se podle \u010d\u00ednsk\u00e9 ambas\u00e1dy v Lond\u00fdn\u011b st\u0159\u00eddav\u011b vrac\u00ed do sv\u00e9 vlasti.<\/span><\/p>\n<p><span>16. \u0159\u00edjna n\u011bkolik des\u00edtek britsk\u00fdch aktivist\u016f uspo\u0159\u00e1dalo protest p\u0159ed \u010d\u00ednsk\u00fdm gener\u00e1ln\u00edm konzul\u00e1tem v Manchesteru.\u00a0Podle m\u00edstn\u00ed policie byl jeden z demonstrant\u016f, kte\u0159\u00ed obhajovali demokratick\u00e9 reformy v \u010cLR, zam\u011bstnanci \u010d\u00ednsk\u00e9 diplomatick\u00e9 mise \u201ezavle\u010den na \u00fazem\u00ed konzul\u00e1tu, kde proti n\u011bmu byla pou\u017eita s\u00edla\u201c.<\/span><\/p>\n<p><span>\u010c\u00edna v souvislosti s incidentem podala prohl\u00e1\u0161en\u00ed v\u016f\u010di Spojen\u00e9mu kr\u00e1lovstv\u00ed a poznamenala, \u017ee bezpe\u010dnost konzul\u00e1tu je ohro\u017eena.\u00a0Podle \u010d\u00ednsk\u00e9ho gener\u00e1ln\u00edho konzul\u00e1tu nikdo zran\u011bn\u00e9ho mlad\u00edka na \u00fazem\u00ed diplomatick\u00e9 mise neodvlekl.\u00a0S\u00e1m se pokusil proniknout plotem a popadl za oble\u010den\u00ed jednoho ze zam\u011bstnanc\u016f, kter\u00fd se ho sna\u017eili odt\u00e1hnout.<\/span><\/p>\n<p><img decoding=\"async\" loading=\"lazy\" class=\"alignnone size-full wp-image-1185\" src=\"http:\/\/www.infokuryr.cz\/n\/wp-content\/uploads\/2021\/04\/kuryr-podpis.png\" alt=\"\" width=\"84\" height=\"24\" \/><\/p>\n<p><img decoding=\"async\" loading=\"lazy\" class=\"wp-image-19187 aligncenter\" src=\"http:\/\/www.infokuryr.cz\/n\/wp-content\/uploads\/2022\/12\/1-PRO-300x36.jpg\" alt=\"\" width=\"1208\" height=\"145\" srcset=\"https:\/\/www.infokuryr.cz\/n\/wp-content\/uploads\/2022\/12\/1-PRO-300x36.jpg 300w, https:\/\/www.infokuryr.cz\/n\/wp-content\/uploads\/2022\/12\/1-PRO.jpg 699w\" sizes=\"(max-width: 1208px) 100vw, 1208px\" \/><\/p>\n<p>&nbsp;<\/p>\n","protected":false},"excerpt":{"rendered":"<p>Britsk\u00e9 \u00fa\u0159ady mus\u00ed n\u00e9st plnou odpov\u011bdnost za \u00fatok na \u010d\u00ednsk\u00fd konzul\u00e1t v Manchesteru.\u00a0P\u00ed\u0161e o tom&#8230;<\/p>\n","protected":false},"author":2,"featured_media":19799,"comment_status":"closed","ping_status":"closed","sticky":false,"template":"","format":"standard","meta":[],"categories":[7],"tags":[30,4045,723,303],"_links":{"self":[{"href":"https:\/\/www.infokuryr.cz\/n\/wp-json\/wp\/v2\/posts\/19798"}],"collection":[{"href":"https:\/\/www.infokuryr.cz\/n\/wp-json\/wp\/v2\/posts"}],"about":[{"href":"https:\/\/www.infokuryr.cz\/n\/wp-json\/wp\/v2\/types\/post"}],"author":[{"embeddable":true,"href":"https:\/\/www.infokuryr.cz\/n\/wp-json\/wp\/v2\/users\/2"}],"replies":[{"embeddable":true,"href":"https:\/\/www.infokuryr.cz\/n\/wp-json\/wp\/v2\/comments?post=19798"}],"version-history":[{"count":0,"href":"https:\/\/www.infokuryr.cz\/n\/wp-json\/wp\/v2\/posts\/19798\/revisions"}],"wp:featuredmedia":[{"embeddable":true,"href":"https:\/\/www.infokuryr.cz\/n\/wp-json\/wp\/v2\/media\/19799"}],"wp:attachment":[{"href":"https:\/\/www.infokuryr.cz\/n\/wp-json\/wp\/v2\/media?parent=19798"}],"wp:term":[{"taxonomy":"category","embeddable":true,"href":"https:\/\/www.infokuryr.cz\/n\/wp-json\/wp\/v2\/categories?post=19798"},{"taxonomy":"post_tag","embeddable":true,"href":"https:\/\/www.infokuryr.cz\/n\/wp-json\/wp\/v2\/tags?post=19798"}],"curies":[{"name":"wp","href":"https:\/\/api.w.org\/{rel}","templated":true}]}}