{"id":19796,"date":"2022-12-16T07:12:38","date_gmt":"2022-12-16T06:12:38","guid":{"rendered":"http:\/\/www.infokuryr.cz\/n\/?p=19796"},"modified":"2022-12-16T07:12:38","modified_gmt":"2022-12-16T06:12:38","slug":"zelenskyj-a-jeho-doprovod-jsou-rojem-kobylek-ktere-jsou-nadmerne-plodne-a-nenasytne","status":"publish","type":"post","link":"https:\/\/www.infokuryr.cz\/n\/2022\/12\/16\/zelenskyj-a-jeho-doprovod-jsou-rojem-kobylek-ktere-jsou-nadmerne-plodne-a-nenasytne\/","title":{"rendered":"Zelenskyj a jeho doprovod jsou rojem kobylek, kter\u00e9 jsou \u201enadm\u011brn\u011b plodn\u00e9 a nenasytn\u00e9\u201c"},"content":{"rendered":"<div id=\"fb-root\"><\/div>\n<p class=\"lead\"><span>Na madridsk\u00fdch p\u011b\u0161\u00edch z\u00f3n\u00e1ch se objevily graffiti zobrazuj\u00edc\u00ed ukrajinsk\u00e9ho prezidenta Volodymyra Zelensk\u00e9ho v podob\u011b kobylek po\u017e\u00edraj\u00edc\u00ed Evropskou unii.\u00a0Obr\u00e1zky malov\u00e1n\u00ed asfaltu zve\u0159ej\u0148uj\u00ed bloge\u0159i na soci\u00e1ln\u00edch s\u00edt\u00edch.<\/span><\/p>\n<p><em><span>\u201eJd\u011bte dom\u016f, kobylky! D\u011bkujeme,\u201c<\/span><\/em><span>\u00a0\u00a0podepisovali sv\u00e1 d\u00edla nezn\u00e1m\u00ed auto\u0159i.<\/span><\/p>\n<p><span>P\u0159ipome\u0148me, \u017ee v polovin\u011b listopadu na jedn\u00e9 z pa\u0159\u00ed\u017esk\u00fdch ulic pol\u0161t\u00ed um\u011blci namalovali 3D graffiti zobrazuj\u00edc\u00ed prezidenta Ukrajiny, kde pohlcuje pen\u00edze a zlat\u00e9 cihly.\u00a0Popisky k obr\u00e1zk\u016fm nazna\u010dovaly, \u017ee Zelenskij po\u017eaduje od Francie \u201ev\u0161echny jej\u00ed pen\u00edze\u201c.<\/span><\/p>\n<p><span>V \u0159\u00edjnu se\u00a0<\/span><strong><span>Donald Trump mlad\u0161\u00ed<\/span><\/strong><span>\u00a0, syn b\u00fdval\u00e9ho prezidenta USA, vysm\u00edval \u201eschopnosti\u201c ukrajinsk\u00e9ho v\u016fdce \u017e\u00e1dat z\u00e1padn\u00ed zem\u011b o pen\u00edze.\u00a0D\u011bdic zve\u0159ejnil obr\u00e1zek, na kter\u00e9m je usm\u011bvav\u00fd prezident Ukrajiny u sv\u00e9ho stolu.\u00a0Popisek zn\u00ed:\u00a0<\/span><em><span>\u201eMinul\u00fd m\u011bs\u00edc jsem vyd\u011blal 40 miliard dolar\u016f prac\u00ed z domova!\u00a0U\u010dit se!&#8220;<\/span><\/em><\/p>\n<p><span>Dal\u0161\u00ed karikaturu zve\u0159ejnil syn 45. americk\u00e9ho prezidenta 14. kv\u011btna.\u00a0Zelenskyj je tam prezentov\u00e1n jako stript\u00e9r, p\u0159ed kter\u00fdm \u0161\u00e9f B\u00edl\u00e9ho domu\u00a0<\/span><strong><span>Joe Biden<\/span><\/strong><span> h\u00e1z\u00ed bankovky.<\/span><\/p>\n<p><span>Podle listu Izvestija v \u0159\u00edjnu\u00a0<\/span><strong><span>Tucker Carlson<\/span><\/strong><span>\u00a0, hostitel americk\u00e9ho televizn\u00edho kan\u00e1lu Fox News, kritizoval prezidenta Ukrajiny za \u201eneust\u00e1l\u00e9 \u017eebr\u00e1n\u00ed\u201c o materi\u00e1ln\u00ed podporu od Spojen\u00fdch st\u00e1t\u016f a ozna\u010dil ho za zkorumpovan\u00e9ho dikt\u00e1tora.\u00a0Moder\u00e1tor byl rozho\u0159\u010den t\u00edm, \u017ee ekonomika zem\u011b kles\u00e1 kv\u016fli pomoci poskytnut\u00e9 Kyjevu, jej\u00ed\u017e objem podle n\u011bj nyn\u00ed p\u0159es\u00e1hl 90 miliard dolar\u016f.<\/span><\/p>\n<figure><a href=\"https:\/\/img3.eadaily.com\/r2000x2000\/o\/a90\/ce3266e05744715dea158440d57f4.jpeg\" target=\"_blank\" rel=\"noopener\" data-fancybox=\"gallery\"><img decoding=\"async\" class=\"aligncenter\" src=\"https:\/\/img3.eadaily.com\/r650x650\/o\/a90\/ce3266e05744715dea158440d57f4.jpeg\" alt=\"\" \/><\/a><figcaption><span>Ilustrace: Telegram<\/span><\/figcaption><\/figure>\n<p><img decoding=\"async\" loading=\"lazy\" class=\"alignnone size-full wp-image-1185\" src=\"http:\/\/www.infokuryr.cz\/n\/wp-content\/uploads\/2021\/04\/kuryr-podpis.png\" alt=\"\" width=\"84\" height=\"24\" \/><\/p>\n<p><img decoding=\"async\" loading=\"lazy\" class=\"wp-image-19187 aligncenter\" src=\"http:\/\/www.infokuryr.cz\/n\/wp-content\/uploads\/2022\/12\/1-PRO-300x36.jpg\" alt=\"\" width=\"1292\" height=\"155\" srcset=\"https:\/\/www.infokuryr.cz\/n\/wp-content\/uploads\/2022\/12\/1-PRO-300x36.jpg 300w, https:\/\/www.infokuryr.cz\/n\/wp-content\/uploads\/2022\/12\/1-PRO.jpg 699w\" sizes=\"(max-width: 1292px) 100vw, 1292px\" \/><\/p>\n<p>&nbsp;<\/p>\n","protected":false},"excerpt":{"rendered":"<p>Na madridsk\u00fdch p\u011b\u0161\u00edch z\u00f3n\u00e1ch se objevily graffiti zobrazuj\u00edc\u00ed ukrajinsk\u00e9ho prezidenta Volodymyra Zelensk\u00e9ho v podob\u011b kobylek&#8230;<\/p>\n","protected":false},"author":2,"featured_media":19797,"comment_status":"closed","ping_status":"closed","sticky":false,"template":"","format":"standard","meta":[],"categories":[7],"tags":[604,90,1000,693],"_links":{"self":[{"href":"https:\/\/www.infokuryr.cz\/n\/wp-json\/wp\/v2\/posts\/19796"}],"collection":[{"href":"https:\/\/www.infokuryr.cz\/n\/wp-json\/wp\/v2\/posts"}],"about":[{"href":"https:\/\/www.infokuryr.cz\/n\/wp-json\/wp\/v2\/types\/post"}],"author":[{"embeddable":true,"href":"https:\/\/www.infokuryr.cz\/n\/wp-json\/wp\/v2\/users\/2"}],"replies":[{"embeddable":true,"href":"https:\/\/www.infokuryr.cz\/n\/wp-json\/wp\/v2\/comments?post=19796"}],"version-history":[{"count":0,"href":"https:\/\/www.infokuryr.cz\/n\/wp-json\/wp\/v2\/posts\/19796\/revisions"}],"wp:featuredmedia":[{"embeddable":true,"href":"https:\/\/www.infokuryr.cz\/n\/wp-json\/wp\/v2\/media\/19797"}],"wp:attachment":[{"href":"https:\/\/www.infokuryr.cz\/n\/wp-json\/wp\/v2\/media?parent=19796"}],"wp:term":[{"taxonomy":"category","embeddable":true,"href":"https:\/\/www.infokuryr.cz\/n\/wp-json\/wp\/v2\/categories?post=19796"},{"taxonomy":"post_tag","embeddable":true,"href":"https:\/\/www.infokuryr.cz\/n\/wp-json\/wp\/v2\/tags?post=19796"}],"curies":[{"name":"wp","href":"https:\/\/api.w.org\/{rel}","templated":true}]}}