{"id":19790,"date":"2022-12-16T06:07:49","date_gmt":"2022-12-16T05:07:49","guid":{"rendered":"http:\/\/www.infokuryr.cz\/n\/?p=19790"},"modified":"2022-12-16T06:07:49","modified_gmt":"2022-12-16T05:07:49","slug":"nato-se-snazi-najit-zaminku-k-utoku-na-srbsko-opet","status":"publish","type":"post","link":"https:\/\/www.infokuryr.cz\/n\/2022\/12\/16\/nato-se-snazi-najit-zaminku-k-utoku-na-srbsko-opet\/","title":{"rendered":"NATO se sna\u017e\u00ed naj\u00edt z\u00e1minku k \u00fatoku na Srbsko (op\u011bt)"},"content":{"rendered":"<div id=\"fb-root\"><\/div>\n<section class=\"perex\">Jak jsem se ji\u017e\u00a0<a href=\"http:\/\/thesaker.is\/will-the-us-try-to-pull-off-a-grenada-in-serbia\/\" target=\"_blank\" rel=\"external noopener\">ned\u00e1vno zm\u00ednil<\/a>, situace v Kosovu okupovan\u00e9m NATO se rychle zhor\u0161uje (viz\u00a0<a href=\"https:\/\/www.rt.com\/news\/568114-serbia-kosovo-albanian-provocations\/\" target=\"_blank\" rel=\"external noopener\">zde<\/a>\u00a0a\u00a0<a href=\"https:\/\/www.rt.com\/news\/568064-serbia-pushed-to-wall\/\" target=\"_blank\" rel=\"external noopener\">zde<\/a>). Pon\u00ed\u017een\u00ed NATO na Ukrajin\u011b tla\u010d\u00ed vedouc\u00ed p\u0159edstavitele NATO k tomu, aby se sna\u017eili dok\u00e1zat svou \u201ev\u00e1le\u010dnou state\u010dnost\u201c a \u201emu\u017enost\u201c t\u00edm, \u017ee, cituji, \u201e\u010das od \u010dasu mus\u00ed Spojen\u00e9 st\u00e1ty vz\u00edt n\u011bjakou malou mizernou zemi a p\u0159itla\u010dit ji ke zdi, jen aby dok\u00e1zaly, \u017ee to mysl\u00edme v\u00e1\u017en\u011b\u201c (Michael Ledeen). A op\u011bt, anglosionist\u00e9 cht\u011bj\u00ed za\u00fato\u010dit na pravoslavnou zemi, aby \u201euk\u00e1zali Rusku\u201c, co by se j\u00ed mohlo st\u00e1t p\u0159\u00ed\u0161t\u011b (Strobe Talbott).<\/p>\n<\/section>\n<section class=\"clanek-obsah\">NATO tak\u00e9 mus\u00ed c\u00edtit, \u017ee \u010das (a dokonce i z\u00e1soby munice!) se kr\u00e1t\u00ed: Rusko nyn\u00ed nem\u016f\u017ee Srbsku pomoci jinak ne\u017e vyj\u00e1d\u0159en\u00edm politick\u00e9 podpory. Nav\u00edc geografie m\u016f\u017ee b\u00fdt proklet\u00edm a Srbsko se nach\u00e1z\u00ed hluboko uvnit\u0159 \u00fazem\u00ed NATO, obklopen\u00e9 ze v\u0161ech stran nep\u0159\u00e1teli, kte\u0159\u00ed maj\u00ed prost\u0159edky, jak Rusku zabr\u00e1nit, aby krom\u011b slov nab\u00eddlo jakoukoli jinou formu podpory.<\/p>\n<p>Srbsko samo by se mohlo snadno vypo\u0159\u00e1dat s teroristy z KLA, ale to by t\u00e9m\u011b\u0159 jist\u011b vyvolalo odvetn\u00fd \u00fatok NATO a Srbsko objektivn\u011b nem\u00e1 schopnosti, aby se NATO postavilo. Lid\u00e9 v Mons to v\u011bd\u00ed, a tak provokuj\u00ed, jak jen mohou, dokud to je\u0161t\u011b jde.<\/p>\n<p><em>[Dodatek: jakmile bude por\u00e1\u017eku NATO na Ukrajin\u011b nemo\u017en\u00e9 zaml\u017eit nebo pop\u0159\u00edt, bude muset NATO v podstat\u011b ut\u00e9ct, stejn\u011b jako to ud\u011blalo v K\u00e1bulu. A\u017e se tak stane,\u00a0<a href=\"https:\/\/thesaker.is\/kosovo-will-be-liberated\/\" target=\"_blank\" rel=\"external noopener\">bude Kosovo (a RS v Bosn\u011b) osvobozeno.<\/a>]<\/em>Mezi situac\u00ed na Ukrajin\u011b a v Kosovu existuje mnoho paralel, z nich\u017e hlavn\u00ed je, \u017ee v obou p\u0159\u00edpadech se Z\u00e1pad sna\u017eil z\u00edskat \u010das na p\u0159\u00edpravu v\u00e1lky (kterou \u00fasp\u011b\u0161n\u011b realizoval proti \u201echr\u00e1n\u011bn\u00fdm oblastem\u201c OSN v Chorvatsku). Ned\u00e1vn\u00e9\u00a0<a href=\"http:\/\/thesaker.is\/maria-zakharova-called-merkels-statement-on-the-minsk-agreements-a-petition-for-a-tribunal\/\" target=\"_blank\" rel=\"external noopener\">p\u0159izn\u00e1n\u00ed Merkelov\u00e9<\/a>, \u017ee jedin\u00fdm smyslem Minsk\u00fdch dohod bylo z\u00edskat \u010das na p\u0159\u00edpravu Ukrajiny na v\u00e1lku (n\u011bjak se jim poda\u0159ilo p\u0159ehl\u00e9dnout, \u017ee tak\u00e9 Rusko vyu\u017eije \u010das k tomu, aby se p\u0159ipravilo na v\u00e1lku), je pln\u011b v souladu s n\u00e1sleduj\u00edc\u00edm koncep\u010dn\u00edm pl\u00e1nem:<\/p>\n<ol>\n<li>Za\u010dnete t\u00edm, \u017ee budete p\u0159edst\u00edrat, \u017ee chcete zprost\u0159edkovat n\u011bjakou polorozumnou dohodu, kter\u00e1 sice nebude dokonal\u00e1, ale zachov\u00e1 m\u00edr a poskytne \u010das na vyjedn\u00e1v\u00e1n\u00ed (to ud\u011blali s Palestinci, Srby, Rusy a mnoha dal\u0161\u00edmi!).<\/li>\n<li>Pak podm\u00ednky t\u00e9to dohody znovu a znovu poru\u0161ujte a vyz\u00fdvejte druhou stranu, aby s t\u00edm \u201en\u011bco ud\u011blala\u201c.<\/li>\n<li>Pokud druh\u00e1 strana nic neud\u011bl\u00e1, provokujte tak dlouho, dokud cel\u00e1 dohoda nebude zjevn\u011b mrtv\u00e1, a pak nechte svou proxy arm\u00e1du za\u00fato\u010dit jako \u201eodvetu\u201c za n\u011bjak\u00e9 domn\u011bl\u00e9 \u201eporu\u0161en\u00ed\u201c ze strany druh\u00e9 strany. A pokud je va\u0161e proxy arm\u00e1da slab\u00e1 a hlavn\u011b schopn\u00e1 vra\u017edit civilisty, poskytn\u011bte j\u00ed plnou podporu NATO (kterou se v Kosovu stalo \u201eletectvo KLA\u201c).<\/li>\n<li>Pokud druh\u00e1 strana p\u0159edejde va\u0161emu \u00fatoku, obvi\u0148te ji z poru\u0161en\u00ed podm\u00ednek dohody a za\u00fato\u010dte na ni jako \u201eodvetou\u201c.<\/li>\n<li>Mantricky opakujte, \u017ee \u201ezem\u011b X\u201c (Kosovo nebo Izrael, to je stejn\u00fd rozd\u00edl) m\u00e1 \u201epr\u00e1vo\u201c se \u201ebr\u00e1nit\u201c p\u0159ed \u201e\u00fatoky\u201c, ale nikdy neuznejte stejn\u00e9 pr\u00e1vo druh\u00e9 stran\u011b.<\/li>\n<\/ol>\n<p>V p\u0159\u00edpad\u011b Srbska je v\u0161e je\u0161t\u011b mnohem hor\u0161\u00ed kv\u016fli \u201emultivektorov\u00e9\u201c politice Vu\u010di\u0107ovy vl\u00e1dy, kter\u00e1 na jedn\u00e9 stran\u011b usiluje o \u010dlenstv\u00ed a podporu EU a na druh\u00e9 stran\u011b se mus\u00ed vypo\u0159\u00e1dat s rozho\u0159\u010den\u00fdm ve\u0159ejn\u00fdm m\u00edn\u011bn\u00edm. Popravd\u011b \u0159e\u010deno, srbsk\u00e1 ekonomika je zcela z\u00e1visl\u00e1 na sousedech, tak\u017ee jak\u00fdkoli vn\u00edman\u00fd \u201ep\u0159ehnan\u00fd patriotismus\u201c (a\u0165 u\u017e je jakkoli minim\u00e1ln\u00ed a t\u0159eba i trapn\u00fd) by mohl m\u00edt za n\u00e1sledek je\u0161t\u011b ni\u010div\u011bj\u0161\u00ed sankce ze strany sjednocen\u00e9ho Z\u00e1padu, kter\u00fd se pekeln\u011b sna\u017e\u00ed rozb\u00edt ka\u017edou a jakoukoli suver\u00e9nn\u00ed zemi.<\/p>\n<p>Je\u0161t\u011b hor\u0161\u00ed je skute\u010dnost, \u017ee EU\/NATO jsou jak stranou konfliktu, tak soudcem a porotou, kter\u00e1 m\u00e1 pr\u00e1vo cokoli na\u0159\u00eddit nebo ignorovat jak\u00e9koli st\u00ed\u017enosti.<\/p>\n<p>Nyn\u00ed jsme sv\u011bdky podivn\u00e9ho p\u0159edstaven\u00ed, kdy Vu\u010di\u010d \u017e\u00e1d\u00e1 KFOR (s\u00edly NATO v Kosovu) o \u201epovolen\u00ed k v\u00fdkonu pr\u00e1va\u201c (?), kter\u00e9 mu p\u0159izn\u00e1v\u00e1 rezoluce RB OSN \u010d. 1244, je\u017e Srbsku umo\u017e\u0148uje vyslat do Kosova 1000 policejn\u00edch\/bezpe\u010dnostn\u00edch sil. T\u00edm, \u017ee Vu\u010di\u010d \u017e\u00e1d\u00e1, m\u00edsto aby informoval KFOR, se sna\u017e\u00ed co nejv\u00edce neprovokovat org\u00e1ny KFOR a douf\u00e1, \u017ee budou jednat alespo\u0148 trochu slu\u0161n\u011b. Velmi pochybuji, \u017ee to bude fungovat.<\/p>\n<p>A ani skute\u010dnost, \u017ee Vu\u010di\u010d podal tuto \u017e\u00e1dost pot\u00e9, co Alb\u00e1nci vyslali do srbsk\u00e9 enkl\u00e1vy v Kosovu 1000 vlastn\u00edch voj\u00e1k\u016f, Vu\u010di\u010dovi nijak nepom\u016f\u017ee: Z\u00e1pad prok\u00e1zal svou skute\u010dn\u011b \u00fa\u017easnou schopnost b\u00fdt selektivn\u011b slep\u00fd nejen b\u011bhem v\u00e1lky USA\/NATO\/EU proti srbsk\u00e9mu n\u00e1rodu v 90. letech, ale dokonce i pozd\u011bji jako \u201eselektivn\u011b slep\u00ed\u201c \u201epozorovatel\u00e9\u201c lidsk\u00fdch pr\u00e1v a dal\u0161\u00ed \u201epozorovatel\u00e9\u201c v LDNR nebo \u201eselektivn\u011b slep\u00ed\u201c inspekto\u0159i MAAE v ZNPP.<\/p>\n<p><em>[Paralely mezi Banderast\u00e1nem a \u201eKosovem\u201c jsou \u010detn\u00e9 a n\u00e1padn\u00e9, v\u010detn\u011b toho, \u017ee v obou p\u0159\u00edpadech jsou tyto re\u017eimy \u0159\u00edzeny teroristy a zlo\u010dinci, kte\u0159\u00ed vyd\u011bl\u00e1vaj\u00ed miliony na r\u016fzn\u00fdch finan\u010dn\u00edch machinac\u00edch a dokonce i na obchodu s t\u011blesn\u00fdmi org\u00e1ny. Ob\u011b entity jsou \u0159\u00edzeny \u201ena\u0161imi zkurvysyny\u201c, a proto dost\u00e1vaj\u00ed odpustku v\u0161emu, od poru\u0161ov\u00e1n\u00ed z\u00e1kladn\u00edch lidsk\u00fdch pr\u00e1v a\u017e po velk\u00e9 vojensk\u00e9 provokace, to v\u0161e samoz\u0159ejm\u011b ve jm\u00e9nu demokracie, pluralismu a v\u0161eho dobr\u00e9ho pod sluncem. Navrhuji, \u017ee by mohlo b\u00fdt zaj\u00edmav\u00e9 n\u00e1sleduj\u00edc\u00ed pravidlo: \u201euka\u017e mi sv\u00e9 z\u00e1stupce a j\u00e1 ti \u0159eknu, kdo jsi\u201c. Hegemonie, kter\u00e1 fedrovala, financovala, cvi\u010dila a anga\u017eovala al-K\u00e1idu\/ISIS, nebude m\u00edt probl\u00e9m vypo\u0159\u00e1dat se s hrdlo\u0159ezy u moci v Kyjev\u011b nebo Pri\u0161tin\u011b bez ohledu na to, co ti druz\u00ed ud\u011blaj\u00ed].<\/em>\u010clov\u011bk by si mohl myslet, \u017ee rezoluce RB OSN nelze ignorovat, ale ve skute\u010dnosti je to mo\u017en\u00e9 (zeptejte se Izraelc\u016f!). Pokud si n\u011bkter\u00fd \u010dlen RB OSN st\u011b\u017euje na jej\u00ed poru\u0161ov\u00e1n\u00ed, m\u016f\u017eete v\u017edy po\u010d\u00edtat s t\u00edm, \u017ee z\u00e1stupci USA\/EU\/NATO budou rezoluci RB OSN vetovat.<\/p>\n<p>Srbsko bohu\u017eel v sou\u010dasn\u00e9 dob\u011b srbsk\u00e9 men\u0161in\u011b v Kosovu jednodu\u0161e nem\u016f\u017ee pomoci. I kdyby se Vu\u010di\u010d rozhodl odm\u00edtnout po\u017eadavky a na\u0159\u00edzen\u00ed \u0158\u00ed\u0161e, Srbsko nem\u016f\u017ee ud\u011blat o mnoho v\u00edc ne\u017e slovn\u011b protestovat.<\/p>\n<p>Vzhledem k opravdu \u00fa\u017easn\u00e9 schopnosti Evropan\u016f b\u00fdt selektivn\u011b slep\u00ed si m\u016f\u017eeme b\u00fdt jisti, \u017ee jak\u00e9koliv srbsk\u00e9 protesty naraz\u00ed na hluch\u00e9 u\u0161i. Ti sam\u00ed Evropan\u00e9, kte\u0159\u00ed ron\u00ed oce\u00e1ny krokod\u00fdl\u00edch slz nad \u201ebombardov\u00e1n\u00edm Sarajeva\u201c nebo l\u00e9pe \u0159e\u010deno \u201egenocidou ve Srebrenici\u201c, si b\u011bhem osmi let, kdy ukronacist\u00e9 pou\u017e\u00edvali sv\u00e9 vlastn\u00ed ozbrojen\u00e9 s\u00edly (v p\u0159\u00edm\u00e9m rozporu s ukrajinskou \u00fastavou) k vra\u017ed\u011bn\u00ed, mrza\u010den\u00ed, \u00fanos\u016fm, mu\u010den\u00ed a dokonce k zasahov\u00e1n\u00ed balistick\u00fdmi raketami civiln\u00edho obyvatelstva Donbasu, nev\u0161imli v\u016fbec ni\u010deho.<\/p>\n<p><em>[<b>Pozn\u00e1mka<\/b>: Nemohu to dok\u00e1zat, ale jsem pevn\u011b p\u0159esv\u011bd\u010den, \u017ee hlavn\u00edm d\u016fvodem, pro\u010d Evropan\u00e9 tolik nen\u00e1vid\u00ed Rusy a Srby, je to, \u017ee Rusov\u00e9 a Srbov\u00e9 na rozd\u00edl od Evropan\u016f nikdy nesouhlasili s t\u00edm, aby se stali otroky n\u011bjak\u00e9 \u0159\u00ed\u0161e. Na n\u011bjak\u00e9, mo\u017en\u00e1 podv\u011bdom\u00e9 \u00farovni mus\u00ed m\u00edt Evropan\u00e9 pocit, \u017ee ve srovn\u00e1n\u00ed s Rusy a Srby vypadaj\u00ed jako uboz\u00ed, zlomen\u00ed otroci bez pocitu hrdosti, nebo dokonce identity. Jednodu\u0161e \u0159e\u010deno: Rusov\u00e9 a Srbov\u00e9 d\u011blaj\u00ed ze zbytku Evropan\u016f \u201evelk\u00e9 supinov\u00e9 protoplazmatick\u00e9 bezobratl\u00e9 \u017eel\u00e9\u201c (abych pou\u017eil velmi p\u0159esn\u00fd popis BoJo), kter\u00fdm v\u0161ichni tak moc jsou].<\/em>O\u010dek\u00e1vat od z\u00e1padn\u00edch Evropan\u016f alespo\u0148 \u0161petku slu\u0161nosti by bylo naprosto naivn\u00ed. Jsou p\u0159\u00edli\u0161 zanepr\u00e1zdn\u011bni nen\u00e1vist\u00ed a mrazen\u00edm&#8230;<\/p>\n<p>Hegemonii v\u0161ak doch\u00e1z\u00ed \u010das.<\/p>\n<p>Jakmile se por\u00e1\u017eka NATO na Ukrajin\u011b stane nepopiratelnou, organizace rychle ztrat\u00ed na v\u00fdznamu a nebude schopna se dohodnout na dal\u0161\u00ed vojensk\u00e9 operaci. Co se t\u00fd\u010de USA, po ztr\u00e1t\u011b \u201ef\u00edkov\u00e9ho listu\u201c poskytovan\u00e9ho NATO pravd\u011bpodobn\u011b nebudou m\u00edt na to, aby za\u00fato\u010dily na Srbsko, ne pot\u00e9, co byly komplexn\u011b pora\u017eeny na Ukrajin\u011b (rozpad NATO tak\u00e9 vyvol\u00e1 velkou krizi uvnit\u0159 USA).<\/p>\n<p>Probl\u00e9m Srbska spo\u010d\u00edv\u00e1 v tom, \u017ee bude trvat dlouho (mnoho m\u011bs\u00edc\u016f, pravd\u011bpodobn\u011b n\u011bkolik let), ne\u017e se pln\u011b zbav\u00ed NATO a z\u00e1rove\u0148 nevyvol\u00e1 kontinent\u00e1ln\u00ed v\u00e1lku v Evrop\u011b v pln\u00e9m rozsahu. A bu\u010fme up\u0159\u00edmn\u00ed, pokud si Rusov\u00e9 mohou nyn\u00ed d\u00e1t na\u010das s \u201edemilitarizac\u00ed\u201c Banderast\u00e1nu, srbsk\u00e1 men\u0161ina v Kosovu to nedok\u00e1\u017ee.<\/p>\n<p>Co tedy mohou Srbov\u00e9 v t\u00e9to situaci d\u011blat?<\/p>\n<p>Nicned\u011bl\u00e1n\u00ed by jen pos\u00edlilo pozici terorist\u016f z KLA a jejich z\u00e1padn\u00edch \u0161\u00e9f\u016f a zanechalo by dlouho trp\u00edc\u00ed srbskou men\u0161inu v Kosovu bezbrannou.<\/p>\n<p>P\u0159esun sil, i kdyby byl pln\u011b povolen rezoluc\u00ed RB OSN, by znamenal riziko velk\u00e9ho hospod\u00e1\u0159sk\u00e9ho a vojensk\u00e9ho \u00fatoku USA\/NATO\/EU na Srbsko.<\/p>\n<p>Evakuace srbsk\u00fdch civilist\u016f z Kosova? Teoreticky by to byla mo\u017enost, ale mus\u00edme si uv\u011bdomit, \u017ee pro srbsk\u00fd n\u00e1rod je Kosovo skute\u010dn\u011b posv\u00e1tnou p\u016fdou a \u017ee mnoz\u00ed by odm\u00edtli odej\u00edt. Vypr\u00e1zdn\u011bn\u00ed Kosova od srbsk\u00e9 men\u0161iny by tak\u00e9 jen povzbudilo KLA a jej\u00ed patrony. A kone\u010dn\u011b, kdy\u017e Rusov\u00e9 evakuovali sv\u00e9 civilisty z Chersonu, bylo p\u0159inejmen\u0161\u00edm v\u011brohodn\u00e9, \u017ee se jedn\u00e1 o do\u010dasn\u00fd krok a \u017ee se rusk\u00e1 arm\u00e1da vr\u00e1t\u00ed, sp\u00ed\u0161e d\u0159\u00edve ne\u017e pozd\u011bji. V p\u0159\u00edpad\u011b Kosova je v\u0161ak Srbsko slab\u0161\u00ed stranou a z\u016fstane j\u00ed, dokud:<\/p>\n<ol>\n<li>Srbsko z\u00edsk\u00e1 zp\u011bt svou suverenitu (nyn\u00ed je Srbsko v podstat\u011b pod spr\u00e1vou Z\u00e1padu, proto ty hrozby ze strany politik\u016f EU, jako je Baerbock).<\/li>\n<li>Sjednocuje se s historicky srbsk\u00fdmi zem\u011bmi v \u010cern\u00e9 Ho\u0159e, Bosn\u011b a Kosovu.<\/li>\n<li>USA\/NATO\/EU jsou demilitarizov\u00e1ny a denacifikov\u00e1ny, alespo\u0148 v Evrop\u011b.<\/li>\n<\/ol>\n<p>K tomu v\u0161emu dojde, probl\u00e9m je v tom, *kdy*. To ur\u010dit\u011b nev\u00edm.<\/p>\n<p>V\u00edm jen, \u017ee srbsk\u00fd n\u00e1rod p\u0159e\u017eil naprosto stra\u0161liv\u00e9 a dokonce p\u0159\u00edmo d\u00e9monick\u00e9 pron\u00e1sledov\u00e1n\u00ed ze strany Osman\u016f, Anglosas\u016f i latin\u00edk\u016f (Paveli\u010d, stejn\u011b jako Bandera, Franco nebo Petain, byl \u010dist\u00fdm produktem pape\u017estv\u00ed, na rozd\u00edl od Hitlera a Mussoliniho, kte\u0159\u00ed byli pohan\u00e9 a ateist\u00e9).<\/p>\n<p>V sou\u010dasn\u00e9 situaci se Srbov\u00e9 mo\u017en\u00e1 budou muset sm\u00ed\u0159it s re\u00e1lnou mo\u017enost\u00ed ne\u00fasp\u011bch\u016f, kter\u00e9 budou muset tolerovat, i kdy\u017e jen do\u010dasn\u011b. Z\u00e1pad tak\u00e9 velmi \u00fasp\u011b\u0161n\u011b rozd\u011blil srbsk\u00fd n\u00e1rod, aby mu mohl l\u00e9pe vl\u00e1dnout (je to n\u011bco nov\u00e9ho?) Srbov\u00e9 v\u011bd\u00ed, \u017ee Srbsko m\u016f\u017ee zachr\u00e1nit pouze jednota, a budou o ni usilovat, i kdy\u017e je to za sou\u010dasn\u00fdch okolnost\u00ed nesm\u00edrn\u011b obt\u00ed\u017en\u00e9. Nakonec v\u0161ak srbsk\u00fd n\u00e1rod tuto hlubokou krizi nevyhnuteln\u011b p\u0159e\u017eije: pamatujeme na Krist\u016fv slib, \u017ee \u201ekdo v\u0161ak vytrv\u00e1 a\u017e do konce, ten bude spasen\u201c.<\/p>\n<p><strong>The Saker<\/strong><\/p>\n<div class=\"podcarou\">\n<p>NATO is trying to find a pretext to attack Serbia (again) vy\u0161el 13.12.2022 na thesaker.is. P\u0159eklad Zv\u011bdavec.<\/p>\n<p>P\u0159evzato\u00a0<a href=\"https:\/\/zvedavec.news\/komentare\/2022\/12\/9453-nato-se-snazi-najit-zaminku-k-utoku-na-srbsko-opet.htm\">Zvedavec.org<\/a><\/p>\n<p><img decoding=\"async\" loading=\"lazy\" class=\"wp-image-19187 aligncenter\" src=\"http:\/\/www.infokuryr.cz\/n\/wp-content\/uploads\/2022\/12\/1-PRO-300x36.jpg\" alt=\"\" width=\"1283\" height=\"154\" srcset=\"https:\/\/www.infokuryr.cz\/n\/wp-content\/uploads\/2022\/12\/1-PRO-300x36.jpg 300w, https:\/\/www.infokuryr.cz\/n\/wp-content\/uploads\/2022\/12\/1-PRO.jpg 699w\" sizes=\"(max-width: 1283px) 100vw, 1283px\" \/><\/p>\n<p>&nbsp;<\/p>\n<\/div>\n<\/section>\n","protected":false},"excerpt":{"rendered":"<p>Jak jsem se ji\u017e\u00a0ned\u00e1vno zm\u00ednil, situace v Kosovu okupovan\u00e9m NATO se rychle zhor\u0161uje (viz\u00a0zde\u00a0a\u00a0zde). Pon\u00ed\u017een\u00ed&#8230;<\/p>\n","protected":false},"author":2,"featured_media":10956,"comment_status":"closed","ping_status":"closed","sticky":false,"template":"","format":"standard","meta":[],"categories":[7],"tags":[39,139,40],"_links":{"self":[{"href":"https:\/\/www.infokuryr.cz\/n\/wp-json\/wp\/v2\/posts\/19790"}],"collection":[{"href":"https:\/\/www.infokuryr.cz\/n\/wp-json\/wp\/v2\/posts"}],"about":[{"href":"https:\/\/www.infokuryr.cz\/n\/wp-json\/wp\/v2\/types\/post"}],"author":[{"embeddable":true,"href":"https:\/\/www.infokuryr.cz\/n\/wp-json\/wp\/v2\/users\/2"}],"replies":[{"embeddable":true,"href":"https:\/\/www.infokuryr.cz\/n\/wp-json\/wp\/v2\/comments?post=19790"}],"version-history":[{"count":0,"href":"https:\/\/www.infokuryr.cz\/n\/wp-json\/wp\/v2\/posts\/19790\/revisions"}],"wp:featuredmedia":[{"embeddable":true,"href":"https:\/\/www.infokuryr.cz\/n\/wp-json\/wp\/v2\/media\/10956"}],"wp:attachment":[{"href":"https:\/\/www.infokuryr.cz\/n\/wp-json\/wp\/v2\/media?parent=19790"}],"wp:term":[{"taxonomy":"category","embeddable":true,"href":"https:\/\/www.infokuryr.cz\/n\/wp-json\/wp\/v2\/categories?post=19790"},{"taxonomy":"post_tag","embeddable":true,"href":"https:\/\/www.infokuryr.cz\/n\/wp-json\/wp\/v2\/tags?post=19790"}],"curies":[{"name":"wp","href":"https:\/\/api.w.org\/{rel}","templated":true}]}}