{"id":19787,"date":"2022-12-16T06:01:13","date_gmt":"2022-12-16T05:01:13","guid":{"rendered":"http:\/\/www.infokuryr.cz\/n\/?p=19787"},"modified":"2022-12-16T06:01:13","modified_gmt":"2022-12-16T05:01:13","slug":"v-nemecku-chteji-po-puci-duchodcu-zakazat-hlavni-opozicni-stranu-afd","status":"publish","type":"post","link":"https:\/\/www.infokuryr.cz\/n\/2022\/12\/16\/v-nemecku-chteji-po-puci-duchodcu-zakazat-hlavni-opozicni-stranu-afd\/","title":{"rendered":"V N\u011bmecku cht\u011bj\u00ed po \u201epu\u010di d\u016fchodc\u016f\u201c zak\u00e1zat hlavn\u00ed opozi\u010dn\u00ed stranu AfD"},"content":{"rendered":"<div id=\"fb-root\"><\/div>\n<h2 class=\"entry-title\">U\u017e je to tady, totalita nastupuje!<\/h2>\n<p>P<strong>o zinscenovan\u00e9m \u201epu\u010di d\u016fchodc\u016f\u201c m\u00e1 doj\u00edt k \u0159ad\u011b omezen\u00ed svobody a ob\u010dansk\u00fdch pr\u00e1v b\u011b\u017en\u00fdch N\u011bmc\u016f. Vl\u00e1da ji\u017e projedn\u00e1v\u00e1 dal\u0161\u00ed omezen\u00ed vlastnictv\u00ed zbran\u00ed pro b\u00edl\u00e9 N\u011bmce, imigrantsk\u00e9 krimin\u00e1ln\u00ed gangy je pochopiteln\u011b budou moci m\u00edt ileg\u00e1ln\u011b d\u00e1l<\/strong>.<\/p>\n<p><strong>T\u00edm to ale nekon\u010d\u00ed. Liber\u00e1ln\u011b demokrati\u010dt\u00ed politici ji\u017e za\u010d\u00ednaj\u00ed po\u017eadovat z\u00e1kaz hlavn\u00ed opozi\u010dn\u00ed strany AfD.<\/strong>\u00a0Pr\u00fd je ohro\u017een\u00edm liber\u00e1ln\u00ed demokracie. Prvn\u00ed vznesl<a href=\"https:\/\/jungefreiheit.de\/politik\/deutschland\/2022\/afd-verbot-vorbereitet\/\">\u00a0tento po\u017eadavek\u00a0<\/a>ministr vnitra Durynska Georg Maier (soci\u00e1ln\u00ed demokracie).<\/p>\n<p>\u017de mezi \u00fadajn\u00fdmi pu\u010disty byla pouze b\u00fdval\u00e1 poslankyn\u011b t\u00e9to strany? To p\u0159ece v totalit\u011b nevad\u00ed! AfD v\u016fbec d\u011bl\u00e1 re\u017eimu pot\u00ed\u017ee. Je proti masov\u00e9 imigraci, korona o\u010dkov\u00e1n\u00ed, v\u00e1lce s Ruskem\u2026.<\/p>\n<p><strong>V\u00edtejte v nov\u00e9 totalit\u011b glob\u00e1ln\u00ed l\u017eidokracie. Mysl\u00edte, \u017ee to do \u010cech a na Slovensko nedoraz\u00ed? Tak to jste na velk\u00e9m omylu!<\/strong><\/p>\n<p><img decoding=\"async\" loading=\"lazy\" class=\"alignnone size-full wp-image-1185\" src=\"http:\/\/www.infokuryr.cz\/n\/wp-content\/uploads\/2021\/04\/kuryr-podpis.png\" alt=\"\" width=\"84\" height=\"24\" \/><\/p>\n<p><img decoding=\"async\" loading=\"lazy\" class=\"wp-image-19187 aligncenter\" src=\"http:\/\/www.infokuryr.cz\/n\/wp-content\/uploads\/2022\/12\/1-PRO-300x36.jpg\" alt=\"\" width=\"1283\" height=\"154\" srcset=\"https:\/\/www.infokuryr.cz\/n\/wp-content\/uploads\/2022\/12\/1-PRO-300x36.jpg 300w, https:\/\/www.infokuryr.cz\/n\/wp-content\/uploads\/2022\/12\/1-PRO.jpg 699w\" sizes=\"(max-width: 1283px) 100vw, 1283px\" \/><\/p>\n<p>&nbsp;<\/p>\n<p>&nbsp;<\/p>\n","protected":false},"excerpt":{"rendered":"<p>U\u017e je to tady, totalita nastupuje! Po zinscenovan\u00e9m \u201epu\u010di d\u016fchodc\u016f\u201c m\u00e1 doj\u00edt k \u0159ad\u011b omezen\u00ed&#8230;<\/p>\n","protected":false},"author":2,"featured_media":19788,"comment_status":"closed","ping_status":"closed","sticky":false,"template":"","format":"standard","meta":[],"categories":[7],"tags":[84,921,48],"_links":{"self":[{"href":"https:\/\/www.infokuryr.cz\/n\/wp-json\/wp\/v2\/posts\/19787"}],"collection":[{"href":"https:\/\/www.infokuryr.cz\/n\/wp-json\/wp\/v2\/posts"}],"about":[{"href":"https:\/\/www.infokuryr.cz\/n\/wp-json\/wp\/v2\/types\/post"}],"author":[{"embeddable":true,"href":"https:\/\/www.infokuryr.cz\/n\/wp-json\/wp\/v2\/users\/2"}],"replies":[{"embeddable":true,"href":"https:\/\/www.infokuryr.cz\/n\/wp-json\/wp\/v2\/comments?post=19787"}],"version-history":[{"count":0,"href":"https:\/\/www.infokuryr.cz\/n\/wp-json\/wp\/v2\/posts\/19787\/revisions"}],"wp:featuredmedia":[{"embeddable":true,"href":"https:\/\/www.infokuryr.cz\/n\/wp-json\/wp\/v2\/media\/19788"}],"wp:attachment":[{"href":"https:\/\/www.infokuryr.cz\/n\/wp-json\/wp\/v2\/media?parent=19787"}],"wp:term":[{"taxonomy":"category","embeddable":true,"href":"https:\/\/www.infokuryr.cz\/n\/wp-json\/wp\/v2\/categories?post=19787"},{"taxonomy":"post_tag","embeddable":true,"href":"https:\/\/www.infokuryr.cz\/n\/wp-json\/wp\/v2\/tags?post=19787"}],"curies":[{"name":"wp","href":"https:\/\/api.w.org\/{rel}","templated":true}]}}