{"id":1973,"date":"2021-05-25T07:09:50","date_gmt":"2021-05-25T05:09:50","guid":{"rendered":"http:\/\/www.infokuryr.cz\/n\/?p=1973"},"modified":"2021-05-25T07:13:00","modified_gmt":"2021-05-25T05:13:00","slug":"kdo-je-udajny-opozicni-aktivista-roman-protasevich-zatcen-v-minsku","status":"publish","type":"post","link":"https:\/\/www.infokuryr.cz\/n\/2021\/05\/25\/kdo-je-udajny-opozicni-aktivista-roman-protasevich-zatcen-v-minsku\/","title":{"rendered":"Kdo je \u00fadajn\u00fd opozi\u010dn\u00ed aktivista Roman Protasevich zat\u010den\u00fd v Minsku?"},"content":{"rendered":"<div id=\"fb-root\"><\/div>\n<p><strong>Vzhledem k tomu, \u017ee ud\u00e1losti kolem zat\u010den\u00ed Romana Protasewitsche dominuj\u00ed titulk\u016fm novin, chceme pouk\u00e1zat tak\u00e9 na \u00a0pozad\u00ed samotn\u00e9ho zat\u010den\u00e9ho \u00fadajn\u00e9ho opozi\u010dn\u00edho aktivisty.<\/strong><\/p>\n<p>&nbsp;<\/p>\n<p><img decoding=\"async\" loading=\"lazy\" class=\"alignnone wp-image-1974\" src=\"http:\/\/www.infokuryr.cz\/n\/wp-content\/uploads\/2021\/05\/protosevic-hajluje-300x224.jpg\" alt=\"\" width=\"517\" height=\"386\" srcset=\"https:\/\/www.infokuryr.cz\/n\/wp-content\/uploads\/2021\/05\/protosevic-hajluje-300x224.jpg 300w, https:\/\/www.infokuryr.cz\/n\/wp-content\/uploads\/2021\/05\/protosevic-hajluje.jpg 478w\" sizes=\"(max-width: 517px) 100vw, 517px\" \/><\/p>\n<p>&nbsp;<\/p>\n<p><strong>Jel na Majdan a byl zran\u011bn na Donbasu: Co je zn\u00e1mo o Romanu Protasevichovi<\/strong><\/p>\n<p>Loty\u0161sko vyj\u00e1d\u0159ilo sv\u016fj postoj k nouzov\u00e9mu p\u0159ist\u00e1n\u00ed letadla na leti\u0161ti v Minsku aktivn\u011bji ne\u017e ostatn\u00ed.\u00a0B\u011blorusk\u00e9 leteck\u00e9 \u00fa\u0159ady vysv\u011btlily v\u0161echny okolnosti incidentu, ale n\u011bkte\u0159\u00ed jeho soused\u00e9 se samoz\u0159ejm\u011b nezaj\u00edmaj\u00ed o samotn\u00e9 letadlo a jeho nouzov\u00e9 p\u0159ist\u00e1n\u00ed, ale o osud cestuj\u00edc\u00edho, kter\u00fd byl pot\u00e9 zat\u010den: Romana Protasevi\u010de.\u00a0Hledali ho ve sv\u00e9 domovsk\u00e9 zemi, proto\u017ee byl jedn\u00edm z koordin\u00e1tor\u016f neleg\u00e1ln\u00edch shrom\u00e1\u017ed\u011bn\u00ed.<\/p>\n<p>Mluv\u010d\u00ed b\u011blorusk\u00e9ho ministerstva dopravy den p\u0159edem uvedl d\u016fvod nouzov\u00e9ho p\u0159ist\u00e1n\u00ed irsk\u00e9ho letadla v Minsku.\u00a0P\u0159e\u010detl \u00a0e-mail, kter\u00fd nazna\u010doval, \u017ee terorist\u00e9 Hamasu ohro\u017euj\u00ed \u00fa\u010dastn\u00edky ekonomick\u00e9ho f\u00f3ra v Delf\u00e1ch v letadle.<\/p>\n<p><em>&#8222;My, voj\u00e1ci Hamasu, po\u017eadujeme, aby Izrael zastavil palbu v p\u00e1smu Gazy.\u00a0\u017d\u00e1d\u00e1me, aby Evropsk\u00e1 unie st\u00e1hla podporu Izraele v t\u00e9to v\u00e1lce.\u00a0Je zn\u00e1mo, \u017ee \u00fa\u010dastn\u00edci ekonomick\u00e9ho f\u00f3ra Delphi se vracej\u00ed dom\u016f letem 4978.\u00a0V letadle je bomba.\u00a0Pokud nespln\u00edte na\u0161e po\u017eadavky, bomba exploduje nad Vilniusem 23. kv\u011btna. \u201c<\/em><\/p>\n<p>Podle ministerstva dopravy se zam\u011bstnanci leti\u0161t\u011b pokusili zastihnout zam\u011bstnance spole\u010dnosti Ryanair v Litv\u011b, ale neusp\u011bli.\u00a0Kontaktovali tak\u00e9 piloty.\u00a0Na v\u00fdb\u011br m\u011bli alespo\u0148 \u010dty\u0159i mo\u017en\u00e9 p\u0159ist\u00e1vac\u00ed dr\u00e1hy: Minsk, Vilnius, Lvov, Kyjev.\u00a0Piloti si vybrali Minsk.<\/p>\n<p>&#8222;To je rozhodnut\u00ed kapit\u00e1na. \u00a0Je zodpov\u011bdn\u00fd za letadlo a je to jeho rozhodnut\u00ed.\u00a0Rozhodl se, jako by to ud\u011blal jak\u00fdkoli jin\u00fd civiln\u00ed pilot,\u201c \u00a0\u0159\u00edk\u00e1 leteck\u00fd expert Viktor Sazhenin.<\/p>\n<p>Podle ofici\u00e1ln\u00edch informac\u00ed a\u017e po 17 minut\u00e1ch pot\u00e9, co se pos\u00e1dka rozhodla odlet\u011bt do Minsku, odstartovala st\u00edha\u010dka MiG-29 jako doprovod Boeingu.<\/p>\n<p><strong>&#8222;Nebylo donuceno oto\u010dit letadlo na hranic\u00edch s B\u011bloruskem, jak uv\u00e1d\u011bj\u00ed r\u016fzn\u00e9 zdroje.\u00a0Letadlo u\u017e bylo na cest\u011b do Minsku. \u201c,<\/strong> \u00a0Komentoval velitel b\u011blorusk\u00fdch vzdu\u0161n\u00fdch sil Igor Golub.<\/p>\n<p>Tato verze se objevila v z\u00e1padn\u00edch m\u00e9di\u00edch kv\u016fli skute\u010dnosti, \u017ee na palub\u011b letadla byl Roman Protasevich, obvin\u011bn\u00fd v Minsku z organizov\u00e1n\u00ed nepokoj\u016f loni v l\u00e9t\u011b.\u00a0Let\u011bla s n\u00edm jeho p\u0159\u00edtelkyn\u011b, rusk\u00e1 ob\u010danka Sofia Sapega.\u00a0Byla to ona, kdo po\u0159\u00eddil \u00a0sn\u00edmek Protasevi\u010de, a byla to Sofia, kdo se pokusila p\u0159edat jeho v\u011bci.\u00a0Jeden ze sv\u011bdk\u016f \u0159ekl toto:<\/p>\n<p>&#8222;Vid\u011bli jsme, jak n\u00e1hle v\u00a0letadle vstal , aby dal d\u00edvce sv\u00e9 v\u011bci.\u00a0Cht\u011bl co nejd\u0159\u00edve p\u0159edat po\u010d\u00edta\u010d, telefon.\u201c<\/p>\n<p>Sapega byla tak\u00e9 zat\u010dena.\u00a0Rusk\u00e1 konzulka se ji\u017e s\u00a0n\u00ed setkala.\u00a0Je zn\u00e1mo, \u017ee se narodila ve Vladivostoku.\u00a0V\u00e1\u0161 otec tam \u017eije.\u00a0Sofia \u017eila v B\u011blorusku t\u00e9m\u011b\u0159 cel\u00fd sv\u016fj \u017eivot.\u00a0Odlet\u011bla do Vilniusu, aby obh\u00e1jila diserta\u010dn\u00ed pr\u00e1ci na Evropsk\u00e9 univerzit\u011b humanitn\u00edch v\u011bd v Minsku, kter\u00e1 se p\u0159ed 17 lety narychlo p\u0159est\u011bhovala do Litvy a st\u00e1le je zam\u011b\u0159ena na rodil\u00e9 B\u011blorusky, aby je u\u010dili<strong> \u201eliber\u00e1ln\u00edmu vzd\u011bl\u00e1n\u00ed pro nez\u00e1visl\u00e9 my\u0161len\u00ed\u201c.<\/strong><\/p>\n<p>Sapega je \u0161est\u00fdm studentem z t\u00e9to univerzity, kter\u00fd byla uv\u011bzn\u011bna v B\u011blorusku.\u00a0Dal\u0161\u00edch p\u011bt skon\u010dilo ve vazb\u011b po protipr\u00e1vn\u00edm jedn\u00e1n\u00ed v roce 2020.\u00a0Tehdy vyvstala Protasevichova hv\u011bzda.\u00a0Ji\u017e pracoval jako novin\u00e1\u0159 v m\u00e9di\u00edch podporovan\u00fdch z\u00e1padn\u00edmi nevl\u00e1dn\u00edmi organizacemi a aktivn\u011b koordinoval letn\u00ed protesty v B\u011blorusku.<\/p>\n<p>Protasevich v\u0161ak m\u011bl velmi odli\u0161n\u00e9 zku\u0161enosti.\u00a0V roce 2014 ode\u0161el do Kyjeva na Majdan.\u00a0P\u00f3zoval p\u0159ed rozbit\u00fdm Leninov\u00fdm pomn\u00edkem.\u00a0Pot\u00e9 podle medializovan\u00fdch informac\u00ed p\u0159i\u0161el k azovsk\u00e9mu neonacistick\u00e9mu praporu s pomoc\u00ed poslance Rady Igora Guze, kter\u00fd rekrutoval voj\u00e1ky pro ukrajinsk\u00fd dobrovolnick\u00fd sbor.\u00a0Protasevich byl zran\u011bn na Donbasu a dokonce se stal z\u00e1stupcem velitele 2. nacistick\u00e9ho praporu.<\/p>\n<p>\u201eJedn\u00e1 se o mu\u017ee s v\u00e1\u017en\u011b negativn\u00edm a kontroverzn\u00edm pozad\u00edm, s bl\u00edzk\u00fdmi kontakty s nacionalisty na Ukrajin\u011b a v B\u011blorusku, kte\u0159\u00ed bojovali na Donbasu v nacistick\u00e9m praporu &#8222;Azov&#8220;.\u00a0V posledn\u00ed dob\u011b byl odpov\u011bdn\u00fd za sabot\u00e1\u017ee v informa\u010dn\u00edm prostoru, \u201c uvedl politolog Alexej Dzermant.<\/p>\n<p>Kdy\u017e byl Roman aktivn\u011b zapojen do b\u011blorusk\u00fdch nepokoj\u016f, stejn\u00fd nacionalistick\u00fd ukrajinsk\u00fd fa\u0161ista Guz nato\u010dil video na podporu demonstrant\u016f.<\/p>\n<p>Protasevich m\u011bl na starosti m\u00e9dia.\u00a0Byl \u0161\u00e9fredaktorem telegramov\u00e9ho kan\u00e1lu Nexta, kter\u00fd se stal koordina\u010dn\u00ed platformou neleg\u00e1ln\u00edch shrom\u00e1\u017ed\u011bn\u00ed a generoval dobr\u00fd p\u0159\u00edjem pro sv\u00e9 majitele.<\/p>\n<p>Tady \u0159ekl Protasevich v rozhovoru s Dmitrijem Gordonem:<\/p>\n<p><strong>&#8222;Pracujeme podle sch\u00e9matu soukrom\u00fdch m\u00e9di\u00ed, m\u00e1me reklamu.\u00a0P\u0159edstavte si, \u017ee ka\u017ed\u00fd n\u00e1\u0161 p\u0159\u00edsp\u011bvek \u010dte v pr\u016fm\u011bru asi milion lid\u00ed.\u00a0M\u00e1me dost pen\u011bz na \u017eivot.\u201c<\/strong><\/p>\n<p>Kan\u00e1l Nexta sponzorovala Var\u0161ava, co\u017e \u0159\u00edkaj\u00ed majitel\u00e9 spole\u010dnosti Nexta.\u00a0Va\u0161e pr\u00e1ce byla v B\u011blorusku klasifikov\u00e1na jako extremistick\u00e1 a vy sami jste na seznamu terorist\u016f.\u00a0Protasevich je nyn\u00ed ve vazb\u011b.\u00a0Byla proti n\u011bmu zah\u00e1jena t\u0159i \u0159\u00edzen\u00ed: podn\u011bcov\u00e1n\u00ed k nen\u00e1visti, organizace nepokoj\u016f a hrub\u00e9 poru\u0161ov\u00e1n\u00ed ve\u0159ejn\u00e9ho po\u0159\u00e1dku.\u00a0Na rozd\u00edl od prohl\u00e1\u0161en\u00ed m\u00edstn\u00ed opozice mu nehroz\u00ed trest smrti, ale 15 let v\u011bzen\u00ed.<\/p>\n<p><strong><span style=\"color: #ff0000;\">Tak to je jen mal\u00e1 uk\u00e1zka z \u017eivota tohoto nacisty s fa\u0161istickou minulost\u00ed, o kter\u00e9ho za propu\u0161t\u011bn\u00ed bojuj\u00ed evropsk\u00e9 struktury. Nen\u00ed to n\u00e1hodou podpora fa\u0161izmu. \u00a0Kdy\u017e seniln\u00ed p\u0159edseda \u00dastavn\u00edho soudu Rychetsk\u00fd \u017evan\u00ed o nez\u00e1vislosti justice, tak pro\u010d tato justice ji\u017e nezah\u00e1jila \u00fakony trestn\u00edho \u0159\u00edzen\u00ed proti v\u0161em, kdo podporuj\u00ed tohoto zadr\u017een\u00e9ho teroristu.<\/span><\/strong><\/p>\n<p><img decoding=\"async\" loading=\"lazy\" class=\"alignnone size-full wp-image-1185\" src=\"http:\/\/www.infokuryr.cz\/n\/wp-content\/uploads\/2021\/04\/kuryr-podpis.png\" alt=\"\" width=\"84\" height=\"24\" \/><\/p>\n","protected":false},"excerpt":{"rendered":"<p>Vzhledem k tomu, \u017ee ud\u00e1losti kolem zat\u010den\u00ed Romana Protasewitsche dominuj\u00ed titulk\u016fm novin, chceme pouk\u00e1zat tak\u00e9&#8230;<\/p>\n","protected":false},"author":2,"featured_media":1975,"comment_status":"closed","ping_status":"closed","sticky":false,"template":"","format":"standard","meta":[],"categories":[6],"tags":[150,64,456,455,446,448,26],"_links":{"self":[{"href":"https:\/\/www.infokuryr.cz\/n\/wp-json\/wp\/v2\/posts\/1973"}],"collection":[{"href":"https:\/\/www.infokuryr.cz\/n\/wp-json\/wp\/v2\/posts"}],"about":[{"href":"https:\/\/www.infokuryr.cz\/n\/wp-json\/wp\/v2\/types\/post"}],"author":[{"embeddable":true,"href":"https:\/\/www.infokuryr.cz\/n\/wp-json\/wp\/v2\/users\/2"}],"replies":[{"embeddable":true,"href":"https:\/\/www.infokuryr.cz\/n\/wp-json\/wp\/v2\/comments?post=1973"}],"version-history":[{"count":0,"href":"https:\/\/www.infokuryr.cz\/n\/wp-json\/wp\/v2\/posts\/1973\/revisions"}],"wp:featuredmedia":[{"embeddable":true,"href":"https:\/\/www.infokuryr.cz\/n\/wp-json\/wp\/v2\/media\/1975"}],"wp:attachment":[{"href":"https:\/\/www.infokuryr.cz\/n\/wp-json\/wp\/v2\/media?parent=1973"}],"wp:term":[{"taxonomy":"category","embeddable":true,"href":"https:\/\/www.infokuryr.cz\/n\/wp-json\/wp\/v2\/categories?post=1973"},{"taxonomy":"post_tag","embeddable":true,"href":"https:\/\/www.infokuryr.cz\/n\/wp-json\/wp\/v2\/tags?post=1973"}],"curies":[{"name":"wp","href":"https:\/\/api.w.org\/{rel}","templated":true}]}}