{"id":19705,"date":"2022-12-15T01:13:26","date_gmt":"2022-12-15T00:13:26","guid":{"rendered":"http:\/\/www.infokuryr.cz\/n\/?p=19705"},"modified":"2022-12-15T06:43:48","modified_gmt":"2022-12-15T05:43:48","slug":"v-macronove-kancelari-v-parizi-provedla-policie-razii","status":"publish","type":"post","link":"https:\/\/www.infokuryr.cz\/n\/2022\/12\/15\/v-macronove-kancelari-v-parizi-provedla-policie-razii\/","title":{"rendered":"V Macronov\u011b kancel\u00e1\u0159i v Pa\u0159\u00ed\u017ei provedla policie razii"},"content":{"rendered":"<div id=\"fb-root\"><\/div>\n<p><b>Polici\u00ed byla prohled\u00e1na kancel\u00e1\u0159 strany Renesance francouzsk\u00e9ho prezidenta Emmanuela Macrona a tak\u00e9 s\u00eddlo americk\u00e9 poradensk\u00e9 firmy McKinsey v Pa\u0159\u00ed\u017ei, uvedly noviny Le Parisien a BFMTV s odvol\u00e1n\u00edm na pa\u0159\u00ed\u017eskou prokuraturu.<\/b><\/p>\n<p>\u201eProhl\u00eddky byly provedeny v souvislosti s vy\u0161et\u0159ov\u00e1n\u00edm slu\u017eeb poskytovan\u00fdch firmou b\u011bhem prezidentsk\u00e9 kampan\u011b Emmanuela Macrona v roce 2017,\u201c p\u00ed\u0161e se v publikaci.\u00a0Podle novin\u00e1\u0159\u016f se \u010detn\u00edci zaj\u00edmali o dokumenty o financov\u00e1n\u00ed Macronovy prvn\u00ed volebn\u00ed kampan\u011b.\u00a0Justi\u010dn\u00ed \u00fa\u0159ady maj\u00ed podez\u0159en\u00ed, \u017ee se zam\u011bstnanci McKinsey \u201epod\u00edleli na p\u0159\u00edprav\u011b programu kandid\u00e1tsk\u00e9 kampan\u011b\u201c na prezidentsk\u00fd \u00fa\u0159ad.<\/p>\n<p>Podle den\u00edku m\u016f\u017ee poru\u0161en\u00ed spo\u010d\u00edvat v tom, \u017ee &#8222;pracovn\u00edci firmy byli zapojeni do tohoto procesu b\u011bhem pracovn\u00ed doby, aby se sn\u00ed\u017eily n\u00e1klady na kampa\u0148.&#8220;\u00a0Pro kandid\u00e1ta jsou takov\u00e9 v\u00fddaje omezeny z\u00e1konem.<\/p>\n<p>Strana uvedla, \u017ee je v tomto p\u0159\u00edpad\u011b \u201ep\u0159ipravena poskytnout jak\u00e9koli informace, kter\u00e9 by mohly b\u00fdt u\u017eite\u010dn\u00e9\u201c.<\/p>\n<p>&#8222;Je norm\u00e1ln\u00ed, \u017ee spravedlnost vede svobodn\u00e9 a nez\u00e1visl\u00e9 vy\u0161et\u0159ov\u00e1n\u00ed, aby vnesla sv\u011btlo do t\u00e9to z\u00e1le\u017eitosti,&#8220; reagovalo veden\u00ed.<\/p>\n<p>Ve dnech 20. a 21. \u0159\u00edjna zah\u00e1jila n\u00e1rodn\u00ed finan\u010dn\u00ed prokuratura dv\u011b soudn\u00ed vy\u0161et\u0159ov\u00e1n\u00ed.\u00a0Prvn\u00ed vy\u0161et\u0159ov\u00e1n\u00ed bylo zah\u00e1jeno v bodech \u201enespr\u00e1vn\u00e1 p\u0159edvolebn\u00ed registrace\u201c a \u201enedokon\u010den\u00ed prvk\u016f registrace v r\u00e1mci volebn\u00ed kampan\u011b\u201c.\u00a0Druh\u00e9 vy\u0161et\u0159ov\u00e1n\u00ed se t\u00fdk\u00e1 \u201ezv\u00fdhod\u0148ov\u00e1n\u00ed\u201c a \u201eskr\u00fdv\u00e1n\u00ed zv\u00fdhod\u0148ov\u00e1n\u00ed\u201c.<\/p>\n<p>P\u016fvodn\u011b bylo vy\u0161et\u0159ov\u00e1n\u00ed zah\u00e1jen\u00e9 v b\u0159eznu spojeno s pran\u00edm \u0161pinav\u00fdch pen\u011bz soukrom\u00fdmi poradensk\u00fdmi spole\u010dnostmi a neplacen\u00edm korpor\u00e1tn\u00ed dan\u011b.\u00a0Ze spisu mimo jin\u00e9 vypl\u00fdv\u00e1, \u017ee francouzsk\u00e1 kancel\u00e1\u0159 McKinsey pravd\u011bpodobn\u011b posledn\u00edch 10 let neplatila dan\u011b.<\/p>\n<p>Sen\u00e1t 5. republiky m\u011bl dotazy na spolupr\u00e1ci st\u00e1tu s poradensk\u00fdmi firmami.\u00a0Ministr hospod\u00e1\u0159stv\u00ed, financ\u00ed, pr\u016fmyslov\u00e9 a digit\u00e1ln\u00ed suverenity Bruno Le Maire upozornil na skute\u010dnost, \u017ee vl\u00e1da \u201ep\u0159\u00edli\u0161 \u010dasto\u201c sah\u00e1 k pomoci poradensk\u00fdch spole\u010dnost\u00ed.<\/p>\n<p>Macron v koment\u00e1\u0159i k situaci vyzval ke zji\u0161t\u011bn\u00ed v\u0161ech fakt\u016f a dosa\u017een\u00ed \u201epln\u00e9 transparentnosti\u201c p\u0159\u00edpadu.\u00a0D\u0159\u00edve uvedl, \u017ee \u00fa\u010dty kampan\u011b z roku 2017 ji\u017e byly \u201eopakovan\u011b kontrolov\u00e1ny\u201c a \u017ee mu o p\u0159\u00edpadu \u201enikdo nepsal ani nevolal\u201c.<\/p>\n<p><img decoding=\"async\" loading=\"lazy\" class=\"alignnone size-full wp-image-1185\" src=\"http:\/\/www.infokuryr.cz\/n\/wp-content\/uploads\/2021\/04\/kuryr-podpis.png\" alt=\"\" width=\"84\" height=\"24\" \/><\/p>\n<p><img decoding=\"async\" loading=\"lazy\" class=\"wp-image-19187 aligncenter\" src=\"http:\/\/www.infokuryr.cz\/n\/wp-content\/uploads\/2022\/12\/1-PRO-300x36.jpg\" alt=\"\" width=\"1250\" height=\"150\" srcset=\"https:\/\/www.infokuryr.cz\/n\/wp-content\/uploads\/2022\/12\/1-PRO-300x36.jpg 300w, https:\/\/www.infokuryr.cz\/n\/wp-content\/uploads\/2022\/12\/1-PRO.jpg 699w\" sizes=\"(max-width: 1250px) 100vw, 1250px\" \/><\/p>\n<p>&nbsp;<\/p>\n","protected":false},"excerpt":{"rendered":"<p>Polici\u00ed byla prohled\u00e1na kancel\u00e1\u0159 strany Renesance francouzsk\u00e9ho prezidenta Emmanuela Macrona a tak\u00e9 s\u00eddlo americk\u00e9 poradensk\u00e9&#8230;<\/p>\n","protected":false},"author":2,"featured_media":1158,"comment_status":"closed","ping_status":"closed","sticky":false,"template":"","format":"standard","meta":[],"categories":[7],"tags":[3011,4033,4032,362],"_links":{"self":[{"href":"https:\/\/www.infokuryr.cz\/n\/wp-json\/wp\/v2\/posts\/19705"}],"collection":[{"href":"https:\/\/www.infokuryr.cz\/n\/wp-json\/wp\/v2\/posts"}],"about":[{"href":"https:\/\/www.infokuryr.cz\/n\/wp-json\/wp\/v2\/types\/post"}],"author":[{"embeddable":true,"href":"https:\/\/www.infokuryr.cz\/n\/wp-json\/wp\/v2\/users\/2"}],"replies":[{"embeddable":true,"href":"https:\/\/www.infokuryr.cz\/n\/wp-json\/wp\/v2\/comments?post=19705"}],"version-history":[{"count":1,"href":"https:\/\/www.infokuryr.cz\/n\/wp-json\/wp\/v2\/posts\/19705\/revisions"}],"predecessor-version":[{"id":19706,"href":"https:\/\/www.infokuryr.cz\/n\/wp-json\/wp\/v2\/posts\/19705\/revisions\/19706"}],"wp:featuredmedia":[{"embeddable":true,"href":"https:\/\/www.infokuryr.cz\/n\/wp-json\/wp\/v2\/media\/1158"}],"wp:attachment":[{"href":"https:\/\/www.infokuryr.cz\/n\/wp-json\/wp\/v2\/media?parent=19705"}],"wp:term":[{"taxonomy":"category","embeddable":true,"href":"https:\/\/www.infokuryr.cz\/n\/wp-json\/wp\/v2\/categories?post=19705"},{"taxonomy":"post_tag","embeddable":true,"href":"https:\/\/www.infokuryr.cz\/n\/wp-json\/wp\/v2\/tags?post=19705"}],"curies":[{"name":"wp","href":"https:\/\/api.w.org\/{rel}","templated":true}]}}