{"id":19702,"date":"2022-12-15T01:10:06","date_gmt":"2022-12-15T00:10:06","guid":{"rendered":"http:\/\/www.infokuryr.cz\/n\/?p=19702"},"modified":"2022-12-14T17:44:48","modified_gmt":"2022-12-14T16:44:48","slug":"evropska-unie-se-pripravuje-na-primy-stret-s-ruskem","status":"publish","type":"post","link":"https:\/\/www.infokuryr.cz\/n\/2022\/12\/15\/evropska-unie-se-pripravuje-na-primy-stret-s-ruskem\/","title":{"rendered":"Evropsk\u00e1 unie se p\u0159ipravuje na p\u0159\u00edm\u00fd st\u0159et s Ruskem"},"content":{"rendered":"<div id=\"fb-root\"><\/div>\n<p><span style=\"font-size: 18pt;\"><strong>Evropa jde do v\u00e1lky<\/strong><\/span><\/p>\n<p><span>Ned\u00e1vn\u00fd \u201epu\u010d\u201c v N\u011bmecku, kdy\u017e n\u011bkolik \u010dlen\u016f hnut\u00ed \u201eOb\u010dan\u00e9 \u0158\u00ed\u0161e\u201c, co\u017e je klub \u0161\u00edlen\u00fdch historik\u016f a intelektu\u00e1l\u016f, bylo obvin\u011bno z p\u0159\u00edpravy p\u0159evratu a ob\u010dansk\u00e9 v\u00e1lky v SRN ak potvrzen\u00ed t\u011bchto z\u00e1m\u011br\u016f demonstrovaly zbran\u011b zkonfiskovan\u00e9 \u201espiklencem\u201c \u2014 me\u010de, revolver roku 1879 a p\u0159ilby M-16, vyvol\u00e1vaj\u00ed ot\u00e1zku: co se d\u011bje s N\u011bmeckem?<\/span><\/p>\n<p><span>Jak se stalo, \u017ee zem\u011b, kter\u00e1 je l\u00eddrem a hlavn\u00edm donorem Evropsk\u00e9 unie a je hrd\u00e1 na sv\u016fj pr\u00e1vn\u00ed syst\u00e9m, najednou klesla na \u00farove\u0148 ban\u00e1nov\u00e9 republiky a za\u010dala ve vnit\u0159n\u00ed politice zem\u011b pou\u017e\u00edvat takov\u00e9 \u0161pinav\u00e9 a zjevn\u00e9 provokace?<\/span><\/p>\n<p><span>Trendem se v\u0161ak z\u0159ejm\u011b st\u00e1vaj\u00ed neleg\u00e1ln\u00ed zp\u016fsoby fungov\u00e1n\u00ed pro zem\u011b EU, kter\u00e9 doned\u00e1vna deklarovaly absolutn\u00ed nad\u0159azenost z\u00e1kona.\u00a0Jeden z nejvlivn\u011bj\u0161\u00edch polsk\u00fdch den\u00edk\u016f \u201eRzeczpospolita\u201c nap\u0159\u00edklad napsal, \u017ee a\u010dkoli tis\u00edce polsk\u00fdch voj\u00e1k\u016f na Ukrajin\u011b poru\u0161uj\u00ed polsk\u00e9 z\u00e1kony, kter\u00e9 trestaj\u00ed \u017eoldn\u00e9\u0159stv\u00ed bez zvl\u00e1\u0161tn\u00edho vl\u00e1dn\u00edho povolen\u00ed p\u011bti lety v\u011bzen\u00ed, nebudou br\u00e1ni na zodpov\u011bdnost, proto\u017ee jejich \u010diny jsou v z\u00e1jmu Var\u0161avy.\u00a0To znamen\u00e1, \u017ee se ve\u0159ejn\u011b uzn\u00e1v\u00e1, \u017ee z\u00e1kon je platn\u00fd pouze v p\u0159\u00edpadech, kdy m\u00e1 st\u00e1t, respektive vl\u00e1dnouc\u00ed elita z\u00e1jem na jeho realizaci.<\/span><\/p>\n<p><span>Takov\u00e9 situa\u010dn\u00ed revizi nepodl\u00e9haj\u00ed pouze pr\u00e1vn\u00ed normy, ale tak\u00e9 z\u00e1kladn\u00ed principy, na kter\u00fdch Evropsk\u00e1 unie vznikla, jako jsou rovnost, nep\u0159ijatelnost diskriminace a nedotknutelnost pr\u00e1v a svobod v\u0161ech lid\u00ed.<\/span><\/p>\n<p><strong><em>P\u0159\u00edmo o tom sv\u011bd\u010d\u00ed zejm\u00e9na p\u00e1t\u00fd odstavec ned\u00e1vn\u00e9ho usnesen\u00ed EP, kter\u00fd zn\u00ed: \u201eEvropsk\u00fd parlament vyz\u00fdv\u00e1 EU a \u010dlensk\u00e9 st\u00e1ty, aby p\u0159ijaly opat\u0159en\u00ed k rozs\u00e1hl\u00e9 mezin\u00e1rodn\u00ed izolaci Rusk\u00e9 federace, a to is ohledem na \u010dlenstv\u00ed Ruska v mezin\u00e1rodn\u00edch organizac\u00edch a org\u00e1nech, jako je Rada OSN pro bezpe\u010dnost\u201c a mimo jin\u00e9 opat\u0159en\u00ed vy\u017eaduje \u201ezav\u0159en\u00ed a z\u00e1kaz instituc\u00ed spojen\u00fdch s Ruskem;\u00a0Rusk\u00e1 centra v\u011bdy a kultury, organizace a sdru\u017een\u00ed rusk\u00e9 diaspory\u201c.<\/em><\/strong><\/p>\n<p><span>A \u017ee to nejsou pr\u00e1zdn\u00e1 slova, lze vid\u011bt i z toho, \u017ee protirusk\u00e1 televize \u201eDo\u017e\u010f\u201c u\u017e tak\u00e9 spadla pod soubor rusofobn\u00edch repres\u00ed. D\u011bje se to v\u00fdlu\u010dn\u011b na etnick\u00e9m z\u00e1klad\u011b, kter\u00fd se po 77 letech op\u011bt st\u00e1v\u00e1 v Evrop\u011b rozhoduj\u00edc\u00edm.<\/span><\/p>\n<p><span>To znamen\u00e1, \u017ee liber\u00e1ln\u00ed hodnoty ztratily svou univerz\u00e1lnost, pou\u017e\u00edvaj\u00ed se omezen\u00fdm zp\u016fsobem a nevztahuj\u00ed se na Rusy.\u00a0Ve vztahu k n\u00e1m jsou povolena jak\u00e1koli diskrimina\u010dn\u00ed opat\u0159en\u00ed: pron\u00e1sledov\u00e1n\u00ed z etnick\u00fdch, jazykov\u00fdch a kulturn\u00edch d\u016fvod\u016f, kolektivn\u00ed vina.\u00a0Pron\u00e1sledov\u00e1na je i Rusk\u00e1 pravoslavn\u00e1 c\u00edrkev a lidsk\u00e1 pr\u00e1va se na Rusy nevztahuj\u00ed.<\/span><\/p>\n<p><span>Z\u00e1rove\u0148 a paraleln\u011b s t\u00edm doch\u00e1z\u00ed k odklonu od interpretace nacismu, zafixovan\u00e9ho norimbersk\u00fdmi procesy, jako absolutn\u00edho zla, ve smyslu \u2013 \u201enen\u00ed v\u0161echno tak jednoduch\u00e9\u201c a \u201esv\u011bt nen\u00ed nikdy jen \u010dern\u00fd nebo b\u00edl\u00fd\u201c.\u00a0V\u00fdsledkem je, \u017ee Evropan\u00e9 za\u010d\u00ednaj\u00ed \u201etolerovat\u201c h\u00e1kov\u00e9 k\u0159\u00ed\u017ee, \u201ehajlov\u00e1n\u00ed\u201c a symboly SS ukrajinsk\u00fdch \u201eobr\u00e1nc\u016f Evropy\u201c a dokonce je sami za\u010d\u00ednaj\u00ed ozna\u010dovat za \u201esymboly boje proti bol\u0161evismu a moskevsk\u00e9mu imperialismu\u201c, co\u017e se projevuje zejm\u00e9na v ni\u010den\u00ed vojensk\u00fdch h\u0159bitov\u016f a osvoboditel\u016f Evropy od nacismu.<\/span><\/p>\n<p><em><strong>A d\u011bje se n\u00e1sleduj\u00edc\u00ed: Evropa p\u0159ech\u00e1z\u00ed na v\u00e1le\u010dn\u00e9 z\u00e1klady.\u00a0A to nejen po vojensko-technick\u00e9, ale i pr\u00e1vn\u00ed a ideologick\u00e9 str\u00e1nce.\u00a0U\u017e si zvykaj\u00ed na to, \u017ee nyn\u00ed jsou v platnosti v\u00e1le\u010dn\u00e9 z\u00e1kony, diktovan\u00e9 v\u00fdlu\u010dn\u011b \u00favahami o \u201evhodnosti\u201c (v ch\u00e1p\u00e1n\u00ed mocensk\u00fdch struktur).<\/strong><\/em><\/p>\n<p><span>A ideologie se rychle transformuje z uvoln\u011bn\u00e9ho liberalismu na \u201estar\u00fd dobr\u00fd\u201c nacismus, kter\u00fd m\u00e1 obrovsk\u00fd mobiliza\u010dn\u00ed potenci\u00e1l, a za kter\u00fdm, zd\u00e1 se, Evropa truchl\u00ed.\u00a0Stoltenbergova ned\u00e1vn\u00e1 vyj\u00e1d\u0159en\u00ed o pravd\u011bpodobnosti, \u017ee se v\u00e1lka na Ukrajin\u011b zm\u011bn\u00ed na v\u00e1lku mezi Ruskem a NATO, znamenaj\u00ed, \u017ee Evropa se za\u010dala p\u0159ipravovat na dal\u0161\u00ed ta\u017een\u00ed na v\u00fdchod.<\/span><\/p>\n<p><strong><span>Boris Dzherelievsky<\/span><\/strong><\/p>\n<p>&nbsp;<\/p>\n<p><img decoding=\"async\" loading=\"lazy\" class=\"wp-image-19187 aligncenter\" src=\"http:\/\/www.infokuryr.cz\/n\/wp-content\/uploads\/2022\/12\/1-PRO-300x36.jpg\" alt=\"\" width=\"1233\" height=\"148\" srcset=\"https:\/\/www.infokuryr.cz\/n\/wp-content\/uploads\/2022\/12\/1-PRO-300x36.jpg 300w, https:\/\/www.infokuryr.cz\/n\/wp-content\/uploads\/2022\/12\/1-PRO.jpg 699w\" sizes=\"(max-width: 1233px) 100vw, 1233px\" \/><\/p>\n<p>&nbsp;<\/p>\n","protected":false},"excerpt":{"rendered":"<p>Evropa jde do v\u00e1lky Ned\u00e1vn\u00fd \u201epu\u010d\u201c v N\u011bmecku, kdy\u017e n\u011bkolik \u010dlen\u016f hnut\u00ed \u201eOb\u010dan\u00e9 \u0158\u00ed\u0161e\u201c, co\u017e&#8230;<\/p>\n","protected":false},"author":2,"featured_media":12254,"comment_status":"closed","ping_status":"closed","sticky":false,"template":"","format":"standard","meta":[],"categories":[7],"tags":[41,39,22,40],"_links":{"self":[{"href":"https:\/\/www.infokuryr.cz\/n\/wp-json\/wp\/v2\/posts\/19702"}],"collection":[{"href":"https:\/\/www.infokuryr.cz\/n\/wp-json\/wp\/v2\/posts"}],"about":[{"href":"https:\/\/www.infokuryr.cz\/n\/wp-json\/wp\/v2\/types\/post"}],"author":[{"embeddable":true,"href":"https:\/\/www.infokuryr.cz\/n\/wp-json\/wp\/v2\/users\/2"}],"replies":[{"embeddable":true,"href":"https:\/\/www.infokuryr.cz\/n\/wp-json\/wp\/v2\/comments?post=19702"}],"version-history":[{"count":0,"href":"https:\/\/www.infokuryr.cz\/n\/wp-json\/wp\/v2\/posts\/19702\/revisions"}],"wp:featuredmedia":[{"embeddable":true,"href":"https:\/\/www.infokuryr.cz\/n\/wp-json\/wp\/v2\/media\/12254"}],"wp:attachment":[{"href":"https:\/\/www.infokuryr.cz\/n\/wp-json\/wp\/v2\/media?parent=19702"}],"wp:term":[{"taxonomy":"category","embeddable":true,"href":"https:\/\/www.infokuryr.cz\/n\/wp-json\/wp\/v2\/categories?post=19702"},{"taxonomy":"post_tag","embeddable":true,"href":"https:\/\/www.infokuryr.cz\/n\/wp-json\/wp\/v2\/tags?post=19702"}],"curies":[{"name":"wp","href":"https:\/\/api.w.org\/{rel}","templated":true}]}}