{"id":19700,"date":"2022-12-15T01:09:42","date_gmt":"2022-12-15T00:09:42","guid":{"rendered":"http:\/\/www.infokuryr.cz\/n\/?p=19700"},"modified":"2022-12-14T17:40:00","modified_gmt":"2022-12-14T16:40:00","slug":"skandal-se-zkrachovalou-burzou-ftx-nabira-novy-smer","status":"publish","type":"post","link":"https:\/\/www.infokuryr.cz\/n\/2022\/12\/15\/skandal-se-zkrachovalou-burzou-ftx-nabira-novy-smer\/","title":{"rendered":"Skand\u00e1l se zkrachovalou burzou FTX nab\u00edr\u00e1 nov\u00fd sm\u011br"},"content":{"rendered":"<div id=\"fb-root\"><\/div>\n<p><strong>Pr\u00e1vn\u00edci zastupuj\u00edc\u00ed milion klient\u016f burzy, kte\u0159\u00ed z\u016fstali bez pen\u011bz, po\u017eaduj\u00ed vr\u00e1cen\u00ed v\u0161ech politick\u00fdch dar\u016f FTX.<\/strong><\/p>\n<p>Jak zn\u00e1mo, zakladatel burzy Sam Bankman-Fried byl jedn\u00edm z nej\u0161t\u011bd\u0159ej\u0161\u00edch d\u00e1rc\u016f Demokratick\u00e9 strany.\u00a0V ned\u00e1vn\u00fdch kongresov\u00fdch volb\u00e1ch daroval demokrat\u016fm 40 milion\u016f dolar\u016f.<\/p>\n<p>Odhady, kolik se Bankman-Friedovi poda\u0159ilo utratit za posledn\u00edch n\u011bkolik volebn\u00edch cykl\u016f, se v\u0161ak li\u0161\u00ed &#8211; pohybuj\u00ed se od 73 do 100 milion\u016f dolar\u016f.\u00a0Rozd\u00e1val v\u011bt\u0161inou demokrat\u016fm, ale n\u011bco m\u00e1lo i republik\u00e1n\u016fm. Nyn\u00ed se budou tyto dary soudn\u00ed cestou vym\u00e1hat zp\u011bt s c\u00edlem vyplatit klienty burzy.<\/p>\n<p>Kolik Bankman-Fried p\u0159esn\u011b dlu\u017e\u00ed, tak\u00e9 zat\u00edm nen\u00ed jasn\u00e9 \u2013 ur\u010dit\u011b se v\u0161ak jedn\u00e1 o miliardy dolar\u016f.\u00a0A te\u010f se pokus\u00ed zkonfiskovat v\u0161echno &#8211; majetek zakladatele burzy, v\u010detn\u011b jeho s\u00eddel v hodnot\u011b des\u00edtek milion\u016f dolar\u016f, osobn\u00ed \u00fa\u010dty, dary atp.<\/p>\n<p><strong><em>N\u011bkte\u0159\u00ed politici v USA u\u017e p\u0159\u00edmo ozn\u00e1mili, \u017ee odm\u00edtaj\u00ed dary Bankman-Frieda a d\u00e1vaj\u00ed je charitativn\u00edm organizac\u00edm.\u00a0Ale velk\u00e9 stranick\u00e9 fondy, kter\u00e9 od n\u011bj dostaly des\u00edtky milion\u016f dolar\u016f, zat\u00edm ml\u010d\u00ed.<\/em><\/strong><\/p>\n<p>S\u00e1m Bankman-Fried sl\u00edbil, \u017ee brzy bude vypov\u011bd\u011bt p\u0159ed Kongresem a odhal\u00ed n\u011bkter\u00e1 tajemstv\u00ed sv\u00e9ho zhroucen\u00e9ho imp\u00e9ria kryptom\u011bn. Skute\u010dn\u011b nevedl \u017e\u00e1dnou \u00fa\u010detn\u00ed z\u00e1v\u011brku a korespondence mezi veden\u00edm burzy byla vymaz\u00e1na.\u00a0Vy\u0161et\u0159ovatel\u00e9 proto ani po\u0159\u00e1dn\u011b nev\u011bd\u00ed, kdo tam byl zam\u011bstn\u00e1n a kdo se m\u016f\u017ee zodpov\u00eddat.\u00a0Tak\u017ee ot\u00e1zka, zda spravedlnost n\u011bkoho v t\u00e9to rezonuj\u00edc\u00ed kauze dob\u011bhne, z\u016fst\u00e1v\u00e1 otev\u0159en\u00e1.\u00a0Stejn\u011b, jako kdo v Kongresu bude nyn\u00ed muset vyplatit a splatit dluhy FTX.<\/p>\n<p><img decoding=\"async\" loading=\"lazy\" class=\"alignnone size-full wp-image-1185\" src=\"http:\/\/www.infokuryr.cz\/n\/wp-content\/uploads\/2021\/04\/kuryr-podpis.png\" alt=\"\" width=\"84\" height=\"24\" \/><\/p>\n<p><img decoding=\"async\" loading=\"lazy\" class=\"wp-image-19187 aligncenter\" src=\"http:\/\/www.infokuryr.cz\/n\/wp-content\/uploads\/2022\/12\/1-PRO-300x36.jpg\" alt=\"\" width=\"1258\" height=\"151\" srcset=\"https:\/\/www.infokuryr.cz\/n\/wp-content\/uploads\/2022\/12\/1-PRO-300x36.jpg 300w, https:\/\/www.infokuryr.cz\/n\/wp-content\/uploads\/2022\/12\/1-PRO.jpg 699w\" sizes=\"(max-width: 1258px) 100vw, 1258px\" \/><\/p>\n<p>&nbsp;<\/p>\n","protected":false},"excerpt":{"rendered":"<p>Pr\u00e1vn\u00edci zastupuj\u00edc\u00ed milion klient\u016f burzy, kte\u0159\u00ed z\u016fstali bez pen\u011bz, po\u017eaduj\u00ed vr\u00e1cen\u00ed v\u0161ech politick\u00fdch dar\u016f FTX&#8230;.<\/p>\n","protected":false},"author":2,"featured_media":19701,"comment_status":"closed","ping_status":"closed","sticky":false,"template":"","format":"standard","meta":[],"categories":[7],"tags":[747,4031,3789,1429,2888],"_links":{"self":[{"href":"https:\/\/www.infokuryr.cz\/n\/wp-json\/wp\/v2\/posts\/19700"}],"collection":[{"href":"https:\/\/www.infokuryr.cz\/n\/wp-json\/wp\/v2\/posts"}],"about":[{"href":"https:\/\/www.infokuryr.cz\/n\/wp-json\/wp\/v2\/types\/post"}],"author":[{"embeddable":true,"href":"https:\/\/www.infokuryr.cz\/n\/wp-json\/wp\/v2\/users\/2"}],"replies":[{"embeddable":true,"href":"https:\/\/www.infokuryr.cz\/n\/wp-json\/wp\/v2\/comments?post=19700"}],"version-history":[{"count":0,"href":"https:\/\/www.infokuryr.cz\/n\/wp-json\/wp\/v2\/posts\/19700\/revisions"}],"wp:featuredmedia":[{"embeddable":true,"href":"https:\/\/www.infokuryr.cz\/n\/wp-json\/wp\/v2\/media\/19701"}],"wp:attachment":[{"href":"https:\/\/www.infokuryr.cz\/n\/wp-json\/wp\/v2\/media?parent=19700"}],"wp:term":[{"taxonomy":"category","embeddable":true,"href":"https:\/\/www.infokuryr.cz\/n\/wp-json\/wp\/v2\/categories?post=19700"},{"taxonomy":"post_tag","embeddable":true,"href":"https:\/\/www.infokuryr.cz\/n\/wp-json\/wp\/v2\/tags?post=19700"}],"curies":[{"name":"wp","href":"https:\/\/api.w.org\/{rel}","templated":true}]}}