{"id":19697,"date":"2022-12-15T01:07:47","date_gmt":"2022-12-15T00:07:47","guid":{"rendered":"http:\/\/www.infokuryr.cz\/n\/?p=19697"},"modified":"2022-12-14T17:10:15","modified_gmt":"2022-12-14T16:10:15","slug":"biden-podporuje-falesny-mirovy-plan-zidovskeho-teroristy-zelenskeho-a-znovu-slibuje-nekonecne-zbrane","status":"publish","type":"post","link":"https:\/\/www.infokuryr.cz\/n\/2022\/12\/15\/biden-podporuje-falesny-mirovy-plan-zidovskeho-teroristy-zelenskeho-a-znovu-slibuje-nekonecne-zbrane\/","title":{"rendered":"Biden podporuje fale\u0161n\u00fd \u201em\u00edrov\u00fd pl\u00e1n\u201c \u017eidovsk\u00e9ho teroristy Zelensk\u00e9ho a znovu slibuje nekone\u010dn\u00e9 zbran\u011b"},"content":{"rendered":"<div id=\"fb-root\"><\/div>\n<p id=\"p_1_1\" class=\"container\"><span style=\"font-size: 18pt;\"><strong><span class=\"contents\">Kdybyste se pod\u00edvali na skute\u010dn\u00fd \u201em\u00edrov\u00fd pl\u00e1n\u201c, kter\u00fd Zelenskyj p\u0159edlo\u017eil, byli byste kr\u00e1tce zmateni a pak byste se za\u010dali sm\u00e1t.<\/span><\/strong><\/span><\/p>\n<p id=\"p_1_2\" class=\"container\"><span class=\"contents\"><span>Doslova \u0159\u00edk\u00e1, \u017ee Rusko mus\u00ed st\u00e1hnout v\u0161echna vojska a pot\u00e9 se omluvit za invazi.<\/span><\/span><\/p>\n<p id=\"p_1_3\" class=\"container\"><span class=\"contents\"><span>Je to \u00fapln\u011b fale\u0161n\u00e1 v\u011bc.\u00a0Pokud chce Rusko st\u00e1hnout voj\u00e1ky, vzd\u00e1t se a omluvit se, nepot\u0159ebuje k tomu Zelensk\u00e9ho svolen\u00ed, nemus\u00ed p\u0159ed t\u00edm podepsat dokument.<\/span><\/span><\/p>\n<p id=\"p_1_4\" class=\"container\"><span class=\"contents\"><span>USA a dal\u0161\u00ed evropsk\u00e9 zem\u011b vid\u00ed pr\u016fzkumy, kter\u00e9 ukazuj\u00ed, \u017ee lid\u00e9 jsou unaveni v\u00e1lkou a cht\u011bj\u00ed m\u00edr, a tak Zelensk\u00e9mu \u0159ekli, aby vypracoval fale\u0161n\u00fd m\u00edrov\u00fd pl\u00e1n.\u00a0Mohou jen neust\u00e1le \u0159\u00edkat \u201eZelenskyj m\u00e1 m\u00edrov\u00fd pl\u00e1n, ale Rusko s n\u00edm nebude souhlasit\u201c.<\/span><\/span><\/p>\n<p id=\"p_1_5\" class=\"container\"><span class=\"contents\"><span>Jen velmi m\u00e1lo lid\u00ed si p\u0159e\u010dte \u201em\u00edrov\u00fd pl\u00e1n\u201c a uvid\u00ed, \u017ee \u0159\u00edk\u00e1 \u201eRusko by se m\u011blo vzd\u00e1t a pot\u00e9 se omluvit\u201c.<\/span><\/span><\/p>\n<p id=\"p_1_6\" class=\"container\"><span class=\"contents\"><a title=\"https:\/\/www.rt.com\/news\/568077-biden-zelensky-phone-call\/\" href=\"https:\/\/www.rt.com\/news\/568077-biden-zelensky-phone-call\/\"><span>RT<\/span><\/a><span>\u00a0:<\/span><\/span><\/p>\n<p id=\"p_1_7\" class=\"container\"><em><span class=\"contents\"><strong>Americk\u00fd prezident Joe Biden p\u0159isl\u00edbil v\u011bt\u0161\u00ed vojenskou podporu Ukrajin\u011b a z\u00e1rove\u0148 ocenil n\u00e1vrhy na m\u00edr, kter\u00e9 p\u0159edlo\u017eil jeho prot\u011bj\u0161ek Vladimir Zelenskyj.\u00a0Vyj\u00e1d\u0159il se, kdy\u017e oba v\u016fdci v sobotu telefonovali.\u00a0Moskva ozna\u010dila Zelensk\u00e9ho pl\u00e1n za neprovediteln\u00fd.<\/strong><\/span><\/em><\/p>\n<p id=\"p_1_8\" class=\"container\"><em><span class=\"contents\">&#8220;\u00a0<strong>Prezident Biden uv\u00edtal deklarovanou otev\u0159enost prezidenta Zelensk\u00e9ho ke spravedliv\u00e9mu m\u00edru zalo\u017een\u00e9mu na z\u00e1kladn\u00edch principech zakotven\u00fdch v Chart\u011b OSN<\/strong>\u00a0,&#8220; uvedl B\u00edl\u00fd d\u016fm v prohl\u00e1\u0161en\u00ed.<\/span><\/em><\/p>\n<p id=\"p_1_9\" class=\"container\"><span class=\"contents\"><span>Mimochodem \u2013 Charta OSN za tuto v\u00e1lku nem\u016f\u017ee.<\/span><\/span><\/p>\n<p id=\"p_1_10\" class=\"container\"><span class=\"contents\"><span>Charta OSN \u0159\u00edk\u00e1, \u017ee Rusov\u00e9 na Donbasu maj\u00ed pr\u00e1vo na sebeur\u010den\u00ed a cel\u00fd \u00fa\u010del t\u00e9to v\u00e1lky je jim to up\u0159\u00edt.<\/span><\/span><\/p>\n<p id=\"p_1_11\" class=\"container\"><span class=\"contents\"><span>Charta OSN je jen dal\u0161\u00ed v\u011bc, kterou nikdo, kdo v\u011b\u0159\u00ed medi\u00e1ln\u00edm p\u0159\u00edb\u011bh\u016fm, nikdy nep\u0159e\u010dte.<\/span><\/span><\/p>\n<p id=\"p_1_12\" class=\"container\"><em><span class=\"contents\"><strong>Biden se tak\u00e9 zav\u00e1zal pokra\u010dovat ve vojensk\u00e9 a jin\u00e9 pomoci Kyjevu \u201eup\u0159ednostn\u011bn\u00edm \u00fasil\u00ed o pos\u00edlen\u00ed ukrajinsk\u00e9 protivzdu\u0161n\u00e9 obrany\u201c.\u00a0Slib p\u0159i\u0161el pot\u00e9, co Pentagon v p\u00e1tek p\u0159edstavil sv\u016fj nejnov\u011bj\u0161\u00ed bal\u00ed\u010dek pomoci, kter\u00fd zahrnuje dal\u0161\u00ed rakety HIMARS a 80 000 155mm d\u011blost\u0159eleck\u00fdch n\u00e1boj\u016f, stejn\u011b jako \u201eschopnost protivzdu\u0161n\u00e9 obrany\u201c.<\/strong><\/span><\/em><\/p>\n<p id=\"p_1_13\" class=\"container\"><em><span class=\"contents\">Zelenskyj pod\u011bkoval Bidenovi \u201eza d\u016fslednou podporu suverenity a \u00fazemn\u00ed celistvosti Ukrajiny, za veden\u00ed p\u0159i konsolidaci mezin\u00e1rodn\u00edho \u00fasil\u00ed \u010delit rusk\u00e9 agresi,\u201c uv\u00e1d\u00ed se v prohl\u00e1\u0161en\u00ed jeho \u00fa\u0159adu.<\/span><\/em><\/p>\n<p id=\"p_1_14\" class=\"container\"><em><span class=\"contents\">Prohl\u00e1\u0161en\u00ed dodalo, \u017ee Zelenskyj \u201ezd\u016fraznil, \u017ee Ukrajina chce dos\u00e1hnout m\u00edru\u201c s Moskvou.\u00a0<strong>Kyjev minul\u00fd m\u011bs\u00edc p\u0159edstavil sv\u016fj desetikrokov\u00fd \u201em\u00edrov\u00fd vzorec\u201c, kter\u00fd vyz\u00fdv\u00e1 Rusko, aby st\u00e1hlo sv\u00e9 jednotky a \u201epotvrdilo \u00fazemn\u00ed celistvost Ukrajiny\u201c.<\/strong><\/span><\/em><\/p>\n<p id=\"p_1_15\" class=\"container\"><span class=\"contents\"><span>V\u0161e o t\u00e9to \u0161\u00edlen\u00e9 v\u00e1lce proti Rusku je zcela z\u00e1visl\u00e9 na hromadn\u00e9 kontrole informac\u00ed.\u00a0<strong>Bez cenzury by to ne\u0161lo.<\/strong><\/span><\/span><\/p>\n<p id=\"p_1_16\" class=\"container\"><span class=\"contents\"><span>Je to mnohem hor\u0161\u00ed ne\u017e Ir\u00e1k, proto\u017ee s Ukrajinou m\u016f\u017eete dok\u00e1zat, \u017ee ve v\u0161em l\u017eou.<\/span><\/span><\/p>\n<p id=\"p_1_17\" class=\"container\"><span class=\"contents\"><span>Doslova l\u017eou o ve\u0159ejn\u011b dostupn\u00e9m dokumentu, proto\u017ee nikdo v m\u00e9di\u00edch ne\u0159ekne lidem, \u017ee to ne\u0159\u00edk\u00e1 to, co \u0159\u00edkaj\u00ed, \u017ee to \u0159\u00edk\u00e1, proto\u017ee m\u00e9dia jsou zcela \u0159\u00edzena stejn\u00fdmi \u017didy, kte\u0159\u00ed \u0159\u00edd\u00ed Ukrajinu a vl\u00e1du USA.\u00a0<\/span><\/span><\/p>\n<p id=\"p_1_18\" class=\"container\"><span class=\"contents\"><span>Douf\u00e1m, \u017ee Nov\u00fd Twitter poslou\u017e\u00ed jako platforma k prosazen\u00ed n\u011bkter\u00fdch z t\u011bchto informac\u00ed na ve\u0159ejn\u00e9 prostranstv\u00ed, aby se lid\u00e9 mohli rozhodnout, zda opravdu stoj\u00ed za zhroucen\u00ed cel\u00e9 z\u00e1padn\u00ed ekonomiky, aby \u017did\u00e9 napln\u011bn\u00ed nen\u00e1vist\u00ed mohli vra\u017edit Rusy na v\u00fdchod\u011b Ukrajina.<\/span><\/span><\/p>\n<p><a href=\"https:\/\/www.unz.com\/aanglin\/biden-endorses-jew-terrorist-zelenskys-fake-peace-plan-vows-infinity-weapons-again\/\">Andrew Anglin<\/a><\/p>\n<p><img decoding=\"async\" loading=\"lazy\" class=\"wp-image-19187 aligncenter\" src=\"http:\/\/www.infokuryr.cz\/n\/wp-content\/uploads\/2022\/12\/1-PRO-300x36.jpg\" alt=\"\" width=\"1217\" height=\"146\" srcset=\"https:\/\/www.infokuryr.cz\/n\/wp-content\/uploads\/2022\/12\/1-PRO-300x36.jpg 300w, https:\/\/www.infokuryr.cz\/n\/wp-content\/uploads\/2022\/12\/1-PRO.jpg 699w\" sizes=\"(max-width: 1217px) 100vw, 1217px\" \/><\/p>\n<p>&nbsp;<\/p>\n<p>&nbsp;<\/p>\n","protected":false},"excerpt":{"rendered":"<p>Kdybyste se pod\u00edvali na skute\u010dn\u00fd \u201em\u00edrov\u00fd pl\u00e1n\u201c, kter\u00fd Zelenskyj p\u0159edlo\u017eil, byli byste kr\u00e1tce zmateni a&#8230;<\/p>\n","protected":false},"author":2,"featured_media":10905,"comment_status":"closed","ping_status":"closed","sticky":false,"template":"","format":"standard","meta":[],"categories":[7],"tags":[28,4030,26,1000],"_links":{"self":[{"href":"https:\/\/www.infokuryr.cz\/n\/wp-json\/wp\/v2\/posts\/19697"}],"collection":[{"href":"https:\/\/www.infokuryr.cz\/n\/wp-json\/wp\/v2\/posts"}],"about":[{"href":"https:\/\/www.infokuryr.cz\/n\/wp-json\/wp\/v2\/types\/post"}],"author":[{"embeddable":true,"href":"https:\/\/www.infokuryr.cz\/n\/wp-json\/wp\/v2\/users\/2"}],"replies":[{"embeddable":true,"href":"https:\/\/www.infokuryr.cz\/n\/wp-json\/wp\/v2\/comments?post=19697"}],"version-history":[{"count":0,"href":"https:\/\/www.infokuryr.cz\/n\/wp-json\/wp\/v2\/posts\/19697\/revisions"}],"wp:featuredmedia":[{"embeddable":true,"href":"https:\/\/www.infokuryr.cz\/n\/wp-json\/wp\/v2\/media\/10905"}],"wp:attachment":[{"href":"https:\/\/www.infokuryr.cz\/n\/wp-json\/wp\/v2\/media?parent=19697"}],"wp:term":[{"taxonomy":"category","embeddable":true,"href":"https:\/\/www.infokuryr.cz\/n\/wp-json\/wp\/v2\/categories?post=19697"},{"taxonomy":"post_tag","embeddable":true,"href":"https:\/\/www.infokuryr.cz\/n\/wp-json\/wp\/v2\/tags?post=19697"}],"curies":[{"name":"wp","href":"https:\/\/api.w.org\/{rel}","templated":true}]}}