{"id":19694,"date":"2022-12-15T01:05:37","date_gmt":"2022-12-15T00:05:37","guid":{"rendered":"http:\/\/www.infokuryr.cz\/n\/?p=19694"},"modified":"2022-12-14T16:50:03","modified_gmt":"2022-12-14T15:50:03","slug":"duvody-eskalace-v-kosovu","status":"publish","type":"post","link":"https:\/\/www.infokuryr.cz\/n\/2022\/12\/15\/duvody-eskalace-v-kosovu\/","title":{"rendered":"D\u016fvody eskalace v Kosovu"},"content":{"rendered":"<div id=\"fb-root\"><\/div>\n<p><strong>Mezin\u00e1rodn\u00ed m\u00e9dia informuj\u00ed o nov\u00e9m zdroji konfliktu v Evrop\u011b, kter\u00fd n\u011bmeck\u00e1 m\u00e9dia opom\u00edjej\u00ed.V Evrop\u011b hroz\u00ed dal\u0161\u00ed v\u00e1lka, tentokr\u00e1t mezi Srbskem a Kosovem.<\/strong><\/p>\n<p>Srbsko je bl\u00edzk\u00fdm spojencem Ruska a odm\u00edt\u00e1 se pod\u00edlet na rusk\u00fdch sankc\u00edch i p\u0159es intenzivn\u00ed tlak Bruselu, Washingtonu a dal\u0161\u00edch z\u00e1padn\u00edch metropol\u00ed.\u00a0Srbsko z\u00e1rove\u0148 chce vstoupit do EU, ale Brusel nep\u0159\u00edmo hroz\u00ed ukon\u010den\u00edm rozhovor\u016f, proto\u017ee jedn\u00edm z p\u0159edpoklad\u016f \u010dlenstv\u00ed v EU je \u00fa\u010dast na sankc\u00edch EU.\u00a0To plat\u00ed i pro v\u0161echny kandid\u00e1tsk\u00e9 zem\u011b: pokud by cht\u011bly jednat o \u010dlenstv\u00ed v EU, musely by se sankcemi souhlasit.<\/p>\n<p>Bl\u00edzkost Srbska k Rusku je trnem v oku NATO a EU, a proto eskalace v Kosovu p\u0159ich\u00e1z\u00ed v prav\u00fd \u010das, proto\u017ee otev\u00edr\u00e1 nov\u00e9 p\u0159\u00edle\u017eitosti k tlaku na Srbsko.<\/p>\n<p>Rusk\u00e1 tiskov\u00e1 agentura TASS shrnula v\u00fdvoj, kter\u00fd vedl k sou\u010dasn\u00e9 eskalaci, a p\u0159elo\u017eil jsem\u00a0<a href=\"https:\/\/tass.ru\/mezhdunarodnaya-panorama\/16580109\" target=\"_blank\" rel=\"noreferrer noopener\">\u010dl\u00e1nek TASS<\/a>\u00a0.<\/p>\n<p><em><strong>Za\u010d\u00e1tek p\u0159ekladu:<\/strong><\/em><\/p>\n<h3><span style=\"font-size: 18pt;\">&#8222;Jsme p\u0159ibiti ke zdi&#8220; &#8211; Co je zn\u00e1mo o nov\u00e9m nap\u011bt\u00ed mezi B\u011blehradem a Pri\u0161tinou<\/span><\/h3>\n<p>Vztahy mezi Srbskem a neuznan\u00fdm Kosovem jsou op\u011bt napjat\u00e9.\u00a0Situace se zhor\u0161uje doslova z hodiny na hodinu: Srbov\u00e9 stav\u00ed barik\u00e1dy, mise EU je vys\u00edl\u00e1 na hl\u00eddku, kosovsk\u00e1 vl\u00e1da hroz\u00ed pou\u017eit\u00edm s\u00edly, zat\u00edmco B\u011blehrad se sna\u017e\u00ed vyhnout ozbrojen\u00e9mu konfliktu a \u010dlenstv\u00ed v EU pro \u010d\u00e1ste\u010dn\u011b uznan\u00e9 Kosovo.\u00a0Zde v\u00e1m \u0159ekneme, jak a pro\u010d je Balk\u00e1n op\u011bt ve f\u00e1zi ostr\u00e9 konfrontace.<\/p>\n<h4><span style=\"font-size: 18pt;\">Co se stalo<\/span><\/h4>\n<p>Vztahy mezi Srbskem a \u010d\u00e1ste\u010dn\u011b uznan\u00fdm Kosovem se znovu rozho\u0159ely 10. prosince, kdy kosovsk\u00e1 policie zatkla etnick\u00e9ho Srba a b\u00fdval\u00e9ho policistu Dejana Panti\u010de na kontroln\u00edm stanovi\u0161ti Jarinje na administrativn\u00ed hranici mezi Kosovem a Metohij\u00ed a centr\u00e1ln\u00edm Srbskem.\u00a0Byl podez\u0159el\u00fd z \u00fa\u010dasti na ned\u00e1vn\u00fdch \u00fatoc\u00edch na policisty v Kosovu.<\/p>\n<p>Srbsk\u00e9 obyvatelstvo reagovalo zabarik\u00e1dov\u00e1n\u00edm d\u00e1lnice na n\u011bkolika m\u00edstech pobl\u00ed\u017e kontroln\u00edho stanovi\u0161t\u011b a protestem, aby zabr\u00e1nili p\u0159evozu Pantica do Pri\u0161tiny.<\/p>\n<p>Na barik\u00e1dy byly rozm\u00edst\u011bny hl\u00eddky mise EU v Kosovu (EULEX) a mezin\u00e1rodn\u00ed mise NATO v Kosovu a Metohiji (KFOR).<\/p>\n<p>Albin Kurti, premi\u00e9r neuznan\u00e9ho Kosova, vyzval Srby, aby do ve\u010dera 11. prosince odstranili barik\u00e1dy.\u00a0Varoval, \u017ee jinak kosovsk\u00e1 policie zas\u00e1hne a barik\u00e1dy odstran\u00ed.<\/p>\n<p>Srbsk\u00fd prezident Aleksandar Vu\u010di\u010d uspo\u0159\u00e1dal 11. prosince mimo\u0159\u00e1dn\u00e9 zased\u00e1n\u00ed Rady n\u00e1rodn\u00ed bezpe\u010dnosti.\u00a0\u201eDnes je pro m\u011b nejt\u011b\u017e\u0161\u00ed den od doby, kdy jsem prezidentem.\u00a0P\u0159ed n\u00e1mi je pravd\u011bpodobn\u011b nejt\u011b\u017e\u0161\u00ed noc.\u00a0Jsme z\u00e1dy ke zdi,\u201c \u0159ekl Vu\u010di\u010d v celost\u00e1tn\u00ed televizi.<\/p>\n<p>V\u016fdce Srb\u016f v Kosovu a Metohiji Goran Rakic \u200b\u200bozn\u00e1mil z\u0159\u00edzen\u00ed krizov\u00e9ho t\u00fdmu, kter\u00fd m\u00e1 informovat ob\u010dany a m\u00e9dia o situaci na severu Kosova.<\/p>\n<h4><span style=\"font-size: 18pt;\">\u00datoky bezpe\u010dnostn\u00edch slo\u017eek<\/span><\/h4>\n<p>Kr\u00e1tce p\u0159edt\u00edm, 6. prosince, vtrhly speci\u00e1ln\u00ed jednotky kosovsk\u00e9 policie do budovy volebn\u00ed komise v severn\u00ed Mitrovici.\u00a0M\u00e9dia hl\u00e1sila zvuk v\u00fdbuch\u016f, n\u011bkter\u00e9 \u010d\u00e1sti m\u011bsta byly pln\u00e9 kou\u0159e a bylo sly\u0161et sir\u00e9ny.\u00a0Ve stejn\u00fd den vnikla kosovsk\u00e1 policie tak\u00e9 do budovy obce Zubin Potok.\u00a0Civilist\u00e9 uvnit\u0159 se postavili na odpor.<\/p>\n<p>O dva dny pozd\u011bji noviny Ve\u010dernje Novosti uvedly, \u017ee 200 a\u017e 300 speci\u00e1ln\u00edch jednotek kosovsk\u00e9 policie vtrhlo na Srby obydlen\u00fd sever Kosova a Metohije.\u00a0Podle den\u00edku jeli v obrn\u011bn\u00fdch vozidlech a zablokovali Kosovskou Mitrovici.\u00a0Obyvatel\u016fm bylo zak\u00e1z\u00e1no nat\u00e1\u010det a fotografovat, p\u0159\u00edstup byl odep\u0159en i novin\u00e1\u0159\u016fm.<\/p>\n<p>Bruselsk\u00e1 dohoda \u0159\u00edk\u00e1, \u017ee kosovsk\u00e1 policie nem\u016f\u017ee vstoupit na Srby obydlen\u00fd sever, ani\u017e by z\u00edskala povolen\u00ed od v\u016fdc\u016f \u010dty\u0159 srbsk\u00fdch komunit.\u00a0Tyto dohody o normalizaci vztah\u016f mezi B\u011blehradem a Pri\u0161tinou byly uzav\u0159eny 19. dubna 2013.\u00a0V souladu s t\u00edm m\u00e1 b\u00fdt v Kosovu zalo\u017eeno spole\u010denstv\u00ed srbsk\u00fdch komunit, samospr\u00e1vn\u00fd org\u00e1n Srb\u016f \u017eij\u00edc\u00edch v neuznan\u00e9 republice.\u00a0Vu\u010di\u010d opakovan\u011b prohl\u00e1sil, \u017ee B\u011blehrad svou \u010d\u00e1st dohody splnil.\u00a0Kosovan\u00e9 pr\u00e1v\u011b za\u010dali p\u0159ipravovat statut a pot\u00e9 proces pozastavili.<\/p>\n<p>Po invazi kosovsk\u00fdch bezpe\u010dnostn\u00edch sil Vu\u010di\u010d a srbsk\u00e1 premi\u00e9rka Ana Brnabic obvinili Pri\u0161tinu z ignorov\u00e1n\u00ed v\u0161ech p\u0159edchoz\u00edch dohod a mezin\u00e1rodn\u00edch dohod o kosovsk\u00e9 ot\u00e1zce, v\u010detn\u011b t\u011bch bruselsk\u00fdch.<\/p>\n<p>Prezident neuznan\u00e9ho Kosova Vjosa Osmani v polovin\u011b listopadu vyhl\u00e1sil v obc\u00edch Severn\u00ed Mitrovica, Zubin Potok, Leposavic a Zvecan p\u0159ed\u010dasn\u00e9 volby na 18. prosince.\u00a0V prosinci v\u0161ak bylo rozhodnuto o jej\u00edm odlo\u017een\u00ed na 23. dubna.\u00a0M\u00e9dia toto rozhodnut\u00ed p\u0159ipisovala situaci na severu regionu a po\u017eadavk\u016fm z\u00e1padn\u00edch velvyslanc\u016f.<\/p>\n<h4><span style=\"font-size: 18pt;\">Konflikt a ned\u00e1vn\u00e1 eskalace<\/span><\/h4>\n<p>Kosovo vyhl\u00e1silo nez\u00e1vislost v roce 2008.\u00a0Srbsko to pova\u017euje za sv\u00e9 \u00fazem\u00ed.\u00a0Republiku uznalo v\u00edce ne\u017e 100 zem\u00ed, kter\u00e9 nezahrnuj\u00ed Rusko.\u00a0Od vyhl\u00e1\u0161en\u00ed nez\u00e1vislosti Kosova konflikt mezi Pri\u0161tinou a B\u011blehradem n\u011bkolikr\u00e1t eskaloval.<\/p>\n<p>Sou\u010dasn\u00e9 zhor\u0161en\u00ed situace na Balk\u00e1n\u011b souvis\u00ed s vl\u00e1dn\u00edm na\u0159\u00edzen\u00edm v Pri\u0161tin\u011b, podle kter\u00e9ho maj\u00ed b\u00fdt od listopadu pokutov\u00e1ni majitel\u00e9 aut se srbsk\u00fdmi SPZ.\u00a0To vedlo k protest\u016fm na severu.<\/p>\n<p>1. listopadu byli majitel\u00e9 voz\u016f s SPZ PR (Pri\u0161tina), KM (Kosovska Mitrovica), PZ (Prizren), GL (Gnjilane), UR (Urosevac), PE (Pe\u0107), DA nebo \u0110A (Djakovica), vydan\u00fdch spol. Srbsk\u00e9 \u00fa\u0159ady ud\u011blily 1740 pokut.\u00a0Sv\u00e1 auta museli zaregistrovat na pozn\u00e1vac\u00ed zna\u010dky se symbolem RKS, Republika Kosovo.<\/p>\n<p>Na pozad\u00ed t\u011bchto ud\u00e1lost\u00ed opustili 5. listopadu Srbov\u00e9 z Kosova a Metohije v\u0161echny vl\u00e1dn\u00ed instituce v neuznan\u00e9m celku.\u00a0S mezin\u00e1rodn\u00ed mediac\u00ed bylo rozhodnut\u00ed o ulo\u017een\u00ed pokut n\u011bkolikr\u00e1t odlo\u017eeno.<\/p>\n<p>Podle rusk\u00e9ho velvyslance v Srbsku Alexandra Botzana-Khar\u010denka je situace kolem Kosova \u201ena posledn\u00ed hranici\u201c, za n\u00ed\u017e je mo\u017en\u00e1 vyhrocen\u00e1 f\u00e1ze konfrontace.<\/p>\n<h4><span style=\"font-size: 18pt;\">Postoj EU a \u00fasil\u00ed Kosova o vstup do Spole\u010denstv\u00ed<\/span><\/h4>\n<p>Jednou z prvn\u00edch, kdo se k situaci v EU vyj\u00e1d\u0159il, byla n\u011bmeck\u00e1 ministryn\u011b zahrani\u010d\u00ed Annalena Baerbock.\u00a0Podle jej\u00edho n\u00e1zoru p\u0159isp\u00edv\u00e1 srbsk\u00e1 r\u00e9torika ke zhor\u0161ov\u00e1n\u00ed nap\u011bt\u00ed s neuznan\u00fdm Kosovem.\u00a0&#8222;Je to nezodpov\u011bdn\u00e9,&#8220; \u0159ekla.\u00a0Baerbock vyzval B\u011blehrad, aby ud\u011blal maximum pro vy\u0159e\u0161en\u00ed situace v regionu.\u00a0Pouk\u00e1zala na to, \u017ee zaji\u0161t\u011bn\u00ed bezpe\u010dnosti lid\u00ed \u201eje tak\u00e9 odpov\u011bdnost\u00ed srbsk\u00e9 vl\u00e1dy\u201c.<\/p>\n<p>\u0160\u00e9f diplomata EU Josep Borrell ujistil, \u017ee mise EULEX bude pokra\u010dovat v koordinaci s kosovskou vl\u00e1dou a KFOR pod z\u00e1\u0161titou NATO a \u017ee EU nebude tolerovat \u00fatoky na EULEX v Kosovu ani n\u00e1siln\u00e9 trestn\u00e9 \u010diny na severu.<\/p>\n<p>\u0158ekl tak\u00e9, \u017ee EU se rozhodla vyslat sv\u00e9ho zvl\u00e1\u0161tn\u00edho vyslance pro z\u00e1padn\u00ed Balk\u00e1n do Kosova, aby zm\u00edrnila nap\u011bt\u00ed v regionu.\u00a0\u0160\u00e9f srbsk\u00e9ho vl\u00e1dn\u00edho \u00fa\u0159adu pro Kosovo a Metohiji Petar Petkovic vyzval Evropu, aby v\u011bnovala pozornost automatick\u00fdm zbran\u00edm v rukou speci\u00e1ln\u00edch jednotek kosovsk\u00e9 policie na severu.<\/p>\n<p>Kosovo mezit\u00edm nevzd\u00e1v\u00e1 sv\u00e9 snahy o vstup do EU.\u00a0Vjosa Osmani d\u0159\u00edve uvedl, \u017ee Pri\u0161tina pod\u00e1 \u017e\u00e1dost o \u010dlenstv\u00ed v EU do konce leto\u0161n\u00edho roku.\u00a0Podle Vu\u010di\u010de tak Pri\u0161tina u\u010din\u00ed 15. prosince, \u010d\u00edm\u017e poru\u0161\u00ed washingtonsk\u00e9 dohody.\u00a0Jedn\u00e1 se o USA zprost\u0159edkovanou dohodu o normalizaci ekonomick\u00fdch vztah\u016f mezi Srbskem a Kosovem, podepsanou v B\u00edl\u00e9m dom\u011b 4. z\u00e1\u0159\u00ed 2020.\u00a0B\u011blehrad v n\u011bm upustil od sv\u00fdch ambic\u00ed povzbuzovat ostatn\u00ed st\u00e1ty, aby Kosovo neuznaly, zat\u00edmco Pri\u0161tina souhlasila, \u017ee nebude pod\u00e1vat nov\u00e9 \u017e\u00e1dosti o \u010dlenstv\u00ed v mezin\u00e1rodn\u00edch organizac\u00edch.<\/p>\n<p>Ivica Da\u010di\u0107, prvn\u00ed m\u00edstop\u0159edseda srbsk\u00e9 vl\u00e1dy a ministr zahrani\u010d\u00ed, vyzval \u010dlensk\u00e9 st\u00e1ty EU, kter\u00e9 neuznaly nez\u00e1vislost Kosova, aby Pri\u0161tin\u011b zablokovaly pod\u00e1n\u00ed \u017e\u00e1dosti.<\/p>\n<h4><span style=\"font-size: 18pt;\">P\u0159\u00ed\u010diny eskalace<\/span><\/h4>\n<p>D\u016fvody sou\u010dasn\u00e9 eskalace jsou, \u017ee od doby, kdy se v Kosovu dostal k moci Albin Kurti, prudce vzrostla jak nacionalistick\u00e1 n\u00e1lada mezi alb\u00e1nsk\u00fdm obyvatelstvem provincie, tak provokace, kter\u00e9 se staly trval\u00fdm stavem, vysv\u011btlila profesorka Ekaterina Entina ze \u0161koly. ekonom a vedouc\u00ed odd\u011blen\u00ed \u010dernomo\u0159sk\u00fdch a st\u0159edomo\u0159sk\u00fdch studi\u00ed na Institutu pro Evropu Rusk\u00e9 akademie v\u011bd.\u00a0\u201eZa t\u011bchto podm\u00ednek se ji\u017e kosov\u0161t\u00ed Srbov\u00e9 ob\u00e1vaj\u00ed o sv\u00e9 \u017eivoty a zdrav\u00ed.\u00a0Tato \u00farove\u0148 rostouc\u00edho nap\u011bt\u00ed nen\u00ed pro provincii typick\u00e1 od po\u010d\u00e1tku 21. stolet\u00ed,\u201c \u0159ekl u\u010denec agentu\u0159e TASS.<\/p>\n<p>Pro B\u011blehrad je podle n\u00ed z\u00e1sadn\u00ed udr\u017eet situaci na diplomatick\u00e9 \u00farovni.\u00a0Srbsk\u00e1 vl\u00e1da zv\u00e1\u017e\u00ed v\u0161echny mo\u017en\u00e9 varianty, kter\u00e9 by se vyhnuly eskalaci, n\u00e1sil\u00ed a sc\u00e9n\u00e1\u0159i, kdy by B\u011blehrad musel na alb\u00e1nsk\u00e9 provokace reagovat n\u00e1sil\u00edm.\u00a0&#8222;Tento sc\u00e9n\u00e1\u0159 je to posledn\u00ed, co Vu\u010dic m\u016f\u017ee ud\u011blat,&#8220; uzav\u0159ela Ekaterina Entina.<\/p>\n<p><em><strong>konec p\u0159ekladu<\/strong><\/em><\/p>\n<p><a href=\"https:\/\/www.anti-spiegel.ru\/2022\/die-gruende-fuer-die-eskalation-im-kosovo\/\">Thomas R\u00f6per<\/a><\/p>\n<p><img decoding=\"async\" loading=\"lazy\" class=\"wp-image-19187 aligncenter\" src=\"http:\/\/www.infokuryr.cz\/n\/wp-content\/uploads\/2022\/12\/1-PRO-300x36.jpg\" alt=\"\" width=\"1217\" height=\"146\" srcset=\"https:\/\/www.infokuryr.cz\/n\/wp-content\/uploads\/2022\/12\/1-PRO-300x36.jpg 300w, https:\/\/www.infokuryr.cz\/n\/wp-content\/uploads\/2022\/12\/1-PRO.jpg 699w\" sizes=\"(max-width: 1217px) 100vw, 1217px\" \/><\/p>\n<p>&nbsp;<\/p>\n","protected":false},"excerpt":{"rendered":"<p>Mezin\u00e1rodn\u00ed m\u00e9dia informuj\u00ed o nov\u00e9m zdroji konfliktu v Evrop\u011b, kter\u00fd n\u011bmeck\u00e1 m\u00e9dia opom\u00edjej\u00ed.V Evrop\u011b hroz\u00ed&#8230;<\/p>\n","protected":false},"author":2,"featured_media":19426,"comment_status":"closed","ping_status":"closed","sticky":false,"template":"","format":"standard","meta":[],"categories":[7],"tags":[41,220,1063,139],"_links":{"self":[{"href":"https:\/\/www.infokuryr.cz\/n\/wp-json\/wp\/v2\/posts\/19694"}],"collection":[{"href":"https:\/\/www.infokuryr.cz\/n\/wp-json\/wp\/v2\/posts"}],"about":[{"href":"https:\/\/www.infokuryr.cz\/n\/wp-json\/wp\/v2\/types\/post"}],"author":[{"embeddable":true,"href":"https:\/\/www.infokuryr.cz\/n\/wp-json\/wp\/v2\/users\/2"}],"replies":[{"embeddable":true,"href":"https:\/\/www.infokuryr.cz\/n\/wp-json\/wp\/v2\/comments?post=19694"}],"version-history":[{"count":0,"href":"https:\/\/www.infokuryr.cz\/n\/wp-json\/wp\/v2\/posts\/19694\/revisions"}],"wp:featuredmedia":[{"embeddable":true,"href":"https:\/\/www.infokuryr.cz\/n\/wp-json\/wp\/v2\/media\/19426"}],"wp:attachment":[{"href":"https:\/\/www.infokuryr.cz\/n\/wp-json\/wp\/v2\/media?parent=19694"}],"wp:term":[{"taxonomy":"category","embeddable":true,"href":"https:\/\/www.infokuryr.cz\/n\/wp-json\/wp\/v2\/categories?post=19694"},{"taxonomy":"post_tag","embeddable":true,"href":"https:\/\/www.infokuryr.cz\/n\/wp-json\/wp\/v2\/tags?post=19694"}],"curies":[{"name":"wp","href":"https:\/\/api.w.org\/{rel}","templated":true}]}}