{"id":19686,"date":"2022-12-15T01:00:32","date_gmt":"2022-12-15T00:00:32","guid":{"rendered":"http:\/\/www.infokuryr.cz\/n\/?p=19686"},"modified":"2022-12-14T16:22:58","modified_gmt":"2022-12-14T15:22:58","slug":"vybusna-zprava","status":"publish","type":"post","link":"https:\/\/www.infokuryr.cz\/n\/2022\/12\/15\/vybusna-zprava\/","title":{"rendered":"V\u00fdbu\u0161n\u00e1 zpr\u00e1va&#8230;"},"content":{"rendered":"<div id=\"fb-root\"><\/div>\n<h2 class=\"elementor-heading-title elementor-size-default\">V\u00fdbu\u0161n\u00e1 zpr\u00e1va: Zd\u00e1 se, \u017ee 71 % \u00famrt\u00ed, ke kter\u00fdm do\u0161lo do 20 dn\u016f po pod\u00e1n\u00ed vakc\u00edny, bylo zp\u016fsobeno podm\u00ednkami p\u0159\u00edmo spojen\u00fdmi s o\u010dkov\u00e1n\u00edm proti Covid<\/h2>\n<div class=\"elementor-element elementor-element-1fb4c2c elementor-widget elementor-widget-theme-post-content\" data-id=\"1fb4c2c\" data-element_type=\"widget\" data-widget_type=\"theme-post-content.default\">\n<div class=\"elementor-widget-container\">\n<p>Ve\u0159ejnost je st\u00e1le v\u00edce znepokojena zpr\u00e1vami o \u00famrt\u00edch mezi o\u010dkovan\u00fdmi.\u00a0Samoz\u0159ejm\u011b se nab\u00edz\u00ed ot\u00e1zka: \u201eByla smrt zp\u016fsobena o\u010dkov\u00e1n\u00edm?\u201c.\u00a0Nejabsolutn\u011bj\u0161\u00edm zp\u016fsobem, jak odpov\u011bd\u011bt na tuto ot\u00e1zku, je pitva, p\u00ed\u0161e zn\u00e1m\u00fd Dr.\u00a0Peter A. McCullough z The\u00a0<a href=\"https:\/\/www.theepochtimes.com\/author-dr-peter-a-mccullough\" target=\"_blank\" rel=\"noreferrer noopener\" data-type=\"URL\" data-id=\"https:\/\/www.theepochtimes.com\/author-dr-peter-a-mccullough\">Epochtimes<\/a>\u00a0spolu s\u00a0<a href=\"https:\/\/www.theepochtimes.com\/author-john-leake\" target=\"_blank\" rel=\"noreferrer noopener\" data-type=\"URL\" data-id=\"https:\/\/www.theepochtimes.com\/author-john-leake\">Johnem<\/a>\u00a0Leakem .<\/p>\n<p>V\u00fdzkumn\u00fd t\u00fdm patologie veden\u00fd profesorem Constantinem Schwabem z \u00dastavu patologie na univerzit\u011b v Heidelbergu a jej\u00ed p\u0159idru\u017een\u00e9 nemocnici (Univerzitn\u00ed nemocnice Heidelberg, \u00dastav patologie, Im Neuenheimer Feld 224, 69120, Heidelberg, N\u011bmecko) provedl podrobnou studii post- o\u010dkovac\u00ed pitvy.\u00a0Z 35 \u00famrt\u00ed b\u011bhem 20 dn\u016f po injekci bylo 10 vylou\u010deno jako zjevn\u011b nesouvisej\u00edc\u00ed s vakc\u00ednou Covid.<\/p>\n<p>Zb\u00fdvaj\u00edc\u00edch 25 (71 %) v\u0161ak m\u011blo diagn\u00f3zu konzistentn\u00ed se syndromem po\u0161kozen\u00ed zp\u016fsoben\u00fdm vakc\u00ednou, v\u010detn\u011b infarktu myokardu, zhor\u0161en\u00ed srde\u010dn\u00edho selh\u00e1n\u00ed, vaskul\u00e1rn\u00edho aneuryzmatu, plicn\u00ed embolie, smrteln\u00e9 mrtvice a trombotickou trombocytopeni\u00ed vyvolanou vakc\u00ednou.<\/p>\n<p>Zaj\u00edmav\u00e9 je, \u017ee akutn\u00ed myokarditida byla identifikov\u00e1na jako p\u0159\u00ed\u010dina smrti v 5 p\u0159\u00edpadech, p\u0159i\u010dem\u017e histopatologie srde\u010dn\u00edho svalu vykazovala skvrnit\u00fd z\u00e1n\u011bt velmi podobn\u00fd z\u00e1n\u011btu deltov\u00e9ho svalu injikovan\u00e9ho vakc\u00ednou mRNA, i kdy\u017e se ofici\u00e1ln\u011b propaguje, \u017ee myokarditida nastane po o\u010dkov\u00e1n\u00ed nem\u016f\u017ee v\u00e9st k \u00famrt\u00ed a je velmi dob\u0159e l\u00e9\u010diteln\u00e1 (viz Gheorghi\u021b\u0103 et al).<\/p>\n<div class=\"wp-block-image\">\n<figure class=\"aligncenter size-large\"><img decoding=\"async\" class=\"jetpack-lazy-image jetpack-lazy-image--handled aligncenter\" src=\"https:\/\/i0.wp.com\/www.activenews.ro\/documente\/ORIGINAL%20PAPER.jpeg?w=800&amp;ssl=1\" alt=\"\" data-recalc-dims=\"1\" data-lazy-loaded=\"1\" \/><\/figure>\n<\/div>\n<p><span style=\"font-size: 18pt;\"><strong>Ze zpr\u00e1vy:<\/strong><\/span><\/p>\n<p>1) Zd\u00e1 se, \u017ee 71 % \u00famrt\u00ed, ke kter\u00fdm dojde do 20 dn\u016f po pod\u00e1n\u00ed vakc\u00edny, je zp\u016fsobeno nemocemi, o nich\u017e je zn\u00e1mo, \u017ee se vyskytuj\u00ed p\u0159i o\u010dkov\u00e1n\u00ed proti COVID-19,<\/p>\n<p>2) Z\u00e1n\u011bt v srdci se shodoval se stejn\u00fdm vzorem z\u00e1n\u011btu v pa\u017ei.\u00a0Z toho m\u016f\u017eeme usoudit, \u017ee smrt n\u011bkolik dn\u00ed po o\u010dkov\u00e1n\u00ed je s nejv\u011bt\u0161\u00ed pravd\u011bpodobnost\u00ed zp\u016fsobena genov\u00fdm produktem a \u017ee z\u00e1n\u011bt v pa\u017ei by mohl b\u00fdt n\u00e1hradou za podobn\u00fd proces v srdci.<\/p>\n<p>Velmi vysok\u00e1 m\u00edra postvakcina\u010dn\u00edch pitev by m\u011bla podn\u00edtit rodiny a l\u00e9ka\u0159e k tlaku na pitvy po o\u010dkov\u00e1n\u00ed, abychom se mohli dozv\u011bd\u011bt v\u00edce o tom, jak tento l\u00e9ka\u0159sk\u00fd z\u00e1krok vede k tak vysok\u00fdm ztr\u00e1t\u00e1m na \u017eivotech.<\/p>\n<p>Celou studii naleznete\u00a0<a href=\"https:\/\/www.file.com\/\/\/C:\/Users\/photo2\/Desktop\/s00392-022-02129-5.pdf\" target=\"_blank\" rel=\"noreferrer noopener\" data-type=\"URL\" data-id=\"https:\/\/www.file.com\/\/\/C:\/Users\/photo2\/Desktop\/s00392-022-02129-5.pdf\">zde<\/a>\u00a0.<\/p>\n<p>Zdroj:\u00a0<a href=\"https:\/\/link.springer.com\/article\/10.1007\/s00392-022-02129-5\" target=\"_blank\" rel=\"noreferrer noopener\" data-type=\"URL\" data-id=\"https:\/\/link.springer.com\/article\/10.1007\/s00392-022-02129-5\">Springer Link \/ Schwab, C., Domke, LM, Hartmann, L. et al.\u00a0Histopatologick\u00e1 charakterizace myokarditidy po o\u010dkov\u00e1n\u00ed proti SARS-CoV-2 zalo\u017een\u00e1 na pitv\u011b.\u00a0Clin Res Cardiol (2022).<\/a><\/p>\n<\/div>\n<\/div>\n<div class=\"elementor-element elementor-element-8c57238 quelle dc-has-condition dc-condition-empty elementor-widget elementor-widget-heading\" data-id=\"8c57238\" data-element_type=\"widget\" data-widget_type=\"heading.default\">\n<div class=\"elementor-widget-container\">\n<h3 class=\"elementor-heading-title elementor-size-default\"><span style=\"font-size: 8pt;\"><a href=\"https:\/\/www.activenews.ro\/stiri\/RAPORT-DRAMATIC-71-dintre-decesele-care-au-avut-loc-in-decurs-de-20-de-zile-de-la-administrarea-VACCINULUI-apar-ca-se-datoreaza-unor-afectiuni-legate-direct-de-vaccinarea-Covid.-STUDIU-UNIVERSITATEA-HEIDELBERG-178148\" target=\"_blank\" rel=\"nofollow noopener\">ZDROJ<\/a><\/span><\/h3>\n<p><img decoding=\"async\" loading=\"lazy\" class=\"wp-image-19187 aligncenter\" src=\"http:\/\/www.infokuryr.cz\/n\/wp-content\/uploads\/2022\/12\/1-PRO-300x36.jpg\" alt=\"\" width=\"1175\" height=\"141\" srcset=\"https:\/\/www.infokuryr.cz\/n\/wp-content\/uploads\/2022\/12\/1-PRO-300x36.jpg 300w, https:\/\/www.infokuryr.cz\/n\/wp-content\/uploads\/2022\/12\/1-PRO.jpg 699w\" sizes=\"(max-width: 1175px) 100vw, 1175px\" \/><\/p>\n<p>&nbsp;<\/p>\n<\/div>\n<\/div>\n","protected":false},"excerpt":{"rendered":"<p>V\u00fdbu\u0161n\u00e1 zpr\u00e1va: Zd\u00e1 se, \u017ee 71 % \u00famrt\u00ed, ke kter\u00fdm do\u0161lo do 20 dn\u016f po&#8230;<\/p>\n","protected":false},"author":2,"featured_media":16413,"comment_status":"closed","ping_status":"closed","sticky":false,"template":"","format":"standard","meta":[],"categories":[7],"tags":[23,523,651,1820],"_links":{"self":[{"href":"https:\/\/www.infokuryr.cz\/n\/wp-json\/wp\/v2\/posts\/19686"}],"collection":[{"href":"https:\/\/www.infokuryr.cz\/n\/wp-json\/wp\/v2\/posts"}],"about":[{"href":"https:\/\/www.infokuryr.cz\/n\/wp-json\/wp\/v2\/types\/post"}],"author":[{"embeddable":true,"href":"https:\/\/www.infokuryr.cz\/n\/wp-json\/wp\/v2\/users\/2"}],"replies":[{"embeddable":true,"href":"https:\/\/www.infokuryr.cz\/n\/wp-json\/wp\/v2\/comments?post=19686"}],"version-history":[{"count":0,"href":"https:\/\/www.infokuryr.cz\/n\/wp-json\/wp\/v2\/posts\/19686\/revisions"}],"wp:featuredmedia":[{"embeddable":true,"href":"https:\/\/www.infokuryr.cz\/n\/wp-json\/wp\/v2\/media\/16413"}],"wp:attachment":[{"href":"https:\/\/www.infokuryr.cz\/n\/wp-json\/wp\/v2\/media?parent=19686"}],"wp:term":[{"taxonomy":"category","embeddable":true,"href":"https:\/\/www.infokuryr.cz\/n\/wp-json\/wp\/v2\/categories?post=19686"},{"taxonomy":"post_tag","embeddable":true,"href":"https:\/\/www.infokuryr.cz\/n\/wp-json\/wp\/v2\/tags?post=19686"}],"curies":[{"name":"wp","href":"https:\/\/api.w.org\/{rel}","templated":true}]}}