{"id":19684,"date":"2022-12-14T11:16:23","date_gmt":"2022-12-14T10:16:23","guid":{"rendered":"http:\/\/www.infokuryr.cz\/n\/?p=19684"},"modified":"2022-12-14T11:16:23","modified_gmt":"2022-12-14T10:16:23","slug":"strategicky-bombarder-usa-se-vznitil-po-nouzovem-pristani","status":"publish","type":"post","link":"https:\/\/www.infokuryr.cz\/n\/2022\/12\/14\/strategicky-bombarder-usa-se-vznitil-po-nouzovem-pristani\/","title":{"rendered":"Strategick\u00fd bombard\u00e9r USA se vzn\u00edtil po nouzov\u00e9m p\u0159ist\u00e1n\u00ed"},"content":{"rendered":"<div id=\"fb-root\"><\/div>\n<p><strong>Americk\u00fd strategick\u00fd bombard\u00e9r B-2 se vzn\u00edtil po nouzov\u00e9m p\u0159ist\u00e1n\u00ed na leteck\u00e9 z\u00e1kladn\u011b ve st\u00e1t\u011b Missouri, ozn\u00e1mil port\u00e1l Military.com s odvol\u00e1n\u00edm na ser\u017eanta Beth Del Vecchio.<\/strong><\/p>\n<p>K incidentu s nejnov\u011bj\u0161\u00edch stealth bombard\u00e9rem ve slo\u017een\u00ed VLS USA do\u0161lo minulou sobotu. Nikdo nebyl zran\u011bn.<\/p>\n<p>\u201eB-2 VLS USA m\u011bl technickou poruchu v pr\u016fb\u011bhu pl\u00e1novan\u00e9ho letu 10. prosince a dostal po\u0161kozen\u00ed na p\u0159ist\u00e1vac\u00ed dr\u00e1ze leteck\u00e9 z\u00e1kladny Whiteman po \u00fasp\u011b\u0161n\u00e9m nouzov\u00e9m p\u0159ist\u00e1n\u00ed,\u201c uv\u00e1d\u00ed se ve zpr\u00e1v\u011b.<\/p>\n<p>Podle slov Del Vecchia, za\u010d\u00ednaj\u00edc\u00ed po\u017e\u00e1r uhasila hasi\u010dsk\u00e1 \u010deta leteck\u00e9 z\u00e1kladny.<\/p>\n<p>M\u00edstn\u00ed televizn\u00ed stanice KMBC uk\u00e1zala fotografii po\u0161kozen\u00e9ho bombard\u00e9ru, kter\u00fd se zaklonil na lev\u00e9 k\u0159\u00eddlo a kou\u0159il v oblasti k\u00fdlov\u00e9 plochy.<\/p>\n<p><img decoding=\"async\" loading=\"lazy\" class=\"alignnone size-full wp-image-1185\" src=\"http:\/\/www.infokuryr.cz\/n\/wp-content\/uploads\/2021\/04\/kuryr-podpis.png\" alt=\"\" width=\"84\" height=\"24\" \/><\/p>\n<p><img decoding=\"async\" loading=\"lazy\" class=\"wp-image-19187 aligncenter\" src=\"http:\/\/www.infokuryr.cz\/n\/wp-content\/uploads\/2022\/12\/1-PRO-300x36.jpg\" alt=\"\" width=\"1242\" height=\"149\" srcset=\"https:\/\/www.infokuryr.cz\/n\/wp-content\/uploads\/2022\/12\/1-PRO-300x36.jpg 300w, https:\/\/www.infokuryr.cz\/n\/wp-content\/uploads\/2022\/12\/1-PRO.jpg 699w\" sizes=\"(max-width: 1242px) 100vw, 1242px\" \/><\/p>\n<p>&nbsp;<\/p>\n","protected":false},"excerpt":{"rendered":"<p>Americk\u00fd strategick\u00fd bombard\u00e9r B-2 se vzn\u00edtil po nouzov\u00e9m p\u0159ist\u00e1n\u00ed na leteck\u00e9 z\u00e1kladn\u011b ve st\u00e1t\u011b Missouri,&#8230;<\/p>\n","protected":false},"author":2,"featured_media":19685,"comment_status":"closed","ping_status":"closed","sticky":false,"template":"","format":"standard","meta":[],"categories":[7],"tags":[4028,4027,37],"_links":{"self":[{"href":"https:\/\/www.infokuryr.cz\/n\/wp-json\/wp\/v2\/posts\/19684"}],"collection":[{"href":"https:\/\/www.infokuryr.cz\/n\/wp-json\/wp\/v2\/posts"}],"about":[{"href":"https:\/\/www.infokuryr.cz\/n\/wp-json\/wp\/v2\/types\/post"}],"author":[{"embeddable":true,"href":"https:\/\/www.infokuryr.cz\/n\/wp-json\/wp\/v2\/users\/2"}],"replies":[{"embeddable":true,"href":"https:\/\/www.infokuryr.cz\/n\/wp-json\/wp\/v2\/comments?post=19684"}],"version-history":[{"count":0,"href":"https:\/\/www.infokuryr.cz\/n\/wp-json\/wp\/v2\/posts\/19684\/revisions"}],"wp:featuredmedia":[{"embeddable":true,"href":"https:\/\/www.infokuryr.cz\/n\/wp-json\/wp\/v2\/media\/19685"}],"wp:attachment":[{"href":"https:\/\/www.infokuryr.cz\/n\/wp-json\/wp\/v2\/media?parent=19684"}],"wp:term":[{"taxonomy":"category","embeddable":true,"href":"https:\/\/www.infokuryr.cz\/n\/wp-json\/wp\/v2\/categories?post=19684"},{"taxonomy":"post_tag","embeddable":true,"href":"https:\/\/www.infokuryr.cz\/n\/wp-json\/wp\/v2\/tags?post=19684"}],"curies":[{"name":"wp","href":"https:\/\/api.w.org\/{rel}","templated":true}]}}