{"id":19657,"date":"2022-12-14T01:09:07","date_gmt":"2022-12-14T00:09:07","guid":{"rendered":"http:\/\/www.infokuryr.cz\/n\/?p=19657"},"modified":"2022-12-13T18:15:49","modified_gmt":"2022-12-13T17:15:49","slug":"zdenek-koudelka-korupce-v-evropske-unii","status":"publish","type":"post","link":"https:\/\/www.infokuryr.cz\/n\/2022\/12\/14\/zdenek-koudelka-korupce-v-evropske-unii\/","title":{"rendered":"Zden\u011bk Koudelka: Korupce v Evropsk\u00e9 unii"},"content":{"rendered":"<div id=\"fb-root\"><\/div>\n<p style=\"font-weight: 400;\">Zat\u010den\u00ed m\u00edstop\u0159edsedkyn\u011b Evropsk\u00e9ho parlamentu Evy Kailiov\u00e9 dokl\u00e1d\u00e1 tvorbu politiky v\u00a0Evropsk\u00e9 komisi a Evropsk\u00e9m parlamentu. Bruselu se \u0159\u00edk\u00e1 hlavn\u00ed m\u011bsto lobbingu. P\u0159ekl\u00e1d\u00e1m to do morav\u0161tiny jako hlavn\u00ed m\u011bsto korupce. Inici\u00e1to\u0159i korupce se sv\u00e9 z\u00e1jmy sna\u017e\u00ed podat jako z\u00e1jmy evropsk\u00e9, aby byly prosazov\u00e1ny Evropskou unii.<\/p>\n<p style=\"font-weight: 400;\"><span style=\"font-size: 18pt;\"><strong>Korupce a kovidismus<\/strong><\/span><\/p>\n<p style=\"font-weight: 400;\">\u010cesk\u00e1 republika zat\u00edm zaplatila 21 miliard korun za covidov\u00e9 vakc\u00edny, ale spot\u0159ebovala jich jen jednu t\u0159etinu, p\u0159i\u010dem\u017e jim kon\u010d\u00ed doba pou\u017eitelnosti. Vakc\u00edny za 14 miliard se sp\u00e1l\u00ed a bude se muset je\u0161t\u011b platit i likvidace vakc\u00edn.<\/p>\n<p style=\"font-weight: 400;\">Podle ministra zdravotnictv\u00ed V\u00e1lka p\u0159ipravila smlouvy Evropsk\u00e1 komise, bylo v\u0161ak rozhodnut\u00edm Ministerstva zdravotnictv\u00ed, \u017ee k\u00a0nim p\u0159istoupilo. Mysl\u00edm si, \u017ee zbyte\u010dn\u00e9 objedn\u00e1vky covidov\u00fdch vakc\u00edn v\u00a0cel\u00e9 Evrop\u011b za stovky miliard byly spojeny s\u00a0\u00faplatky. Kdy\u017e ze stovek miliard d\u00e1te jen 10 % na \u00faplatky v\u00a0Bruselu a pro siln\u00e9 medi\u00e1ln\u00ed hr\u00e1\u010de, jde o obrovsk\u00e9 sumy. Pak ch\u00e1pu medi\u00e1ln\u00ed uml\u010dov\u00e1n\u00ed odborn\u00edk\u016f typu prof. Ji\u0159\u00edho Berana, dehonestaci \u0161v\u00e9dsk\u00e9 cesty a vytv\u00e1\u0159en\u00ed atmosf\u00e9ry strachu pro zav\u00e1d\u011bn\u00ed ned\u016fvodn\u00fdch opat\u0159en\u00ed v\u00a0\u010d\u00ednsk\u00e9m vzoru.<\/p>\n<p style=\"font-weight: 400;\">Ve v\u011bci spat\u0159uji trestn\u00fd \u010din poru\u0161en\u00ed povinnost\u00ed p\u0159i spr\u00e1v\u011b ciz\u00edho majetku t\u00edm, \u017ee byly za \u010ceskou republiku podeps\u00e1ny smlouvy o naprosto nep\u0159im\u011b\u0159en\u00e9m odb\u011bru zbo\u017e\u00ed, o kter\u00e9m ji\u017e na po\u010d\u00e1tku, vzhledem k\u00a0omezen\u00e9 upot\u0159ebitelnosti, bylo z\u0159ejm\u00e9, \u017ee v\u00a0takov\u00e9m po\u010dtu nem\u016f\u017ee b\u00fdt na \u00fazem\u00ed \u010cech, Moravy a Slezska vyu\u017eito. Za objednan\u00e9 mno\u017estv\u00ed by se mohl nao\u010dkovat ka\u017ed\u00fd ob\u010dan st\u00e1tu 5x. P\u0159itom je \u010dasov\u011b omezena pou\u017eitelnost vakc\u00edn a ji\u017e i \u010dtvrt\u00e1 d\u00e1vka je nyn\u00ed doporu\u010dov\u00e1na jen omezen\u00e9 skupin\u011b rizikov\u00fdch pacient\u016f. Od po\u010d\u00e1tku bylo z\u0159ejm\u00e9, \u017ee o vakcinaci nemaj\u00ed z\u00e1jem v\u0161ichni. Mnoz\u00ed se necht\u011bli pod\u00edlet na tomto vakcina\u010dn\u00edm k\u0161eftu. St\u00e1t zpo\u010d\u00e1tku podporoval vakcinaci l\u017eivou reklamn\u00ed kampan\u00ed, \u017ee o\u010dkov\u00e1n\u00ed je te\u010dka za covidem, \u010d\u00edm\u017e klamn\u011b vyvol\u00e1val dojem, \u017ee imunita z\u00a0o\u010dkov\u00e1n\u00ed je trval\u00e1, ve skute\u010dnosti je v\u0161ak kr\u00e1tk\u00e1 \u2013 asi 6 m\u011bs\u00edc\u016f.<\/p>\n<p style=\"font-weight: 400;\">Kdy\u017e jsem podal trestn\u00ed ozn\u00e1men\u00ed na Vrchn\u00ed st\u00e1tn\u00ed zastupitelstv\u00ed v\u00a0Praze, bylo mi sd\u011bleno, \u017ee N\u00e1rodn\u00ed centr\u00e1la proti organizovan\u00e9mu zlo\u010dinu se v\u011bc\u00ed zab\u00fdvala. Smlouvy na n\u00e1kup nepot\u0159ebn\u00fdch vakc\u00edn, kter\u00e9 mus\u00ed platit \u010dlensk\u00e9 st\u00e1ty, podepsala\u00a0 za Evropskou komisi Stella Kyriakidesov\u00e1 &#8211; komisa\u0159ka pro zdrav\u00ed a bezpe\u010dnost potravin. S\u00a0t\u00edmto obrovsk\u00fdm mrh\u00e1n\u00edm pen\u011bz vyslovila souhlas Babi\u0161ova vl\u00e1da 17. 8. 2020 za ministra zdravotnictv\u00ed Adama Vojt\u011bcha.<\/p>\n<p style=\"font-weight: 400;\">Policie p\u0159\u00edpad ulo\u017eila k\u00a0ledu, ani\u017e by vyslechla evropskou komisa\u0159ku a \u00fa\u0159edn\u00edky zodpov\u011bdn\u00e9 za podeps\u00e1n\u00ed smluv zp\u016fsobuj\u00edc\u00edch zna\u010dn\u00e9 \u0161kody st\u00e1tu. Vrchn\u00ed st\u00e1tn\u00ed zastupitelstv\u00ed v\u00a0Praze, kter\u00e9 o v\u011bci v\u00ed, k\u00a0tomu ml\u010d\u00ed. Je to znak nad\u0159azen\u00e9ho postaven\u00ed Evropsk\u00e9 unie v\u016f\u010di n\u00e1m. Zat\u00edmco jsme museli do na\u0161eho pr\u00e1va zapracovat trestn\u00fd \u010din po\u0161kozov\u00e1n\u00ed finan\u010dn\u00edch z\u00e1jm\u016f Evropsk\u00e9 unie, sch\u00e1z\u00ed n\u00e1m obdobn\u00fd trestn\u00fd \u010din po\u0161kozov\u00e1n\u00ed finan\u010dn\u00edch z\u00e1jm\u016f \u010cesk\u00e9 republiky \u00fa\u0159edn\u00edky Evropsk\u00e9 komise. Prost\u011b krade-li se s\u00a0po\u017eehn\u00e1n\u00edm Evropsk\u00e9 komise, trest\u00e1n nikdo nebude. Ml\u010den\u00ed vrchn\u00ed st\u00e1tn\u00ed z\u00e1stupkyn\u011b Lenky Brad\u00e1\u010dov\u00e9 a jej\u00edho \u00fa\u0159adu hodnot\u00edm tak, \u017ee nechce j\u00edt proti bruselsk\u00fdm korup\u010dn\u00edm mafi\u00edm, by\u0165 \u0161koda v\u00a0des\u00edtk\u00e1ch miliard korun je z\u0159ejm\u00e1. Co je proti tomu \u010cap\u00ed hn\u00edzdo?<\/p>\n<h2><span style=\"font-size: 12pt;\">P\u0159itom nejde o prvn\u00ed p\u0159\u00edpad tohoto druhu. Ji\u017e v roce 2009 v r\u00e1mci medi\u00e1ln\u011b nafoukl\u00e9ho stra\u0161en\u00ed prase\u010d\u00ed ch\u0159ipkou objednala vl\u00e1da 700 000 vakc\u00edn za 110 milion\u016f K\u010d. Asi 600 000 vakc\u00edn se vyhodilo. Proti ned\u016fvodn\u00e9 kampani na zbyte\u010dn\u00e9 o\u010dkov\u00e1n\u00ed se postavil prezident V\u00e1clav Klaus a \u010das mu dal za pravdu.\u00a0<\/span><span style=\"font-size: 12pt;\">Proto\u017ee rozkr\u00e1d\u00e1n\u00ed pen\u011bz za kovidismu z\u016fstalo bez trestu, bude se opakovat. Zas bude n\u011bjak\u00e1 nov\u00e1 ch\u0159ipka a najdou se mafie, kter\u00e9 ji budou cht\u00edt vyu\u017e\u00edt pro zisk, ale to u\u017e nepote\u010dou miliardy, ale biliony. N\u00e1\u0161 st\u00e1t je \u0161patn\u011b spravov\u00e1n. Nechudneme proto, \u017ee by bylo m\u00e9n\u011b zdroj\u016f, ale kv\u016fli nespr\u00e1vn\u00fdm politick\u00fdm rozhodnut\u00edm.<\/span><\/h2>\n<p style=\"font-weight: 400;\"><span style=\"font-size: 18pt;\"><strong>Korupce a zelen\u00fd \u00fad\u011bl<\/strong><\/span><\/p>\n<p style=\"font-weight: 400;\">Kla\u010fme ot\u00e1zky o roli korupce v\u00a0r\u00e1mci politiky zelen\u00e9ho \u00fad\u011blu. Zelen\u00e1 ideologie klimatick\u00e9ho konce sv\u011bta byla vyu\u017eita proti evropsk\u00e9mu pr\u016fmyslu a k obskurn\u00edmu syst\u00e9mu obchodu s\u00a0elekt\u0159inou v\u00a0r\u00e1mci lipsk\u00e9 burzy, kde jsou o tis\u00edce procent nav\u00fd\u0161eny v\u00fdrobn\u00ed ceny na\u0161\u00ed elekt\u0159iny. Oslaben\u00ed evropsk\u00e9ho pr\u016fmyslu je v\u00a0z\u00e1jmu jeho konkurence, p\u0159edev\u0161\u00edm z\u00a0Asie. Nen\u00ed to v\u00a0z\u00e1jmu evropsk\u00fdch obyvatel, ani jejich p\u0159edstavitel\u016f. Leda\u017ee by bylo podn\u00edceno korupc\u00ed. Korupc\u00ed je toti\u017e mo\u017en\u00e9 z\u00edskat politiky pro rozhodnut\u00ed, kter\u00e1 jsou proti z\u00e1jm\u016fm jejich zem\u00ed.<\/p>\n<p style=\"font-weight: 400;\">Smutn\u00fdm p\u0159\u00edkladem je p\u0159\u00edprava nov\u00e9 evropsk\u00e9 normy pro spalovac\u00ed motory, kter\u00e1 fakticky znemo\u017en\u00ed v\u00fdrobu mal\u00fdch aut se spalovac\u00edmi motory. Hodnot\u00edm to tak, \u017ee mafie sna\u017e\u00edc\u00ed se zlikvidovat tuto \u010d\u00e1st evropsk\u00e9ho pr\u016fmyslu byla \u00fasp\u011b\u0161n\u00e1 p\u0159i korupci \u00fa\u0159edn\u00edk\u016f a politik\u016f Evropsk\u00e9 komise i za cenu, \u017ee budou posti\u017eeni chud\u0161\u00ed lid\u00e9. Evropsk\u00e1 soci\u00e1ln\u00ed politika v\u00a0praxi.<\/p>\n<p style=\"font-weight: 400;\"><span style=\"font-size: 18pt;\"><strong>Korupce v syst\u00e9mu Evropsk\u00e9 unie a na\u0161e \u00fastava<\/strong><\/span><\/p>\n<p style=\"font-weight: 400;\">V\u00a0Evropsk\u00e9 komisi a Evropsk\u00e9m parlamentu zpravidla zasedaj\u00ed politici druh\u00e9 kategorie, kte\u0159\u00ed v\u00ed, \u017ee jejich kari\u00e9ra je omezen\u00e1, proto\u017ee r\u016fst budou politici doma, ne v\u00a0Bruselu. \u010cest v\u00fdjimk\u00e1m, v\u010detn\u011b n\u011bkter\u00fdch europoslanc\u016f z\u00a0\u010cech a Moravy, ale v\u011bt\u0161inov\u00fd Brusel reprezentuj\u00ed europoliti\u010dky Leyenov\u00e1 \u010di Jourov\u00e1, jejich\u017e postaven\u00ed na dom\u00e1c\u00ed politick\u00e9 sc\u00e9n\u011b je druho\u0159ad\u00e9. Politici prvn\u00ed kategorie &#8211; francouz\u0161t\u00ed prezidenti a n\u011bme\u010dt\u00ed kancl\u00e9\u0159i do Bruselu nep\u0159ech\u00e1zej\u00ed. Je to pod jejich \u00farove\u0148. Jin\u00fd p\u0159\u00edklad je, \u017ee se Evropsk\u00e1 unie stane odkladi\u0161t\u011bm politik\u016f, kte\u0159\u00ed doma prohraj\u00ed, takov\u00e9 zlat\u00e9 kopa\u010dky. U n\u00e1s se stal b\u00fdval\u00fd premi\u00e9r Vladim\u00edr \u0160pidla eurokomisa\u0159em a\u017e po mocensk\u00e9 proh\u0159e v\u00a0boji se Stanislavem Grossem o veden\u00ed soci\u00e1ln\u00ed demokracie roku 2004.<\/p>\n<p style=\"font-weight: 400;\">V\u00a0syst\u00e9mu druho\u0159ad\u00fdch politik\u016f, kte\u0159\u00ed za smysl Evropsk\u00e9 unie p\u0159ijali obrovsk\u00e9 dota\u010dn\u00ed p\u0159erozd\u011blov\u00e1n\u00ed, je jen ot\u00e1zka \u010dasu a m\u00edry, kdy vzniknou korup\u010dn\u00ed praktiky. K\u00a0tomu velk\u00e9 ekonomick\u00e9 skupiny zjistily, \u017ee ovlivn\u011bn\u00edm rozhodnut\u00ed v\u00a0Bruselu, by\u0165 to n\u011bco stoj\u00ed, si u\u0161et\u0159\u00ed \u010das ovliv\u0148ov\u00e1n\u00edm politiky v \u010dlensk\u00fdch st\u00e1tech. To m\u016f\u017ee b\u00fdt motiv pro roz\u0161i\u0159ov\u00e1n\u00ed p\u016fsobnosti bruselsk\u00fdch org\u00e1n\u016f na \u00fakor \u010dlensk\u00fdch st\u00e1t\u016f.<\/p>\n<p style=\"font-weight: 400;\">Korupce v\u00a0Evropsk\u00e9m parlamentu m\u00e1 i \u00fastavn\u00ed d\u016fsledek. Nezn\u00e1m \u017e\u00e1dn\u00fd \u010dl\u00e1nek na\u0161\u00ed \u00fastavy, kter\u00fd by byl spojen s\u00a0korupc\u00ed. Nen\u00ed k\u00a0tomu d\u016fvod. P\u0159edpokl\u00e1d\u00e1m, \u017ee v\u0161ak nejedna evropsk\u00e1 sm\u011brnice a na\u0159\u00edzen\u00ed byly ovlivn\u011bny korupc\u00ed. Pak je jasn\u00e1 volba mezi \u00fastavou a evropskou sm\u011brnic\u00ed. Na\u0161e \u00fastava je nad\u0159azena nad evropsk\u00fdmi sm\u011brnicemi a na\u0159\u00edzen\u00edmi, proto\u017ee v\u00a0opa\u010dn\u00e9m p\u0159\u00edpad\u011b nad \u00fastavu nad\u0159ad\u00edme zlo\u010din.<\/p>\n<p><a href=\"https:\/\/zdenekkoudelka.cz\/www\/article_detail.php?id=1018\">Zden\u011bk Koudelka<\/a><\/p>\n<p><img decoding=\"async\" loading=\"lazy\" class=\"alignnone size-full wp-image-6154\" src=\"http:\/\/www.infokuryr.cz\/n\/wp-content\/uploads\/2021\/11\/zdenek-koudelka.jpeg\" alt=\"\" width=\"280\" height=\"210\" \/><\/p>\n<p>____________________________<\/p>\n<p>&nbsp;<\/p>\n<p><img decoding=\"async\" loading=\"lazy\" class=\"wp-image-19187 aligncenter\" src=\"http:\/\/www.infokuryr.cz\/n\/wp-content\/uploads\/2022\/12\/1-PRO-300x36.jpg\" alt=\"\" width=\"1233\" height=\"148\" srcset=\"https:\/\/www.infokuryr.cz\/n\/wp-content\/uploads\/2022\/12\/1-PRO-300x36.jpg 300w, https:\/\/www.infokuryr.cz\/n\/wp-content\/uploads\/2022\/12\/1-PRO.jpg 699w\" sizes=\"(max-width: 1233px) 100vw, 1233px\" \/><\/p>\n<p>&nbsp;<\/p>\n","protected":false},"excerpt":{"rendered":"<p>Zat\u010den\u00ed m\u00edstop\u0159edsedkyn\u011b Evropsk\u00e9ho parlamentu Evy Kailiov\u00e9 dokl\u00e1d\u00e1 tvorbu politiky v\u00a0Evropsk\u00e9 komisi a Evropsk\u00e9m parlamentu. Bruselu&#8230;<\/p>\n","protected":false},"author":2,"featured_media":870,"comment_status":"closed","ping_status":"closed","sticky":false,"template":"","format":"standard","meta":[],"categories":[6],"tags":[1042,41,1061,29,207],"_links":{"self":[{"href":"https:\/\/www.infokuryr.cz\/n\/wp-json\/wp\/v2\/posts\/19657"}],"collection":[{"href":"https:\/\/www.infokuryr.cz\/n\/wp-json\/wp\/v2\/posts"}],"about":[{"href":"https:\/\/www.infokuryr.cz\/n\/wp-json\/wp\/v2\/types\/post"}],"author":[{"embeddable":true,"href":"https:\/\/www.infokuryr.cz\/n\/wp-json\/wp\/v2\/users\/2"}],"replies":[{"embeddable":true,"href":"https:\/\/www.infokuryr.cz\/n\/wp-json\/wp\/v2\/comments?post=19657"}],"version-history":[{"count":0,"href":"https:\/\/www.infokuryr.cz\/n\/wp-json\/wp\/v2\/posts\/19657\/revisions"}],"wp:featuredmedia":[{"embeddable":true,"href":"https:\/\/www.infokuryr.cz\/n\/wp-json\/wp\/v2\/media\/870"}],"wp:attachment":[{"href":"https:\/\/www.infokuryr.cz\/n\/wp-json\/wp\/v2\/media?parent=19657"}],"wp:term":[{"taxonomy":"category","embeddable":true,"href":"https:\/\/www.infokuryr.cz\/n\/wp-json\/wp\/v2\/categories?post=19657"},{"taxonomy":"post_tag","embeddable":true,"href":"https:\/\/www.infokuryr.cz\/n\/wp-json\/wp\/v2\/tags?post=19657"}],"curies":[{"name":"wp","href":"https:\/\/api.w.org\/{rel}","templated":true}]}}