{"id":19652,"date":"2022-12-14T01:14:38","date_gmt":"2022-12-14T00:14:38","guid":{"rendered":"http:\/\/www.infokuryr.cz\/n\/?p=19652"},"modified":"2022-12-13T17:57:13","modified_gmt":"2022-12-13T16:57:13","slug":"pavel-rychetsky-na-strazi-demokracie-aneb-velke-pokrytectvi","status":"publish","type":"post","link":"https:\/\/www.infokuryr.cz\/n\/2022\/12\/14\/pavel-rychetsky-na-strazi-demokracie-aneb-velke-pokrytectvi\/","title":{"rendered":"Pavel Rychetsk\u00fd na str\u00e1\u017e\u00ed demokracie aneb velk\u00e9 pokrytectv\u00ed"},"content":{"rendered":"<div id=\"fb-root\"><\/div>\n<p><strong>\u0160\u00e9f \u00dastavn\u00edho soudu JUDr. Pavel Rychetsk\u00fd projevil ve sv\u00e9m sou\u010dasn\u00e9m interview velmi dojemnou starost o\u00a0na\u0161\u00ed demokracii v\u00fdrokem o\u00a0tom, \u017ee v\u00a0sou\u010dasnosti nen\u00ed snad mo\u017en\u00e9, aby funkci ministersk\u00e9ho p\u0159edsedy vykon\u00e1val n\u011bkdo s\u00a0takovou minulost\u00ed jako Babi\u0161.<\/strong><\/p>\n<p>Z jeho vyj\u00e1d\u0159en\u00ed m\u00e1 z\u0159ejm\u011b vypl\u00fdvat, \u017ee jeho \u010dlenstv\u00ed v\u00a0KS\u010c a\u00a0\u00fa\u010dast jeho rodiny na justi\u010dn\u00edch vra\u017ed\u00e1ch pades\u00e1t\u00fdch let nep\u0159ek\u00e1\u017e\u00ed v\u00fdkonu funkce \u0161\u00e9fa \u00dastavn\u00edho soudu \u201cdemokratick\u00e9\u201d \u010cesk\u00e9 republiky.<\/p>\n<p>Pavel Rychetsk\u00fd poch\u00e1z\u00ed z\u00a0ultra komunistick\u00e9 pr\u00e1vnick\u00e9 rodiny, po\u017e\u00edvaj\u00edc\u00ed absolutn\u00ed d\u016fv\u011bru komunistick\u00e9 internacion\u00e1ly \u2013 Kominterny. P\u016fsoben\u00ed pr\u00e1vn\u00ed kancel\u00e1\u0159e Josefa a\u00a0Evy Rychetsk\u00fdch za nacion\u00e1ln\u011b-socialistick\u00e9 okupace 1939 \u2013 45 a\u00a0jejich vztah k\u00a0arizaci \u017eidovsk\u00e9ho majetku je zast\u0159en tajemstv\u00edm, stejn\u011b jako v\u00a0p\u0159\u00edpad\u011b rodiny V\u00e1clava Havla a\u00a0mnoh\u00fdch dal\u0161\u00edch.<\/p>\n<p>Matka Pavla Rychetsk\u00e9ho, JUDr. Eva Rychetsk\u00e1, narozen\u00e1 18.09.1912, evidovan\u00e1 Centr\u00e1lou komunistick\u00e9 tajn\u00e9 policie St\u00e1tn\u00ed bezpe\u010dnost jako agentka pro boj s\u00a0vnit\u0159n\u00edm nep\u0159\u00edtelem, \u010d\u00edslo agenturn\u00edho svazku 24239, dokonce pracovala pod veden\u00edm nejvy\u0161\u0161\u00edho pr\u00e1vn\u00edho teoretika komunistick\u00e9ho teroru Viktora Knapa, jinak agenta pra\u017esk\u00e9ho Gestapa a\u00a0po\u00a0roce 1945 pak z\u0159ejm\u011b i\u00a0sov\u011btsk\u00e9 vojensk\u00e9 rozv\u011bdky GRU, v\u00a0pr\u00e1vn\u00edm odboru Kancel\u00e1\u0159e prvn\u00edho komunistick\u00e9ho presidenta Klementa Gottwalda. Tam se aktivn\u011b pod\u00edlela na vra\u017ed\u011bn\u00ed odp\u016frc\u016f komunistick\u00e9 diktatury. Jej\u00ed podpisy najdeme pod zam\u00edtnut\u00fdmi \u017e\u00e1dostmi t\u011bchto lid\u00ed o\u00a0milost p\u0159ed jejich popravou.<\/p>\n<p>Z\u0159ejm\u011b proto byl po\u00a017.listopadu 1989 Pavel Rychetsk\u00fd vybr\u00e1n, aby se stal nejv\u011bt\u0161\u00edm bojovn\u00edkem za tzv.\u00a0\u201epr\u00e1vn\u00ed kontinuitu\u201c polistopadov\u00e9 republiky s\u00a0vra\u017eedn\u00fdm komunistick\u00fdm syst\u00e9mem, \u010d\u00edm\u017e zajistil pod veden\u00edm V\u00e1clava Havla a\u00a0ruku v\u00a0ruce s\u00a0ostatn\u00edmi \u201erevolucion\u00e1\u0159i\u201c ve veden\u00ed Ob\u010dansk\u00e9ho f\u00f3ra, absolutn\u00ed beztrestnost v\u0161em komunistick\u00fdm zlo\u010dinc\u016fm.<\/p>\n<p>Kr\u00e1tce po\u00a0tomto \u00fasp\u011bchu byl JUDr. Pavel Rychetsk\u00fd dosazen do tehdy nejd\u016fle\u017eit\u011bj\u0161\u00ed funkce \u2013 postu Gener\u00e1ln\u00edho prokur\u00e1tora \u010cesk\u00e9 republiky. T\u00edmto byla beztrestnost a\u017e do dne\u0161n\u00edho dne na 100\u00a0% zaru\u010dena.<\/p>\n<p>No vid\u00edte a\u00a0tohle nikdo nevyt\u00e1hne \u2013 pro\u010d???<\/p>\n<p>Hlavn\u011b \u017ee jim Babi\u0161 po\u0159\u00e1d le\u017e\u00ed v\u00a0\u017ealudku!!! Neb\u00fdt Babi\u0161e, tak by nem\u011bli co \u0159e\u0161it. U\u017e jsou t\u00edm trapn\u00ed!!!<\/p>\n<p><em>Autor: Ing.\u00a0<\/em><strong><i>Jan \u017di\u017eka<\/i><\/strong><em>, p\u0159i\u0161lo do redakce internetem<\/em><\/p>\n<p><strong><i>P.S. autora:<\/i><\/strong><em>\u00a0Pokud m\u016f\u017eete po\u0161lete toto dal\u0161\u00edm, aby se alespo\u0148 trochu omezilo neust\u00e1l\u00e9 oblbov\u00e1n\u00ed na\u0161\u00ed ve\u0159ejnosti.<\/em><\/p>\n<p><img decoding=\"async\" loading=\"lazy\" class=\"wp-image-19187 aligncenter\" src=\"http:\/\/www.infokuryr.cz\/n\/wp-content\/uploads\/2022\/12\/1-PRO-300x36.jpg\" alt=\"\" width=\"1250\" height=\"150\" srcset=\"https:\/\/www.infokuryr.cz\/n\/wp-content\/uploads\/2022\/12\/1-PRO-300x36.jpg 300w, https:\/\/www.infokuryr.cz\/n\/wp-content\/uploads\/2022\/12\/1-PRO.jpg 699w\" sizes=\"(max-width: 1250px) 100vw, 1250px\" \/><\/p>\n<p>&nbsp;<\/p>\n","protected":false},"excerpt":{"rendered":"<p>\u0160\u00e9f \u00dastavn\u00edho soudu JUDr. Pavel Rychetsk\u00fd projevil ve sv\u00e9m sou\u010dasn\u00e9m interview velmi dojemnou starost o\u00a0na\u0161\u00ed&#8230;<\/p>\n","protected":false},"author":2,"featured_media":336,"comment_status":"closed","ping_status":"closed","sticky":false,"template":"","format":"standard","meta":[],"categories":[6],"tags":[3001,29,1412,444],"_links":{"self":[{"href":"https:\/\/www.infokuryr.cz\/n\/wp-json\/wp\/v2\/posts\/19652"}],"collection":[{"href":"https:\/\/www.infokuryr.cz\/n\/wp-json\/wp\/v2\/posts"}],"about":[{"href":"https:\/\/www.infokuryr.cz\/n\/wp-json\/wp\/v2\/types\/post"}],"author":[{"embeddable":true,"href":"https:\/\/www.infokuryr.cz\/n\/wp-json\/wp\/v2\/users\/2"}],"replies":[{"embeddable":true,"href":"https:\/\/www.infokuryr.cz\/n\/wp-json\/wp\/v2\/comments?post=19652"}],"version-history":[{"count":0,"href":"https:\/\/www.infokuryr.cz\/n\/wp-json\/wp\/v2\/posts\/19652\/revisions"}],"wp:featuredmedia":[{"embeddable":true,"href":"https:\/\/www.infokuryr.cz\/n\/wp-json\/wp\/v2\/media\/336"}],"wp:attachment":[{"href":"https:\/\/www.infokuryr.cz\/n\/wp-json\/wp\/v2\/media?parent=19652"}],"wp:term":[{"taxonomy":"category","embeddable":true,"href":"https:\/\/www.infokuryr.cz\/n\/wp-json\/wp\/v2\/categories?post=19652"},{"taxonomy":"post_tag","embeddable":true,"href":"https:\/\/www.infokuryr.cz\/n\/wp-json\/wp\/v2\/tags?post=19652"}],"curies":[{"name":"wp","href":"https:\/\/api.w.org\/{rel}","templated":true}]}}