{"id":19629,"date":"2022-12-14T01:00:32","date_gmt":"2022-12-14T00:00:32","guid":{"rendered":"http:\/\/www.infokuryr.cz\/n\/?p=19629"},"modified":"2022-12-13T14:37:04","modified_gmt":"2022-12-13T13:37:04","slug":"v-cine-probehly-vzpominkove-akce-u-prilezitosti-narodniho-dne-ucteni-pamatky-obeti-nankingskeho-masakru","status":"publish","type":"post","link":"https:\/\/www.infokuryr.cz\/n\/2022\/12\/14\/v-cine-probehly-vzpominkove-akce-u-prilezitosti-narodniho-dne-ucteni-pamatky-obeti-nankingskeho-masakru\/","title":{"rendered":"V \u010c\u00edn\u011b prob\u011bhly vzpom\u00ednkov\u00e9 akce u p\u0159\u00edle\u017eitosti N\u00e1rodn\u00edho dne uct\u011bn\u00ed pam\u00e1tky ob\u011bt\u00ed Nankingsk\u00e9ho masakru"},"content":{"rendered":"<div id=\"fb-root\"><\/div>\n<p><span data-spm-anchor-id=\"C01140752918.PGN0TCDk84cd.0.i2\">V \u010c\u00edn\u011b dnes prob\u011bhly vzpom\u00ednkov\u00e9 akce u p\u0159\u00edle\u017eitosti N\u00e1rodn\u00edho dne uct\u011bn\u00ed pam\u00e1tky ob\u011bt\u00ed Nankingsk\u00e9ho masakru.<\/span><\/p>\n<p>Masakr v Nankingu se odehr\u00e1l 13. prosince 1937, kdy japonsk\u00e9 jednotky obsadily m\u011bsto. B\u011bhem \u0161esti t\u00fddn\u016f zabily v\u00edce ne\u017e 300 tis\u00edc \u010d\u00ednsk\u00fdch civilist\u016f a neozbrojen\u00fdch voj\u00e1k\u016f.\u00a0Byla to jedna z nejbarbar\u0161t\u011bj\u0161\u00edch ud\u00e1lost\u00ed druh\u00e9 sv\u011btov\u00e9 v\u00e1lky.<\/p>\n<p data-spm-anchor-id=\"C01140752918.PGN0TCDk84cd.0.i1\">V roce 2014 nejvy\u0161\u0161\u00ed \u010d\u00ednsk\u00fd z\u00e1konod\u00e1rn\u00fd sbor ur\u010dil 13. prosinec N\u00e1rodn\u00edm dnem uct\u011bn\u00ed pam\u00e1tky ob\u011bt\u00ed Nankingsk\u00e9ho masakru, abychom m\u011bli na pam\u011bti nejtemn\u011bj\u0161\u00ed historii a v\u00e1\u017eili si t\u011b\u017ece vydobyt\u00e9ho m\u00edru.<\/p>\n<p data-spm-anchor-id=\"C01140752918.PGN0TCDk84cd.0.i1\"><img decoding=\"async\" loading=\"lazy\" class=\"alignnone size-full wp-image-1185\" src=\"http:\/\/www.infokuryr.cz\/n\/wp-content\/uploads\/2021\/04\/kuryr-podpis.png\" alt=\"\" width=\"84\" height=\"24\" \/><\/p>\n<p data-spm-anchor-id=\"C01140752918.PGN0TCDk84cd.0.i1\"><img decoding=\"async\" loading=\"lazy\" class=\"wp-image-19187 aligncenter\" src=\"http:\/\/www.infokuryr.cz\/n\/wp-content\/uploads\/2022\/12\/1-PRO-300x36.jpg\" alt=\"\" width=\"1208\" height=\"145\" srcset=\"https:\/\/www.infokuryr.cz\/n\/wp-content\/uploads\/2022\/12\/1-PRO-300x36.jpg 300w, https:\/\/www.infokuryr.cz\/n\/wp-content\/uploads\/2022\/12\/1-PRO.jpg 699w\" sizes=\"(max-width: 1208px) 100vw, 1208px\" \/><\/p>\n<p data-spm-anchor-id=\"C01140752918.PGN0TCDk84cd.0.i1\">\n","protected":false},"excerpt":{"rendered":"<p>V \u010c\u00edn\u011b dnes prob\u011bhly vzpom\u00ednkov\u00e9 akce u p\u0159\u00edle\u017eitosti N\u00e1rodn\u00edho dne uct\u011bn\u00ed pam\u00e1tky ob\u011bt\u00ed Nankingsk\u00e9ho masakru&#8230;.<\/p>\n","protected":false},"author":2,"featured_media":19630,"comment_status":"closed","ping_status":"closed","sticky":false,"template":"","format":"standard","meta":[],"categories":[7],"tags":[30,105,4016,871,801],"_links":{"self":[{"href":"https:\/\/www.infokuryr.cz\/n\/wp-json\/wp\/v2\/posts\/19629"}],"collection":[{"href":"https:\/\/www.infokuryr.cz\/n\/wp-json\/wp\/v2\/posts"}],"about":[{"href":"https:\/\/www.infokuryr.cz\/n\/wp-json\/wp\/v2\/types\/post"}],"author":[{"embeddable":true,"href":"https:\/\/www.infokuryr.cz\/n\/wp-json\/wp\/v2\/users\/2"}],"replies":[{"embeddable":true,"href":"https:\/\/www.infokuryr.cz\/n\/wp-json\/wp\/v2\/comments?post=19629"}],"version-history":[{"count":1,"href":"https:\/\/www.infokuryr.cz\/n\/wp-json\/wp\/v2\/posts\/19629\/revisions"}],"predecessor-version":[{"id":19631,"href":"https:\/\/www.infokuryr.cz\/n\/wp-json\/wp\/v2\/posts\/19629\/revisions\/19631"}],"wp:featuredmedia":[{"embeddable":true,"href":"https:\/\/www.infokuryr.cz\/n\/wp-json\/wp\/v2\/media\/19630"}],"wp:attachment":[{"href":"https:\/\/www.infokuryr.cz\/n\/wp-json\/wp\/v2\/media?parent=19629"}],"wp:term":[{"taxonomy":"category","embeddable":true,"href":"https:\/\/www.infokuryr.cz\/n\/wp-json\/wp\/v2\/categories?post=19629"},{"taxonomy":"post_tag","embeddable":true,"href":"https:\/\/www.infokuryr.cz\/n\/wp-json\/wp\/v2\/tags?post=19629"}],"curies":[{"name":"wp","href":"https:\/\/api.w.org\/{rel}","templated":true}]}}