{"id":19627,"date":"2022-12-13T04:20:37","date_gmt":"2022-12-13T03:20:37","guid":{"rendered":"http:\/\/www.infokuryr.cz\/n\/?p=19627"},"modified":"2022-12-13T05:18:48","modified_gmt":"2022-12-13T04:18:48","slug":"nedelnik-adama-b-bartose-113-tohle-snad-nemuze-byt-pravda-vracime-se-do-19-stoleti","status":"publish","type":"post","link":"https:\/\/www.infokuryr.cz\/n\/2022\/12\/13\/nedelnik-adama-b-bartose-113-tohle-snad-nemuze-byt-pravda-vracime-se-do-19-stoleti\/","title":{"rendered":"NED\u011aLN\u00cdK ADAMA B. BARTO\u0160E (113) TOHLE SNAD NEM\u016e\u017dE B\u00ddT PRAVDA\u2026 VRAC\u00cdME SE DO 19. STOLET\u00cd?"},"content":{"rendered":"<div id=\"fb-root\"><\/div>\n<p><strong>P\u0159i \u010dten\u00ed ned\u00e1vn\u00e9 zpr\u00e1vy z N\u011bmecka jsem si vzpomn\u011bl na klasick\u00fd vtip: Kolik policajt\u016f je pot\u0159eba na v\u00fdm\u011bnu \u017e\u00e1rovky? Jeden\u00e1ct. Jeden si vleze na st\u016fl, \u010dty\u0159i t\u00edm stolem to\u010d\u00ed, dal\u0161\u00ed \u010dty\u0159i chod\u00ed okolo nich, aby se jim nezamotala hlava, jeden hl\u00edd\u00e1 u dve\u0159\u00ed, jestli u\u017e nejde proud, a jeden tomu v\u0161emu vel\u00ed\u2026<\/strong><br \/>\n<span id=\"more-13324\"><\/span><br \/>\nA co bylo tou zpr\u00e1vou, kter\u00e1 mi tento vtip p\u0159ipomn\u011bla? Olb\u0159\u00edm\u00ed razie proti nepohodln\u00fdm ob\u010dan\u016fm, za\u010dast\u00e9 i d\u016fchodc\u016fm, kte\u0159\u00ed nesouhlas\u00ed s politikou n\u011bmeck\u00e9 vl\u00e1dy. Dozv\u011bd\u011bli jsme se toti\u017e, \u017ee \u201eza \u00fa\u010dasti p\u0159ibli\u017en\u011b t\u0159\u00ed tis\u00edc policist\u016f bylo zat\u010deno 25 osob\u201c (tak to skute\u010dn\u011b psali na tituln\u00ed str\u00e1nce L\u017eidovek). Jednoduch\u00fdm v\u00fdpo\u010dtem zjist\u00edme, \u017ee jednu osobu v pr\u016fm\u011bru zat\u00fdkalo 120 policist\u016f. Kdy\u017e zat\u00fdkali mne, bylo jich na mne asi deset. Ale 120? To ti vzadu ani nemohli nic vid\u011bt\u2026<\/p>\n<p>Ale dost legrace, tohle toti\u017e \u017e\u00e1dn\u00e1 legrace nen\u00ed. Nejde jen o to, co se stalo v N\u011bmecku, ale \u017ee je velmi pravd\u011bpodobn\u00e9, \u017ee se tyto man\u00fdry, jak vyst\u0159i\u017een\u00e9 z pades\u00e1t\u00fdch let, mohou velice rychle a snadno zkop\u00edrovat i k n\u00e1m. Novodob\u00e1 historiografie se sna\u017e\u00ed \u2013 se\u010d m\u016f\u017ee \u2013 vyvinit Rudolfa Sl\u00e1nsk\u00e9ho z jeho zlo\u010din\u016f a u\u010dinit z n\u011bj ob\u011b\u0165 justi\u010dn\u00ed zv\u016fle a totalitn\u00edch praktik komunistick\u00e9 st\u00e1tn\u00ed bezpe\u010dnosti, ale \u017ee se sou\u010dasn\u00e1 ideopolicie chov\u00e1 velmi podobn\u011b, to nikomu evidentn\u011b nevad\u00ed. Dosud zat\u00fdkala jen p\u011b\u0161\u00e1ky, kte\u0159\u00ed liber\u00e1ln\u011b-demokratick\u00fd re\u017eim rozvraceli nekoordinovan\u00fdmi v\u00fdk\u0159iky na facebooku (v N\u011bmecku, u n\u00e1s\u2026), ale te\u010f jde po \u201ehlavounech\u201c, organiz\u00e1torech spiknut\u00ed, \u0161lechtic\u00edch apod. (v N\u011bmecku, ale mo\u017eno brzy i u n\u00e1s\u2026). Je\u0161t\u011b, \u017ee je u n\u00e1s t\u00e9m\u011b\u0159 ve\u0161ker\u00e1 \u0161lechta nalezl\u00e1 do TOP09, jinak by se aristokrat\u00e9 mohli za\u010d\u00edt b\u00e1t\u2026<\/p>\n<p>Ale o tom jsem dnes necht\u011bl ps\u00e1t. Cht\u011bl jsem ps\u00e1t o n\u011b\u010dem, co je podobn\u011b hr\u016fzn\u00e9 a za co m\u016f\u017ee rovn\u011b\u017e liber\u00e1ln\u011b-demokratick\u00fd re\u017eim, proto\u017ee za toho minul\u00e9ho se nic takov\u00e9ho ned\u011blo. A sice, \u017ee lid\u00e9 nemaj\u00ed na elekt\u0159inu a mrznou. B\u00fdval\u00e9mu re\u017eimu m\u016f\u017eeme vyt\u00fdkat v\u0161elicos, nap\u0159\u00edklad ony praktiky z pades\u00e1t\u00fdch let, ale \u017ee by d\u016fchodci mrzli, to se p\u0159ed rokem 1989 ned\u011blo. Maxim\u00e1ln\u011b byla zima z d\u016fvodu z\u00e1sahu vy\u0161\u0161\u00ed moci, kdy\u017e nap\u0159\u00edklad zamrzlo uhl\u00ed ve vagonech. Milion\u016fm lid\u00ed ale komunist\u00e9 zajistili such\u00e9 a vyt\u00e1p\u011bn\u00e9 byty v panel\u00e1c\u00edch, kde tekla tepl\u00e1 voda oto\u010den\u00edm kohoutku, co\u017e pro mnoh\u00e9 byl tak trochu z\u00e1zrak a do t\u00e9 doby nev\u00eddan\u00fd luxus. Nemohlo se st\u00e1t, \u017ee by lid\u00e9 nem\u011bli na elekt\u0159inu \u010di energie obecn\u011b. V\u017edy\u0165 na tom byl komunismus postaven. Jak jsem tu u\u017e kdysi vzpom\u00ednal, rusk\u00fd bol\u0161evismus st\u00e1l a padal s elektrifikac\u00ed zem\u011b. Liber\u00e1ln\u011b-demokratick\u00fd re\u017eim v\u0161ak zdra\u017eil elekt\u0159inu tak, \u017ee si ji dnes oby\u010dejn\u00fd \u010dlov\u011bk, oby\u010dejn\u00e9 dom\u00e1cnosti t\u00e9m\u011b\u0159 nemohou dovolit. Vrac\u00edme se do 19. stolet\u00ed?<\/p>\n<p>Jist\u011b, trochu to zjednodu\u0161uji. Nap\u0159\u00edklad j\u00e1 s\u00e1m poch\u00e1z\u00edm z mal\u00e9ho m\u011bsta a v\u00edm, \u017ee nikdy nebylo nic jednoduch\u00e9. Za\u010d\u00ednaj\u00edc\u00ed rodina to nem\u011bla lehk\u00e9 tuplem. Ne\u017e dostali rodi\u010de byt, ve kter\u00e9m se dalo dob\u0159e bydlet, trochu to trvalo a museli si dokonce st\u011b\u017eovat Hus\u00e1kovi. Druh\u00fd byt byl o pozn\u00e1n\u00ed lep\u0161\u00ed, ale \u017e\u00e1dn\u00e9 \u00fast\u0159edn\u00ed topen\u00ed tam nebylo (ostatn\u011b, na na\u0161em malom\u011bst\u011b nebyly \u017e\u00e1dn\u00e9 panel\u00e1ky). Byl to byt ve star\u00e9 budov\u011b b\u00fdval\u00e9ho prvorepublikov\u00e9ho o\u010dn\u00edho sanatoria, tak\u017ee v zim\u011b se tam topilo kamny na uhl\u00ed, a to jen v n\u011bkter\u00fdch m\u00edstnostech. A kdy\u017e ude\u0159ily t\u0159eskut\u00e9 mrazy, \u017eili jsme v podstat\u011b v jedn\u00e9 spole\u010dn\u00e9 m\u00edstnosti (ob\u00fdvac\u00edm pokoji), kde se topilo, proto\u017ee ve v\u0161ech se topit nedalo. Pro uhl\u00ed t\u00e1ta chodil do prot\u011bj\u0161\u00ed k\u016flny. Tak si to pamatuji. To byla osmdes\u00e1t\u00e1 l\u00e9ta, ve kter\u00fdch jsem vyr\u016fstal. Pokud to n\u011bkde nebylo jednoduch\u00e9, nebyl to z\u00e1m\u011br re\u017eimu: \u017ee by cht\u011bl po lidech \u0161lapat a sd\u00edrat je z k\u016f\u017ee, jako dnes. Naopak, sna\u017eil se jim zajistit slu\u0161nou existenci, aby nereptali \u2013 viz ony Havlem vysm\u00edvan\u00e9 panel\u00e1ky. A napsal-li jsem v\u00fd\u0161e, \u017ee za\u010d\u00ednaj\u00edc\u00ed rodiny to nem\u011bly lehk\u00e9 (za\u010d\u00ednaj\u00edc\u00ed rodiny to nemaj\u00ed lehk\u00e9 nikdy), tak z\u00e1rove\u0148 plat\u00ed, \u017ee se st\u00e1t tehdy (na rozd\u00edl od toho dne\u0161n\u00edho) za\u010d\u00ednaj\u00edc\u00edm rodin\u00e1m sna\u017eil pom\u00e1hat. Bez\u00faro\u010dn\u00e9 p\u016fj\u010dky apod. V dne\u0161n\u00edm lichv\u00e1\u0159sk\u00e9m sv\u011bt\u011b ovl\u00e1dan\u00e9m bankstery v\u011bc nev\u00eddan\u00e1\u2026<\/p>\n<p>Kdy\u017e ud\u011bl\u00e1m st\u0159ih do sou\u010dasnosti, \u017eiji se svou rodinou v n\u00e1jmu v jedn\u00e9 star\u00e9 pra\u017esk\u00e9 vile (je star\u0161\u00ed ne\u017e \u010deskoslovensk\u00fd st\u00e1t, ale vypad\u00e1 st\u00e1le dob\u0159e, ba v\u00fdte\u010dn\u011b). Star\u00e9 budovy m\u00e1m r\u00e1d, v\u017edy mne zaj\u00edmala architektura. Ale m\u00e1 to i sv\u00e9 nev\u00fdhody. Vysok\u00e9 stropy apod. V zim\u011b \u017e\u00e1dn\u00e1 velk\u00e1 hitpar\u00e1da. Dnes bych sice rad\u011bji topil uhl\u00edm nebo sp\u00ed\u0161e d\u0159evem (jako m\u016fj t\u00e1ta v dob\u011b m\u00e9ho d\u011btstv\u00ed), ale to u\u017e moc nejde, bytn\u00e1 by to nav\u00edc ani nedovolila. Zkuste si dnes v Praze \u010doudit z kom\u00edna. Top\u00edme elekt\u0159inou, elektrick\u00fdm kotlem a n\u011bkde m\u00e1me p\u0159\u00edmotopy. Cel\u00e9 ty roky, co tu bydl\u00edme, jsme to \u0159e\u0161ili. Ka\u017ed\u00fd rok: v\u00fd\u0161i z\u00e1loh, doplatky, \u0161et\u0159en\u00ed, jak se d\u00e1. U\u017e roky nos\u00edm v zim\u011b termopr\u00e1dlo, tak\u017ee politika dvou svetr\u016f nen\u00ed pro mne \u017e\u00e1dn\u00e9 objeven\u00ed Ameriky. D\u00e1 se \u0159\u00edci, \u017ee jsem \u201eproti Putinovi bojoval\u201c u\u017e p\u0159ed v\u00e1lkou \u2013 sv\u00fdm termopr\u00e1dlem. I p\u0159es \u0161et\u0159en\u00ed a termopr\u00e1dlo jsme ale v\u017edy platili p\u011bkn\u00e9 p\u00e1lky. A v\u011bt\u0161inou dopl\u00e1celi. Te\u010f n\u00e1m to zvedli na dvojn\u00e1sobek, m\u00edsto sedmi tis\u00edc m\u011bs\u00ed\u010dn\u011b budu za elekt\u0159inu platit \u010dtrn\u00e1ct. Tak\u017ee se bydlen\u00ed zde za t\u011bchto okolnost\u00ed za\u010d\u00edn\u00e1 st\u00e1vat ne\u00fanosn\u00fdm a kdyby \u010dlov\u011bk nebyl v\u00e1z\u00e1n r\u016fzn\u00fdmi povinnostmi k Praze, u\u017e d\u00e1vno bych byl n\u011bkde na venkov\u011b a topil si tam v kamnech podle sv\u00e9ho gusta. Co v\u00e1m budu \u0159\u00edkat \u2013 jsem na\u0161tv\u00e1n jako v\u0161ichni ostatn\u00ed a do budoucna se ned\u00edv\u00e1m s \u017e\u00e1dn\u00fdm velk\u00fdm optimismem. Nejsem t\u00edm zasko\u010den, \u010dekal jsem to u\u017e rok a te\u010f to p\u0159i\u0161lo. Budeme se muset n\u011bjak uskromnit a \u0161et\u0159it je\u0161t\u011b v\u00edce a n\u011bjak to zvl\u00e1dneme. Budeme muset. Ale co lid\u00e9, kte\u0159\u00ed u\u017e \u0161et\u0159it nemaj\u00ed z \u010deho? D\u016fchodci? Matky samo\u017eivitelky?<\/p>\n<p>A t\u00edm se dost\u00e1v\u00e1m k tomu, o \u010dem jsem cht\u011bl ps\u00e1t. I j\u00e1 jdu ob\u010das na Vidl\u00e1ka. A p\u0159izn\u00e1m se, \u017ee jeho ned\u011bln\u00ed \u010dl\u00e1nek mne \u0161okoval. V m\u00e9di\u00edch se o tom nic nep\u00ed\u0161e, tak\u017ee pokud je to pravda, je to pro \u010dlov\u011bka d\u011bsiv\u00e9 \u010dten\u00ed \u2013 energetick\u00e9 spole\u010dnosti pr\u00fd masivn\u011b lidem odpojuj\u00ed elektrom\u011bry, nebo-li \u2013 odst\u0159ih\u00e1vaj\u00ed je od elekt\u0159iny, kdy\u017e u\u017e tito nejsou astronomick\u00e9 ceny schopni platit. V\u011bd\u011bli jsme, \u017ee se to bude d\u00edt, p\u0159ipravuj\u00ed n\u00e1s na to u\u017e od ledna minul\u00e9ho roku, kdy s t\u00edm ve sv\u00e9m novoro\u010dn\u00e9m projevu vystoupil premi\u00e9r H\u0148up. Ale m\u00e9dia o tom ml\u010d\u00ed \u2013 m\u00e9dia n\u00e1s d\u011bsila covidem, proto\u017ee to byl smysl a c\u00edl. Letos n\u00e1s d\u011bs\u00ed Putinem, proto\u017ee to je smysl a c\u00edl. Ale popisovat, \u017ee lid\u00e9 nemaj\u00ed na elekt\u0159inu, to se jaksi vl\u00e1d\u011b nehod\u00ed do kr\u00e1mu, proto si o tom nep\u0159e\u010dtete. A kdy\u017e si o tom p\u0159e\u010dtete u Vidl\u00e1ka, kde to pr\u00fd p\u0159izn\u00e1v\u00e1 jak\u00fdsi elektrik\u00e1\u0159-insider z jedn\u00e9 nejmenovan\u00e9 energetick\u00e9 spole\u010dnosti, \u00fapln\u011b v\u00e1s zamraz\u00ed \u2013 ne zimou, ale hr\u016fzou z toho, kde to \u017eijeme \u2013 pokud je to ostatn\u011b pravda.<\/p>\n<p>Ale i kdyby to pravda nebyla te\u010f, m\u016f\u017ee se n\u011bco takov\u00e9ho lehce st\u00e1t v budoucnu. Jsme ve v\u00e1lce. Ale ne ve v\u00e1lce s Putinem, ale ve v\u00e1lce, kterou n\u00e1m, ob\u010dan\u016fm, vyhl\u00e1sil n\u00e1\u0161 vlastn\u00ed premi\u00e9r H\u0148up. Paradoxem je, \u017ee tuto v\u00e1lku nevyhl\u00e1sil jen t\u011bm, kte\u0159\u00ed jsou proti n\u011bmu ideov\u011b vyhran\u011bn\u00ed, on ji vyhl\u00e1sil v\u0161em. Dokonce i t\u011bm, kte\u0159\u00ed ho t\u0159eba volili a kte\u0159\u00ed ho maj\u00ed r\u00e1di. Ale te\u010f najednou zji\u0161\u0165uj\u00ed, \u017ee nemaj\u00ed pen\u00edze na slo\u017eenky. Venkov si v\u017edy n\u011bjak porad\u00ed, tam se v\u017edy dbalo na sob\u011bsta\u010dnost. Ale jsem zv\u011bdav, jak tohle rozchod\u00ed v\u0161ichni ti havlist\u00e9, pravdol\u00e1ska\u0159i a srd\u00ed\u010dkov\u00ed lid\u00e9 z velk\u00fdch m\u011bst (p\u0159edev\u0161\u00edm z Prahy), proto\u017ee ne v\u0161ichni makaj\u00ed jako mana\u017ee\u0159i v korpor\u00e1tu, v neziskovk\u00e1ch \u010di na \u00fa\u0159adech. Tohle odnesou i oni. Premi\u00e9rovi jsme \u00fapln\u011b u prdele \u2013 a jsou mu u prdele i jeho vlastn\u00ed voli\u010di. Navenek sice \u0159\u00edk\u00e1, \u017ee \u201enikoho nenech\u00e1 padnout\u201c, ale \u010din\u00ed prav\u00fd opak. Slou\u017e\u00ed korporac\u00edm, slou\u017e\u00ed N\u011bmecku, slou\u017e\u00ed Spojen\u00fdm st\u00e1t\u016fm a ka\u0161le na vlastn\u00ed lid. A\u0165 jde \u2013 s prominut\u00edm \u2013 do prdele on a cel\u00e1 jeho zkurven\u00e1 vl\u00e1da\u2026<\/p>\n<p>Mo\u017en\u00e1 si Vidl\u00e1k vym\u00fd\u0161l\u00ed, aby jeho \u010dl\u00e1nky byly zaj\u00edmav\u011bj\u0161\u00ed. Mo\u017en\u00e1 si vym\u00fd\u0161lel elektrik\u00e1\u0159, kter\u00fd mu to vypr\u00e1v\u011bl. N\u011bkdo nam\u00edtne, \u017ee to nen\u00ed pravda, \u017ee je to n\u011bjak\u00fd hoax. No tak uvid\u00edme. To se d\u00e1 zjistit snadno. Pokud je to hoax, pozn\u00e1me to podle toho, \u017ee se nic takov\u00e9ho nikde ned\u011bje, nikde se nep\u0159ihl\u00e1s\u00ed nikdo, kdo by to potvrdil. Ale pokud je to tak masivn\u00ed proces, jak je v jeho \u010dl\u00e1nku popisov\u00e1no, tak i to, \u017ee o tom m\u00e9dia ml\u010d\u00ed, nebude sta\u010dit. D\u0159\u00edve nebo pozd\u011bji se to za\u010dne \u0161\u00ed\u0159it a praskne to.<\/p>\n<p>Premi\u00e9r H\u0148up m\u00e1 ur\u010dit\u011b sign\u00e1ly o v\u0161em. J\u00e1 ne. Ale ud\u011bl\u00e1m maximum pro to, abych si to ov\u011b\u0159il. A pokud to tak skute\u010dn\u011b je, mus\u00edme s t\u00edm n\u011bco ud\u011blat. U\u017e te\u010f ale v\u00edm, \u017ee pokud j\u00e1 \u2013 v produktivn\u00edm v\u011bku a s man\u017eelkou v produktivn\u00edm v\u011bku \u2013 budeme m\u00edt co d\u011blat, abychom ob\u0159\u00ed H\u0148upovy slo\u017eenky zaplatili, pak se v\u016fbec nediv\u00edm, \u017ee lid\u00e9, kte\u0159\u00ed \u017eijou t\u0159eba sami a jsou odk\u00e1z\u00e1ni pouze na r\u016fzn\u00e9 d\u00e1vky (d\u016fchody, mate\u0159skou apod.) to absolutn\u011b nemohou zvl\u00e1dnout. To, \u017ee se jim odpoj\u00ed elektrom\u011br a z\u016fstanou bez proudu, je pak jen dal\u0161\u00ed logick\u00fd krok. Nebo pan premi\u00e9r H\u0148up m\u016f\u017ee vylou\u010dit, \u017ee by se n\u011bco takov\u00e9ho mohlo d\u00edt nebo mohlo st\u00e1t?<\/p>\n<p>Tak\u017ee \u2013 dost\u00e1v\u00e1m se k z\u00e1v\u011bru. Cht\u011bl bych poprosit v\u0161echny, kte\u0159\u00ed maj\u00ed podobn\u00e9 informace, aby mi napsali (na info@narodnidemokracie.cz). Pokud o tom v\u00edte, pokud to m\u016f\u017eete potvrdit, pokud m\u00e1te n\u011bkoho zn\u00e1m\u00e9ho nebo pokud se v\u00e1m to dokonce stalo \u010di v\u00e1m to hroz\u00ed, napi\u0161te n\u00e1m do N\u00e1rodn\u00ed demokracie. Pokud chce n\u011bjak\u00fd zam\u011bstnanec energetick\u00e9 spole\u010dnosti (samoz\u0159ejm\u011b anonymn\u011b) o t\u00e9to praxi promluvit, napi\u0161te n\u00e1m do N\u00e1rodn\u00ed demokracie. Mus\u00edme tyto p\u0159\u00edb\u011bhy ov\u011b\u0159it, shrom\u00e1\u017edit je a mus\u00edme o nich za\u010d\u00edt mluvit a zve\u0159ej\u0148ovat je, pokud se to opravdu d\u011bje. Mus\u00edme vytvo\u0159it tlak na m\u00e9dia a na politiky, aby v\u011bd\u011bli, \u017ee ty sv\u00e9 pr\u016fsery neututlaj\u00ed a \u017ee je budou muset \u0159e\u0161it. A bu\u010f je vy\u0159e\u0161\u00ed oni sami, kte\u0159\u00ed za n\u011b mohou, a nebo p\u016fjdou od v\u00e1lu a bude je \u0159e\u0161it n\u011bjak\u00e1 nov\u00e1 vl\u00e1da.<br \/>\nZa sebe \u0159\u00edk\u00e1m, \u017ee se tomuto t\u00e9matu chci v\u011bnovat a d\u00e1m k dispozici v\u0161echny hlavy a ruce, kter\u00e9 m\u00e1me v N\u00e1rodn\u00ed demokracii a mezi na\u0161imi podporovateli a p\u0159\u00edznivci, abychom s t\u00edm n\u011bco ud\u011blali. Vyz\u00fdv\u00e1m tak\u00e9 alternativn\u00ed m\u00e9dia, zvl\u00e1\u0161t\u011b ta, kter\u00e1 jsou schopn\u00e1 n\u011bjak\u00e9 investigativn\u00ed \u010dinnosti, aby n\u00e1m s t\u00edm pomohla. Popsat a zdokumentovat ten probl\u00e9m a pak naj\u00edt \u0159e\u0161en\u00ed. \u0158e\u0161en\u00ed samoz\u0159ejm\u011b mus\u00ed p\u0159ij\u00edt na vl\u00e1dn\u00ed \u00farovni, ale m\u011bli bychom zajistit i do\u010dasn\u00e9 \u0159e\u0161en\u00ed, ne\u017e dojde k tomu vl\u00e1dn\u00edmu.<\/p>\n<p>Nikoho nesm\u00edme nechat padnout. \u017d\u00e1dn\u00fd d\u016fchodce, \u017e\u00e1dn\u00e1 mamina s d\u011btmi, \u017e\u00e1dn\u00e1 rodina nem\u016f\u017ee p\u0159ij\u00edt o elekt\u0159inu jen kv\u016fli zaprodanosti \u010desk\u00e9 vl\u00e1dy a nena\u017eranosti z\u00e1padn\u00edch akcion\u00e1\u0159\u016f. Nikoho nesm\u00edme nechat padnout \u2013 a proto mus\u00ed padnout tato vl\u00e1da.<\/p>\n<p>Proto: Vlasti zdar, H\u0148upov\u011b vl\u00e1d\u011b zmar!<\/p>\n<p><em>Adam B. Barto\u0161<\/em><br \/>\n<em>p\u0159edseda N\u00e1rodn\u00ed demokracie<\/em><\/p>\n<p><img decoding=\"async\" loading=\"lazy\" class=\"alignnone size-full wp-image-678\" src=\"http:\/\/www.infokuryr.cz\/n\/wp-content\/uploads\/2021\/04\/narodni_demokracie_logo.jpg\" alt=\"\" width=\"300\" height=\"85\" \/><\/p>\n<p>____________________________<\/p>\n<p>&nbsp;<\/p>\n<p><img decoding=\"async\" loading=\"lazy\" class=\"wp-image-19187 aligncenter\" src=\"http:\/\/www.infokuryr.cz\/n\/wp-content\/uploads\/2022\/12\/1-PRO-300x36.jpg\" alt=\"\" width=\"1208\" height=\"145\" srcset=\"https:\/\/www.infokuryr.cz\/n\/wp-content\/uploads\/2022\/12\/1-PRO-300x36.jpg 300w, https:\/\/www.infokuryr.cz\/n\/wp-content\/uploads\/2022\/12\/1-PRO.jpg 699w\" sizes=\"(max-width: 1208px) 100vw, 1208px\" \/><\/p>\n<p>&nbsp;<\/p>\n","protected":false},"excerpt":{"rendered":"<p>P\u0159i \u010dten\u00ed ned\u00e1vn\u00e9 zpr\u00e1vy z N\u011bmecka jsem si vzpomn\u011bl na klasick\u00fd vtip: Kolik policajt\u016f je&#8230;<\/p>\n","protected":false},"author":2,"featured_media":19628,"comment_status":"closed","ping_status":"closed","sticky":false,"template":"","format":"standard","meta":[],"categories":[6],"tags":[367,285,29,85],"_links":{"self":[{"href":"https:\/\/www.infokuryr.cz\/n\/wp-json\/wp\/v2\/posts\/19627"}],"collection":[{"href":"https:\/\/www.infokuryr.cz\/n\/wp-json\/wp\/v2\/posts"}],"about":[{"href":"https:\/\/www.infokuryr.cz\/n\/wp-json\/wp\/v2\/types\/post"}],"author":[{"embeddable":true,"href":"https:\/\/www.infokuryr.cz\/n\/wp-json\/wp\/v2\/users\/2"}],"replies":[{"embeddable":true,"href":"https:\/\/www.infokuryr.cz\/n\/wp-json\/wp\/v2\/comments?post=19627"}],"version-history":[{"count":0,"href":"https:\/\/www.infokuryr.cz\/n\/wp-json\/wp\/v2\/posts\/19627\/revisions"}],"wp:featuredmedia":[{"embeddable":true,"href":"https:\/\/www.infokuryr.cz\/n\/wp-json\/wp\/v2\/media\/19628"}],"wp:attachment":[{"href":"https:\/\/www.infokuryr.cz\/n\/wp-json\/wp\/v2\/media?parent=19627"}],"wp:term":[{"taxonomy":"category","embeddable":true,"href":"https:\/\/www.infokuryr.cz\/n\/wp-json\/wp\/v2\/categories?post=19627"},{"taxonomy":"post_tag","embeddable":true,"href":"https:\/\/www.infokuryr.cz\/n\/wp-json\/wp\/v2\/tags?post=19627"}],"curies":[{"name":"wp","href":"https:\/\/api.w.org\/{rel}","templated":true}]}}