{"id":19624,"date":"2022-12-13T04:57:21","date_gmt":"2022-12-13T03:57:21","guid":{"rendered":"http:\/\/www.infokuryr.cz\/n\/?p=19624"},"modified":"2022-12-13T04:57:21","modified_gmt":"2022-12-13T03:57:21","slug":"my-jim-elektrinu-oni-nam-plyn-a-dost-vitaskova-uderila-vlado-rekni-lidem-pravdu-o-lipske-burze","status":"publish","type":"post","link":"https:\/\/www.infokuryr.cz\/n\/2022\/12\/13\/my-jim-elektrinu-oni-nam-plyn-a-dost-vitaskova-uderila-vlado-rekni-lidem-pravdu-o-lipske-burze\/","title":{"rendered":"My jim elekt\u0159inu, oni n\u00e1m plyn? A dost! Vit\u00e1skov\u00e1 ude\u0159ila: Vl\u00e1do, \u0159ekni lidem pravdu o lipsk\u00e9 burze"},"content":{"rendered":"<div id=\"fb-root\"><\/div>\n<p><strong>\u201eByl zprovozn\u011bn dal\u0161\u00ed tranzitn\u00ed plynovod S\u00edla Sibi\u0159e do \u010c\u00edny. Kontrakt je podeps\u00e1n na t\u0159icet let. Obrovsk\u00fd z\u00e1jem o jejich zemn\u00ed plyn m\u00e1 Indie a spolupr\u00e1ce v\u00a0tomto sm\u011bru prob\u00edh\u00e1. Uboh\u00e1 Evropa si neuv\u011bdomuje, co \u010din\u00ed,\u201c varuje Alena Vit\u00e1skov\u00e1, odbornice na energetiku a b\u00fdval\u00e1 p\u0159edsedkyn\u011b Energetick\u00e9ho regula\u010dn\u00edho \u00fa\u0159adu. Trv\u00e1 na tom, \u017ee sou\u010dasn\u00e1 krize poch\u00e1z\u00ed z\u00a0\u00famyslu n\u011bkoho na tom vyd\u011bl\u00e1vat, nikoliv z\u00a0v\u00e1le\u010dn\u00e9ho konfliktu nebo z nedostatku plynu. A vl\u00e1d\u011b doporu\u010duje do\u0161l\u00e1pnout si na \u010cEZ.<\/strong><\/p>\n<p><strong>Francouzsk\u00fd prezident Emmanuel Macron uvedl v\u00a0rozhovoru pro americkou TV stanici CBS, \u017ee Evropa plat\u00ed 6\u00d7 v\u00edce za plyn a ropu ne\u017e Ameri\u010dan\u00e9, kter\u00e9 je sem dod\u00e1vaj\u00ed, a \u017ee USA na v\u00e1lce vyd\u011bl\u00e1vaj\u00ed, ale n\u00e1klady nesou nepom\u011brn\u011b ni\u017e\u0161\u00ed. Zm\u00ednil tak\u00e9, \u017ee zabij\u00e1kem pro Evropu jsou dotace, kter\u00e9 USA poskytuj\u00ed sv\u00e9mu pr\u016fmyslu. M\u00e1 pravdu?<\/strong><\/p>\n<p>Ano, pan Macron m\u00e1 pravdu. Nav\u00edc, obchod mezi Ruskem a Spojen\u00fdmi st\u00e1ty vzrostl v\u00a0miliard\u00e1ch dolar\u016f nap\u0159\u00edklad n\u00e1kupem strategick\u00fdch surovin \u2013 ropy a LNG. Ur\u010dit\u011b na t\u00e9to strategii ob\u011b velmoci neskute\u010dn\u011b vyd\u011bl\u00e1vaj\u00ed. Kdo prod\u011bl\u00e1v\u00e1, je Evropa. Ale to jsem v\u00a0n\u011bjak\u00e9m rozhovoru opakovan\u011b sd\u011blovala podstatn\u011b d\u0159\u00edve, je\u0161t\u011b p\u0159ed panem Macronem.<\/p>\n<p><strong>Co tedy s\u00a0t\u00edm?<\/strong><\/p>\n<p>Opravdu je t\u011b\u017ek\u00e9 radit, co s\u00a0t\u00edm\u2026 Je to jako h\u00e1zen\u00ed perel svin\u00edm, jak n\u011bkdy pou\u017e\u00edvala tento p\u0159\u00edm\u011br moje babi\u010dka. Evropan\u00e9 pracuj\u00ed na sv\u00e9 destruk\u010dn\u00ed politice a sebezni\u010den\u00ed. To je pak t\u011b\u017ek\u00e9 radit. V\u00a0posledn\u00ed dob\u011b jsme si mohli v\u0161imnout, \u017ee n\u011bkter\u00e9 z\u00a0evropsk\u00fdch st\u00e1t\u016f se d\u00edky sv\u00fdm nov\u00fdm politick\u00fdm struktur\u00e1m sna\u017e\u00ed vymanit ze st\u00e1vaj\u00edc\u00ed nen\u00e1vistn\u00e9\u00a0ideologie a nastavuj\u00ed svoji n\u00e1rodn\u00ed politiku. Bohu\u017eel, mnoz\u00ed jsou pak dehonestov\u00e1ni. Ka\u017ed\u00e1 doba m\u00e1 sv\u00e9 t\u011b\u017ekosti a nejednou se st\u00e1v\u00e1, \u017ee pr\u00e1v\u011b osv\u00edcen\u00ed jsou likvidov\u00e1ni.<\/p>\n<p><strong>\u201eP\u0159iost\u0159en\u00ed mezin\u00e1rodn\u00edch vztah\u016f nem\u00e1 p\u0159\u00edmou souvislost s ohro\u017een\u00edm dod\u00e1vek plynu z\u00a0Ruska. Je to pouze jedna ze z\u00e1minek na zemn\u00edm plynu vyd\u011bl\u00e1vat neskute\u010dn\u00e9 pen\u00edze, a to na \u00fakor astronomick\u00e9ho zvy\u0161ov\u00e1n\u00ed jeho ceny na burze v\u00a0N\u011bmecku s\u00a0dopadem na spot\u0159ebitele,\u201c \u0159ekla jste mi minule. P\u0159esto st\u00e1le sl\u00fdch\u00e1me, \u017ee je to pr\u00e1v\u011b Rusko, kter\u00e9 za sou\u010dasnou krizi a zvy\u0161ov\u00e1n\u00ed cen energi\u00ed m\u016f\u017ee. Jak to?<\/strong><\/p>\n<p>St\u00e1le si stoj\u00edm za t\u00edm, co jsem d\u0159\u00edve \u0159ekla. Jedn\u00e1 se o ideologii, nikoliv o nedostatek zemn\u00edho plynu. Nedostatkov\u00e9 zbo\u017e\u00ed, kter\u00e9 politici z\u00a0plynu vyrobili, vyneslo jeho ceny do astronomick\u00fdch v\u00fd\u0161in a bude t\u011b\u017ek\u00e9 p\u0159im\u011bt obchodn\u00edky, aby se umravnili. Je hloup\u00e9 se domn\u00edvat, \u017ee sv\u011btov\u00e9 plyn\u00e1renstv\u00ed bude fungovat bez strategick\u00e9ho hr\u00e1\u010de, kter\u00fdm je Rusko. Pat\u0159\u00ed mezi sv\u011btov\u00e9 l\u00eddry v\u00a0t\u011b\u017eb\u011b zemn\u00edho plynu, vlastn\u00ed jedny z\u00a0nejv\u011bt\u0161\u00edch lo\u017eisek tohoto energetick\u00e9ho zdroje.<\/p>\n<p>Evropa m\u011bla jednozna\u010dnou energetickou v\u00fdhodu, \u017ee byla napojena na tato lo\u017eiska tranzitn\u00edmi plynovody, co\u017e m\u011blo bezesporu vliv nejen na bezpe\u010dnost dod\u00e1vek, ale tak\u00e9 v\u00fdhodnou cenu. Je nezpochybniteln\u00e9, \u017ee to vadilo t\u011bm, kte\u0159\u00ed cht\u011bli tento vz\u00e1jemn\u011b v\u00fdhodn\u00fd obchod rozb\u00edt.<\/p>\n<p><strong>Rovn\u011b\u017e sl\u00fdch\u00e1me upozorn\u011bn\u00ed, \u017ee sankce na Rusko funguj\u00ed a zp\u016fsobuj\u00ed mu pot\u00ed\u017ee. Ale jin\u00ed upozor\u0148uj\u00ed, \u017ee Rusko energii, kterou neuplatn\u00ed v\u00a0Evrop\u011b, prod\u00e1 Indii nebo \u010c\u00edn\u011b, a \u017ee sankce Rusku v\u00e1\u017en\u011bji ne\u0161kod\u00ed. Co si mysl\u00edte vy?<\/strong><\/p>\n<p>\u017dijeme ve sv\u011bt\u011b, ve kter\u00e9m je pro v\u0161echny v\u00fdhodn\u00e1 vz\u00e1jemn\u00e1 spolupr\u00e1ce a obchodov\u00e1n\u00ed lep\u0161\u00ed ne\u017e nesmysln\u00e9 v\u00e1l\u010den\u00ed. To, \u017ee sankce nemohou b\u00fdt p\u0159\u00ednosem pro rozvoj ekonomiky nikoho, je jednozna\u010dn\u00e9, a plat\u00ed to i pro Rusko. Nicm\u00e9n\u011b zapom\u00edn\u00e1me, kdo jsou Rusov\u00e9 a jak dok\u00e1\u017eou h\u00e1jit sv\u00e9 z\u00e1jmy. To nakonec prok\u00e1zali ve druh\u00e9 sv\u011btov\u00e9 v\u00e1lce. Ti, kdo znaj\u00ed historii, v\u011bd\u00ed, o \u010dem hovo\u0159\u00edm, a t\u011bm, kte\u0159\u00ed o d\u011bjin\u00e1ch v\u00a0posledn\u00ed dob\u011b dezinformuj\u00ed, to nem\u00e1 smysl sd\u011blovat. Rusov\u00e9 dok\u00e1\u017eou \u017e\u00edt bohabojn\u011b, ale tak\u00e9 neskute\u010dn\u011b skromn\u011b. Za vlast dok\u00e1\u017eou polo\u017eit \u017eivot. Maj\u00ed neskute\u010dn\u00e9 nerostn\u00e9 bohatstv\u00ed, zdroje.<\/p>\n<p>Mysl\u00edm, \u017ee pr\u00e1v\u011b p\u0159ed dv\u011bma dny byl zprovozn\u011bn dal\u0161\u00ed tranzitn\u00ed plynovod S\u00edla Sibi\u0159e do \u010c\u00edny. Kontrakt je podeps\u00e1n na t\u0159icet let. Obrovsk\u00fd z\u00e1jem o jejich zemn\u00ed plyn m\u00e1 Indie a spolupr\u00e1ce v\u00a0tomto sm\u011bru prob\u00edh\u00e1. Uboh\u00e1 Evropa si neuv\u011bdomuje, co \u010din\u00ed.<\/p>\n<p><strong>Zm\u00ednila jste tak\u00e9, \u017ee do nejv\u011bt\u0161\u00edch pot\u00ed\u017e\u00ed se dost\u00e1vaj\u00ed zem\u011b, kter\u00e9 nemaj\u00ed p\u0159\u00edm\u00fd kontrakt s\u00a0rusk\u00fdm Gazpromem \u2013 jako je i \u010cesk\u00e1 republika. N\u00e1vrhy na p\u0159\u00edm\u00fd kontrakt se objevuj\u00ed i mezi n\u011bkter\u00fdmi poslanci (nap\u0159. hnut\u00ed SPD), av\u0161ak v\u017edy se strhne bou\u0159liv\u00e1 reakce odp\u016frc\u016f Ruska. Jak velkou roli m\u00e1 v\u00a0cel\u00e9 v\u011bci hr\u00e1t mor\u00e1lka? A byla byste pro kontrakt mezi \u010ceskem a Gazpromem?<\/strong><\/p>\n<p>O jak\u00e9 mor\u00e1lce hovo\u0159\u00edte? \u017de ten, kdo m\u00e1 p\u0159\u00edm\u00fd kontrakt na plyn s\u00a0Ruskem, je amor\u00e1ln\u00ed? Vy mi chcete vnutit, \u017ee USA jsou amor\u00e1ln\u00ed, pokud maj\u00ed p\u0159\u00edm\u00fd kontrakt na dod\u00e1vku nap\u0159\u00edklad LNG? Nebo \u017ee N\u011bmecko, Ma\u010farsko, \u010c\u00edna, Indie a \u0159ada dal\u0161\u00edch zem\u00ed jsou amor\u00e1ln\u00ed, kdy\u017e maj\u00ed p\u0159\u00edm\u00fd kontrakt na plyn s\u00a0Ruskem a zaji\u0161\u0165uj\u00ed tak d\u016fle\u017eit\u00fd energetick\u00fd zdroj nejen pro sv\u016fj pr\u016fmysl, ale i pro dom\u00e1cnosti? Naopak, ti v\u0161ichni se chovaj\u00ed ke sv\u00e9mu n\u00e1rodu velmi zodpov\u011bdn\u011b.<\/p>\n<p>Osobn\u011b jsem p\u0159esv\u011bd\u010dena, \u017ee bychom m\u011bli b\u00fdt stejn\u011b mor\u00e1ln\u00ed jako v\u00fd\u0161e zm\u00edn\u011bn\u00e9 st\u00e1ty. Ano, j\u00e1 jsem pro p\u0159\u00edm\u00e9 dlouhodob\u00e9 kontrakty na zemn\u00ed plyn p\u0159\u00edmo s\u00a0rusk\u00fdm Gazpromem. Jeden h\u00e1\u010dek vid\u00edm v\u00a0tom, zda v\u016fbec Rusko bude m\u00edt tento z\u00e1jem tak\u00e9, kdy\u017e pat\u0159\u00edme mezi nep\u0159\u00e1telsk\u00e9 zem\u011b.<\/p>\n<p>Mo\u017en\u00e1, \u017ee jin\u00fd n\u00e1zor by mohl m\u00edt Gazprom? S\u00a0n\u00edm by se mo\u017en\u00e1, opravdu opakuji mo\u017en\u00e1, dalo jednat. Ale nev\u00edm, kdo za \u010deskou stranu bude opravdu schopen takov\u00e1 jedn\u00e1n\u00ed v\u00e9st. Je nutn\u00e9 si uv\u011bdomit, \u017ee se jedn\u00e1 o siln\u011b byznysov\u011b orientovanou firmu, v\u00a0tomto smyslu z\u00e1padn\u00edho st\u0159ihu, nav\u00edc s\u00a0rusk\u00fdm sebev\u011bdom\u00edm. Je to opravdu t\u011b\u017ek\u00fd hr\u00e1\u010d, co\u017e mohu potvrdit z\u00a0osobn\u00ed zku\u0161enosti.<\/p>\n<p><strong>Zalo\u017eila jste pracovn\u00ed t\u00fdm s\u00a0n\u00e1zvem Energie nen\u00ed luxusn\u00ed zbo\u017e\u00ed, kter\u00fd navrhl vl\u00e1d\u011b ur\u010dit\u00e1 \u0159e\u0161en\u00ed v\u00a0sou\u010dasn\u00e9 energetick\u00e9 krizi. Jakou m\u00e1te reakci, p\u0159\u00edpadn\u011b odezvu?<\/strong><\/p>\n<p>Platformu jsem zalo\u017eila p\u0159i Institutu Aleny Vit\u00e1skov\u00e9 p\u0159ed v\u00edce ne\u017e rokem. Po m\u00e9m vyhodnocen\u00ed \u010dinnosti jsem z\u00a0t\u00e9to platformy sama vystoupila 4. listopadu 2022 a nem\u00e1m s\u00a0t\u00fdmem expert\u016f, kter\u00fd d\u00e1l pracuje asi v\u00a0jin\u00e9 podob\u011b, nic spole\u010dn\u00e9ho. To neznamen\u00e1, \u017ee bych se energetice \u2013 p\u0159edev\u0161\u00edm plyn\u00e1renstv\u00ed \u2013 nev\u011bnovala. Naopak, o to intenzivn\u011bji!<\/p>\n<p><strong>Prob\u00edrali jsme spolu tak\u00e9 vinu Green Dealu na aktu\u00e1ln\u00ed situaci. St\u00e1le \u010dast\u011bji se \u2013 i od politik\u016f v\u010detn\u011b t\u011bch vl\u00e1dn\u00edch \u2013 za\u010d\u00ednaj\u00ed oz\u00fdvat hlasy, \u017ee pr\u00e1v\u011b \u201ezelen\u00fd pl\u00e1n\u201c realizovan\u00fd bez rozmyslu je jedn\u00edm z\u00a0vin\u00edk\u016f, ale v\u00a0Bruselu se nezd\u00e1, \u017ee by od n\u011bj hodlali upustit. Zm\u011bn\u00ed se n\u011bco, podle va\u0161eho n\u00e1zoru?<\/strong><\/p>\n<p>\u010cesk\u00e1 vl\u00e1da pod veden\u00edm Andreje Babi\u0161e p\u0159istoupila ke Green Dealu bez v\u00fdhrad. To ji\u017e samo sv\u011bd\u010d\u00ed o nekompetentn\u00ed \u00farovni \u010desk\u00e9 politiky. Energetika nen\u00ed program na jeden nebo \u010dty\u0159i roky. Jedn\u00e1 se o dlouhodob\u00e9 strategick\u00e9 rozhodnut\u00ed. Nyn\u00ed vid\u00edme, \u017ee p\u0159ijet\u00ed Green Dealu bez v\u00fdhrad bylo \u0161patn\u00fdm rozhodnut\u00edm, za kter\u00e9 nakonec politici nenesou \u017e\u00e1dnou zodpov\u011bdnost.<\/p>\n<p>V\u00a0prob\u00edhaj\u00edc\u00ed energetick\u00e9 krizi se n\u00e1zor na Green Deal m\u011bn\u00ed i v\u00a0Bruselu, jen\u017ee brusel\u0161t\u00ed \u00fa\u0159edn\u00edci si to je\u0161t\u011b st\u00e1le neuv\u011bdomuj\u00ed, nebo tomu nerozum\u011bj\u00ed. V\u017edy\u0165 uhl\u00ed se t\u011b\u017e\u00ed na pln\u00e9 obr\u00e1tky, otev\u00edraj\u00ed se zav\u0159en\u00e9 uheln\u00e9 doly, tepl\u00e1rny, elektr\u00e1rny pou\u017e\u00edvaj\u00ed v\u0161e, co ho\u0159\u00ed. Ekologie nehraje roli, a to je\u0161t\u011b nemrzne. Pokud se budeme chv\u00e1lit, jak jsme sn\u00ed\u017eili spot\u0159ebu, tak to bude t\u00edm, \u017ee \u0159ada podnikatel\u016f ji\u017e zkrachovala, tak\u017ee plyn ani elekt\u0159inu nepot\u0159ebuj\u00ed.<\/p>\n<p>Ob\u010dan\u00e9 sed\u00ed v\u00a0t\u011bch svetrech a v kulichu doma a mnoz\u00ed vzpom\u00ednaj\u00ed na akci \u201ereflektor mlad\u00fdch\u201c. To bych r\u00e1da p\u0159ipomn\u011bla pro mlad\u0161\u00ed ro\u010dn\u00edky. To bylo za socialismu v\u00a0pr\u00e1ci a v\u0161ude ve ve\u0159ejn\u00fdch prostor\u00e1ch z\u0159\u00edzeno, \u017ee nejmlad\u0161\u00ed zam\u011bstnanci museli kontrolovat \u2013 takzvan\u00fd \u201ereflektor mlad\u00fdch\u201c \u2013 zda n\u011bkde nesv\u00edt\u00ed zbyte\u010dn\u011b \u017e\u00e1rovka. Jejich povinnost\u00ed bylo toto osv\u011btlen\u00ed \u010di spot\u0159ebi\u010d vypnout. B\u011b\u017en\u011b se pou\u017e\u00edval tarif na no\u010dn\u00ed proud.<\/p>\n<p>Tak\u017ee po 33 letech budov\u00e1n\u00ed demokracie mo\u017en\u00e1 budeme muset z\u0159\u00eddit \u201ereflektor mlad\u00fdch\u201c. Asi c\u00edt\u00edte ten sarkasmus v\u00a0m\u00fdch slovech \u2013 my jsme nepokro\u010dili, ale vr\u00e1tili jsme se o pades\u00e1t let zp\u00e1tky.<\/p>\n<p><strong>Oz\u00fdv\u00e1 se kritika, \u017ee \u010desk\u00e1 vl\u00e1da zastropovala ceny u dodavatel\u016f, nikoliv v\u00fdrobc\u016f, nav\u00edc dost vysoko. Samo\u017eivitelky, d\u016fchodci a dal\u0161\u00ed ohro\u017een\u00e9 skupiny u\u017e p\u0159est\u00e1vaj\u00ed m\u00edt na z\u00e1lohy kv\u016fli rostouc\u00ed cen\u011b. Jak to tedy zastavit?<\/strong><\/p>\n<p>Pokud nenajdou politici odvahu sd\u011blit skute\u010dn\u00fd d\u016fvod vysok\u00fdch cen energi\u00ed, nen\u00ed mo\u017en\u00e9 prov\u00e9st relevantn\u00ed opat\u0159en\u00ed k\u00a0n\u00e1prav\u011b. Bude se hledat trvale vin\u00edk m\u00edsto n\u00e1pravy, aby se odpoutala pozornost.<\/p>\n<p>Prob\u00edhaj\u00edc\u00ed zp\u016fsob \u0159e\u0161en\u00ed p\u0159in\u00e1\u0161\u00ed chaos pro v\u0161echny \u00fa\u010dastn\u00edky energetick\u00e9ho trhu. Z\u00e1lohy na energie, plyn u dom\u00e1cnost\u00ed se m\u011bn\u00ed t\u00e9m\u011b\u0159 m\u011bs\u00ed\u010dn\u011b. B\u011b\u017en\u00fd ob\u010dan nen\u00ed schopen si zm\u011bny zkontrolovat. Je to energetick\u00e1 d\u017eungle. St\u00e1t navy\u0161uje dluh, kter\u00fd je neod\u016fvodniteln\u00fd v\u00a0souvislosti s kryt\u00edm vysok\u00fdch cen energi\u00ed. Osobn\u011b se p\u0159ikl\u00e1n\u00edm mimo celou \u0159adu opat\u0159en\u00ed, kter\u00e1 byla p\u0159ijata jen \u010d\u00e1ste\u010dn\u011b, abychom u dom\u00e1cnosti p\u0159e\u0161li na\u00a0m\u011bs\u00ed\u010dn\u00ed fakturaci elekt\u0159iny a plynu. Moc by to dom\u00e1cnostem pomohlo a st\u00e1tn\u00edmu rozpo\u010dtu tak\u00e9.<\/p>\n<p><strong>A jak t\u011bmto ohro\u017een\u00fdm skupin\u00e1m vysv\u011btlit, \u017ee \u010desk\u00fd \u010cEZ ozn\u00e1m\u00ed v\u00a0jeden den rekordn\u00ed osmin\u00e1sobn\u00fd zisk a v\u00a0z\u00e1p\u011bt\u00ed zdra\u017eov\u00e1n\u00ed elekt\u0159iny?<\/strong><\/p>\n<p>Vid\u00edte, \u017ee lidem nen\u00ed t\u0159eba nic vysv\u011btlovat. Slep\u011b tuto nehor\u00e1znost p\u0159ijmou. Dostanou p\u0159\u00edslib, \u017ee jim st\u00e1t d\u00e1 p\u0159\u00edsp\u011bvek na bydlen\u00ed, energie, \u010di jin\u00fd druh \u017eebra\u010denek a oni ml\u010d\u00ed! \u010cEZ je ze 70 procent vlastn\u011bn st\u00e1tem, a pokud to vl\u00e1da dovol\u00ed a lid\u00e9 ml\u010d\u00ed a plat\u00ed, \u017eebraj\u00ed o p\u0159\u00edsp\u011bvek, tak co k\u00a0tomu chcete dodat. To, co na energetick\u00e9m trhu\u00a0prob\u00edh\u00e1, je pro ob\u010dany, podnikatele ned\u016fstojn\u00e9. A politici to m\u00edsto n\u00e1pravy kryj\u00ed.<\/p>\n<p><strong>A co elekt\u0159ina a zn\u00e1m\u00e1 lipsk\u00e1 burza. Pro\u010d z\u00a0n\u00ed \u010cesk\u00e1 republika dosud nevystoupila, a byl by takov\u00fd krok nev\u00fdhodn\u00fd, jak tvrd\u00ed vl\u00e1da?<\/strong><\/p>\n<p>Asi vl\u00e1da v\u00ed, \u017ee vystoupit z\u00a0lipsk\u00e9 burzy nesm\u00edme, a tak\u00e9 v\u00ed pro\u010d, kdy\u017e hovo\u0159\u00ed o tom, \u017ee by byl tento krok pro n\u00e1s nev\u00fdhodn\u00fd. Jakou nev\u00fdhodnost a pro koho to nev\u00fdhodn\u00e9 je, n\u00e1m v\u0161ak nesd\u011blila. M\u016f\u017eeme se jen dom\u00fd\u0161let, \u017ee je asi pro vl\u00e1du v\u00fdhodn\u011bj\u0161\u00ed nechat doma krachovat firmy, \u017eivnostn\u00edky, sn\u00ed\u017eit \u017eivotn\u00ed \u00farove\u0148 ob\u010dan\u016f na \u00farove\u0148 chudoby a\u017e b\u00eddy. Je d\u016fle\u017eit\u00e9, aby vl\u00e1da vysv\u011btlila, v\u00a0\u010dem tu nev\u00fdhodnost vystoupen\u00ed z\u00a0lipsk\u00e9 burzy pro n\u00e1\u0161 n\u00e1rod vid\u00ed. Rozhodn\u011b to nem\u016f\u017ee b\u00fdt spojov\u00e1no s\u00a0t\u00edm, \u017ee my dod\u00e1me elekt\u0159inu a oni n\u00e1m dodaj\u00ed plyn.<\/p>\n<p><strong>M\u011blo by doj\u00edt k \u201ezn\u00e1rodn\u011bn\u00ed\u201c zbyl\u00fdch akci\u00ed \u010cEZu st\u00e1tem?<\/strong><\/p>\n<p>Zest\u00e1tn\u011bn\u00ed \u010cEZ nem\u016f\u017ee b\u00fdt krokem k\u00a0\u0159e\u0161en\u00ed vysok\u00fdch cen energi\u00ed. To je jen odklon\u011bn\u00ed od \u0159e\u0161en\u00ed st\u00e1vaj\u00edc\u00edch probl\u00e9m\u016f. Vl\u00e1d\u011b by sta\u010dilo m\u00edt kompetentn\u00ed veden\u00ed \u010cEZ, se kter\u00fdm by, jako majoritn\u00ed akcion\u00e1\u0159, mohli tuto n\u00e1pravu sjednat, a p\u0159itom nepo\u0161kodit minoritn\u00ed akcion\u00e1\u0159e. Jsme do jist\u00e9 m\u00edry velmoci v\u00a0oblasti v\u00fdroby elektrick\u00e9 energie. Tak v\u00a0\u010dem je probl\u00e9m, \u017ee neum\u00edme \u0159e\u0161it jejich cenu u n\u00e1s doma a hled\u00e1me hloup\u00e9 v\u00fdmluvy?<\/p>\n<p>Za v\u0161e, co se d\u011bje kolem \u010cEZ je odpov\u011bdn\u00fd majoritn\u00ed akcion\u00e1\u0159, a to je st\u00e1t, na\u0161e vl\u00e1da. Pokud se domn\u00edv\u00e1, \u017ee veden\u00ed \u010cEZ nen\u00ed schopno situaci \u0159e\u0161it \u2013 mysl\u00edm si, \u017ee tomu tak nen\u00ed, tak je povinna u\u010dinit person\u00e1ln\u00ed obm\u011bny. Nelze p\u0159ihl\u00ed\u017eet k\u00a0ne\u00fam\u011brn\u00e9mu navy\u0161ov\u00e1n\u00ed cen elekt\u0159iny a p\u0159itom schvalovat milionov\u00e9 odm\u011bny jednotlivc\u016fm.<\/p>\n<p><a href=\"https:\/\/bit.ly\/3Hwswpo\">ZDROJ<\/a><\/p>\n<p><img decoding=\"async\" loading=\"lazy\" class=\"wp-image-19187 aligncenter\" src=\"http:\/\/www.infokuryr.cz\/n\/wp-content\/uploads\/2022\/12\/1-PRO-300x36.jpg\" alt=\"\" width=\"1267\" height=\"152\" srcset=\"https:\/\/www.infokuryr.cz\/n\/wp-content\/uploads\/2022\/12\/1-PRO-300x36.jpg 300w, https:\/\/www.infokuryr.cz\/n\/wp-content\/uploads\/2022\/12\/1-PRO.jpg 699w\" sizes=\"(max-width: 1267px) 100vw, 1267px\" \/><\/p>\n<p>&nbsp;<\/p>\n","protected":false},"excerpt":{"rendered":"<p>\u201eByl zprovozn\u011bn dal\u0161\u00ed tranzitn\u00ed plynovod S\u00edla Sibi\u0159e do \u010c\u00edny. Kontrakt je podeps\u00e1n na t\u0159icet let&#8230;.<\/p>\n","protected":false},"author":2,"featured_media":19625,"comment_status":"closed","ping_status":"closed","sticky":false,"template":"","format":"standard","meta":[],"categories":[6],"tags":[1277,1299,1008,1052,99],"_links":{"self":[{"href":"https:\/\/www.infokuryr.cz\/n\/wp-json\/wp\/v2\/posts\/19624"}],"collection":[{"href":"https:\/\/www.infokuryr.cz\/n\/wp-json\/wp\/v2\/posts"}],"about":[{"href":"https:\/\/www.infokuryr.cz\/n\/wp-json\/wp\/v2\/types\/post"}],"author":[{"embeddable":true,"href":"https:\/\/www.infokuryr.cz\/n\/wp-json\/wp\/v2\/users\/2"}],"replies":[{"embeddable":true,"href":"https:\/\/www.infokuryr.cz\/n\/wp-json\/wp\/v2\/comments?post=19624"}],"version-history":[{"count":0,"href":"https:\/\/www.infokuryr.cz\/n\/wp-json\/wp\/v2\/posts\/19624\/revisions"}],"wp:featuredmedia":[{"embeddable":true,"href":"https:\/\/www.infokuryr.cz\/n\/wp-json\/wp\/v2\/media\/19625"}],"wp:attachment":[{"href":"https:\/\/www.infokuryr.cz\/n\/wp-json\/wp\/v2\/media?parent=19624"}],"wp:term":[{"taxonomy":"category","embeddable":true,"href":"https:\/\/www.infokuryr.cz\/n\/wp-json\/wp\/v2\/categories?post=19624"},{"taxonomy":"post_tag","embeddable":true,"href":"https:\/\/www.infokuryr.cz\/n\/wp-json\/wp\/v2\/tags?post=19624"}],"curies":[{"name":"wp","href":"https:\/\/api.w.org\/{rel}","templated":true}]}}