{"id":1961,"date":"2021-05-25T04:54:32","date_gmt":"2021-05-25T02:54:32","guid":{"rendered":"http:\/\/www.infokuryr.cz\/n\/?p=1961"},"modified":"2021-05-25T04:54:32","modified_gmt":"2021-05-25T02:54:32","slug":"co-je-dovoleno-americkym-prezidentum-neni-dovoleno-lukasenkovi","status":"publish","type":"post","link":"https:\/\/www.infokuryr.cz\/n\/2021\/05\/25\/co-je-dovoleno-americkym-prezidentum-neni-dovoleno-lukasenkovi\/","title":{"rendered":"Co je dovoleno americk\u00fdm prezident\u016fm, nen\u00ed dovoleno Luka\u0161enkovi"},"content":{"rendered":"<div id=\"fb-root\"><\/div>\n<div class=\"perex\"><strong>Trump nechal shodit bombu na gener\u00e1la Sulejm\u00e1na p\u0159i jeho n\u00e1v\u0161t\u011bv\u011b v suver\u00e9nn\u00edm Ir\u00e1ku\u2026 Bylo to O.K. Biden op\u011bt v Ir\u00e1ku p\u0159ed ned\u00e1vnem nechal za\u00fato\u010dit op\u011bt v suver\u00e9nn\u00edm Ir\u00e1ku proti ir\u00e1nsk\u00fdm milic\u00edm\u2026 Bylo to O.K. Tent\u00fd\u017e Biden jako viceprezident v Obamov\u011b administrativ\u011b se spolupod\u00edlel na likvidaci Libye a sice trhl\u00e9ho, ale sekul\u00e1rn\u00edho a relativn\u011b velmi \u00fasp\u011b\u0161n\u00e9ho plukovn\u00edka Kadd\u00e1f\u00edho. A\u010dkoliv je Libye dodnes zhroucen\u00fdm st\u00e1tem\u2026, bylo to O.K.<\/strong><\/div>\n<div class=\"content\">\n<p>Clinton v\u00a0\u010dele st\u00e1t\u016f NATO bez souhlasu Rady bezpe\u010dnosti nechal dnes a noc\u00ed bombardovat srbsk\u00e9 \u00fazem\u00ed, pro co\u017e V\u00e1clav Havel vymyslel n\u011b\u017en\u00fd n\u00e1zev \u201ehumanit\u00e1rn\u00ed bombardov\u00e1n\u00ed\u201c, se z\u0159ejm\u00fdm c\u00edlem vytvo\u0159en\u00edm samostatn\u00e9ho st\u00e1tu Kosovo veden\u00e9 teroristy&#8230; Bylo to O.K.<\/p>\n<p>A trochu pozd\u011bji Bush jr. a Blaire odstartovali nejpodlej\u0161\u00ed a nejprolhan\u011bj\u0161\u00ed v\u00e1lku proti Husajnovi a Ir\u00e1ku a od t\u00e9 doby se tato zem\u011b u\u017e nikdy nevzpamatovala\u2026Bylo to O.K.<\/p>\n<p>Kolega Bl\u00e1ha, poslanec Smeru, poloironicky konstatoval, \u017ee \u201eKdy\u017e v roce 2013 p\u0159im\u011bly \u010dlensk\u00e9 st\u00e1ty EU ve V\u00eddni p\u0159ist\u00e1t st\u00e1tn\u00ed letadlo Eva Moralese, prezidenta Bol\u00edvie, tak nikdo v Evrop\u011b ani nemukl. A to byl tedy jin\u00fd skand\u00e1l,\u201c p\u0159ipom\u00edn\u00e1 slovensk\u00fd poslanec,\u00a0\u201eAmeri\u010dan\u00e9 dali tehdy n\u011bkolika evropsk\u00fdm st\u00e1t\u016fm pokyn, \u017ee Moralesovo letadlo mus\u00ed sundat, nebo\u0165 na palub\u011b se pr\u00fd nach\u00e1z\u00ed Edward Snowden.\u201cTehdy jsem nesly\u0161el \u0161\u00edlet nikoho z evropsk\u00fdch l\u00eddr\u016f, ti\u0161e byl cel\u00fd Brusel a nyn\u011bj\u0161\u00ed slovensk\u00fd ministr Kor\u010dok doma zabalen\u00fd v americk\u00e9 vlajce si procvi\u010doval zp\u00edv\u00e1n\u00ed americk\u00e9 hymny.<\/p>\n<p>Zkr\u00e1tka bylo to O.K.<\/p>\n<p>Prezidenta Luka\u0161enka nemus\u00edm. Nen\u00ed to m\u016fj \u0161\u00e1lek k\u00e1vy. Ale neznamen\u00e1 to, \u017ee m\u00e1 trpn\u011b \u010dekat a\u017e ho vzbou\u0159enci zavra\u017ed\u00ed (jeden ne\u00fasp\u011b\u0161n\u00fd pokus o atent\u00e1t u\u017e se jasn\u011b provalil), \u010di \u017ee bude pokra\u010dovat n\u00e1siln\u00fd p\u0159evrat. Roman Protasevi\u010d, zakladatel a \u0161\u00e9fredaktor Telegram kan\u00e1lu NEXTA, je on\u00edm zadr\u017een\u00fdm, kv\u016fli kter\u00e9mu se tato akce jako vyst\u0159i\u017een\u00e1 ze seri\u00e1lu Profesion\u00e1lov\u00e9 konala. Redakce NEXTA s\u00eddl\u00ed v Polsku (a je z\u0159ejm\u011b financov\u00e1na polsk\u00fdmi tajn\u00fdmi slu\u017ebami) a odtud byly prost\u0159ednictv\u00edm internetu vyd\u00e1v\u00e1ny pokyny pro srazy demonstrant\u016f a organizov\u00e1ny trasy pochod\u016f, p\u0159\u00edmo do jejich mobil\u016f.<\/p>\n<p>Z\u00e1pad si za dal\u0161\u00ed blam\u00e1\u017e samoz\u0159ejm\u011b m\u016f\u017ee s\u00e1m. Tak mohutn\u011b volali po odstran\u011bn\u00ed prezidenta Luka\u0161enka, tak mohutn\u011b podporovali demonstrace, \u017ee to v\u0161e p\u0159ipom\u00ednalo ne\u0161\u0165astn\u011b zn\u00e1m\u00fd euromajdan na Ukrajin\u011b, kter\u00fd byl po\u010d\u00e1tkem pu\u010de, n\u00e1sledn\u00e9ho rozvr\u00e1cen\u00ed Ukrajiny a tis\u00edce mrtv\u00fdch.<\/p>\n<p>To, \u017ee Z\u00e1pad p\u0159ijde se sankcemi je asi n\u011bco, s\u00a0\u010d\u00edm Luka\u0161enko po\u010d\u00edt\u00e1 i kdy\u017e se mnohem h\u016f\u0159e chovali ameri\u010dt\u00ed prezidenti i jin\u00ed z\u00e1padn\u00ed st\u00e1tn\u00edci p\u0159ed n\u00edm. Ale oni jsou p\u0159edstaviteli svobodn\u00e9ho sv\u011bta a mohou p\u00e1chat zlo\u010diny dle libosti.<\/p>\n<p>Pro n\u00e1s, m\u00edrumilovn\u00e9 lidi je nejd\u016fle\u017eit\u011bj\u0161\u00ed pozn\u00e1n\u00edm, \u017ee Z\u00e1padu nepro\u0161el dal\u0161\u00ed p\u0159evrat, co\u017e znamen\u00e1 postupuj\u00edc\u00ed stabilizace v\u00a0prostoru, kde \u017eijeme\u2026Je dob\u0159e, \u017ee Z\u00e1pad oslabuje, to je nad\u011bje pro m\u00edr.<\/p>\n<p>A to je O.K.<\/p>\n<\/div>\n<p><a href=\"http:\/\/vasevec.parlamentnilisty.cz\/blogy\/co-je-dovoleno-americkym-prezidentum-neni-dovoleno-lukasenkovi\">Ji\u0159\u00ed Vyvadil<\/a><\/p>\n<p>&nbsp;<\/p>\n","protected":false},"excerpt":{"rendered":"<p>Trump nechal shodit bombu na gener\u00e1la Sulejm\u00e1na p\u0159i jeho n\u00e1v\u0161t\u011bv\u011b v suver\u00e9nn\u00edm Ir\u00e1ku\u2026 Bylo to&#8230;<\/p>\n","protected":false},"author":2,"featured_media":672,"comment_status":"closed","ping_status":"closed","sticky":false,"template":"","format":"standard","meta":[],"categories":[6],"tags":[29,447,149,446,452],"_links":{"self":[{"href":"https:\/\/www.infokuryr.cz\/n\/wp-json\/wp\/v2\/posts\/1961"}],"collection":[{"href":"https:\/\/www.infokuryr.cz\/n\/wp-json\/wp\/v2\/posts"}],"about":[{"href":"https:\/\/www.infokuryr.cz\/n\/wp-json\/wp\/v2\/types\/post"}],"author":[{"embeddable":true,"href":"https:\/\/www.infokuryr.cz\/n\/wp-json\/wp\/v2\/users\/2"}],"replies":[{"embeddable":true,"href":"https:\/\/www.infokuryr.cz\/n\/wp-json\/wp\/v2\/comments?post=1961"}],"version-history":[{"count":0,"href":"https:\/\/www.infokuryr.cz\/n\/wp-json\/wp\/v2\/posts\/1961\/revisions"}],"wp:featuredmedia":[{"embeddable":true,"href":"https:\/\/www.infokuryr.cz\/n\/wp-json\/wp\/v2\/media\/672"}],"wp:attachment":[{"href":"https:\/\/www.infokuryr.cz\/n\/wp-json\/wp\/v2\/media?parent=1961"}],"wp:term":[{"taxonomy":"category","embeddable":true,"href":"https:\/\/www.infokuryr.cz\/n\/wp-json\/wp\/v2\/categories?post=1961"},{"taxonomy":"post_tag","embeddable":true,"href":"https:\/\/www.infokuryr.cz\/n\/wp-json\/wp\/v2\/tags?post=1961"}],"curies":[{"name":"wp","href":"https:\/\/api.w.org\/{rel}","templated":true}]}}