{"id":1959,"date":"2021-05-25T04:48:16","date_gmt":"2021-05-25T02:48:16","guid":{"rendered":"http:\/\/www.infokuryr.cz\/n\/?p=1959"},"modified":"2021-05-25T04:48:16","modified_gmt":"2021-05-25T02:48:16","slug":"v-holandsku-buji-protizidovska-nenavist","status":"publish","type":"post","link":"https:\/\/www.infokuryr.cz\/n\/2021\/05\/25\/v-holandsku-buji-protizidovska-nenavist\/","title":{"rendered":"V Holandsku buj\u00ed proti\u017eidovsk\u00e1 nen\u00e1vist"},"content":{"rendered":"<div id=\"fb-root\"><\/div>\n<p>Tak jako v\u0161echny zaimigrovan\u00e9 z\u00e1padn\u00ed zem\u011b se i Nizozem\u00ed s vyost\u0159en\u00fdm izraelsko-palestinsk\u00fdm konfliktem pot\u00fdkaj\u00ed s kolos\u00e1ln\u00edmi projevy antisemitizmu a n\u00e1r\u016fstem otev\u0159en\u00e9 nen\u00e1visti v\u016f\u010di \u017did\u016fm. Pot\u00fdkaj\u00ed? Jak se to vezme.<\/p>\n<p>Holandsk\u00e9 n\u00e1rodn\u00ed v\u011bdom\u00ed je zat\u00ed\u017een\u00e9 pocitem viny z koloni\u00e1ln\u00ed minulosti, a tak odezva politick\u00e9 a ve\u0159ejn\u00e9 sf\u00e9ry nen\u00ed nijak razantn\u00ed. Sna\u017e\u00ed se zohlednit a omlouvat z\u00e1\u0161\u0165 muslimsk\u00fdch imigrant\u016f a st\u00e1t na stran\u011b Palestinc\u016f, coby \u0161ir\u0161\u00ed sou\u010d\u00e1st sv\u00e9 dekolonizace.<\/p>\n<p><a href=\"https:\/\/www.telegraaf.nl\/watuzegt\/470153207\/van-straat-tot-salon-tiert-de-jodenhaat\">ZDROJ<\/a><\/p>\n<p>&nbsp;<\/p>\n","protected":false},"excerpt":{"rendered":"<p>Tak jako v\u0161echny zaimigrovan\u00e9 z\u00e1padn\u00ed zem\u011b se i Nizozem\u00ed s vyost\u0159en\u00fdm izraelsko-palestinsk\u00fdm konfliktem pot\u00fdkaj\u00ed s&#8230;<\/p>\n","protected":false},"author":2,"featured_media":1960,"comment_status":"closed","ping_status":"closed","sticky":false,"template":"","format":"standard","meta":[],"categories":[7],"tags":[376,119,44,92],"_links":{"self":[{"href":"https:\/\/www.infokuryr.cz\/n\/wp-json\/wp\/v2\/posts\/1959"}],"collection":[{"href":"https:\/\/www.infokuryr.cz\/n\/wp-json\/wp\/v2\/posts"}],"about":[{"href":"https:\/\/www.infokuryr.cz\/n\/wp-json\/wp\/v2\/types\/post"}],"author":[{"embeddable":true,"href":"https:\/\/www.infokuryr.cz\/n\/wp-json\/wp\/v2\/users\/2"}],"replies":[{"embeddable":true,"href":"https:\/\/www.infokuryr.cz\/n\/wp-json\/wp\/v2\/comments?post=1959"}],"version-history":[{"count":0,"href":"https:\/\/www.infokuryr.cz\/n\/wp-json\/wp\/v2\/posts\/1959\/revisions"}],"wp:featuredmedia":[{"embeddable":true,"href":"https:\/\/www.infokuryr.cz\/n\/wp-json\/wp\/v2\/media\/1960"}],"wp:attachment":[{"href":"https:\/\/www.infokuryr.cz\/n\/wp-json\/wp\/v2\/media?parent=1959"}],"wp:term":[{"taxonomy":"category","embeddable":true,"href":"https:\/\/www.infokuryr.cz\/n\/wp-json\/wp\/v2\/categories?post=1959"},{"taxonomy":"post_tag","embeddable":true,"href":"https:\/\/www.infokuryr.cz\/n\/wp-json\/wp\/v2\/tags?post=1959"}],"curies":[{"name":"wp","href":"https:\/\/api.w.org\/{rel}","templated":true}]}}