{"id":19575,"date":"2022-12-13T01:00:06","date_gmt":"2022-12-13T00:00:06","guid":{"rendered":"http:\/\/www.infokuryr.cz\/n\/?p=19575"},"modified":"2022-12-12T15:09:42","modified_gmt":"2022-12-12T14:09:42","slug":"petr-hannig-prezidentsti-kandidati-trochu-jinak","status":"publish","type":"post","link":"https:\/\/www.infokuryr.cz\/n\/2022\/12\/13\/petr-hannig-prezidentsti-kandidati-trochu-jinak\/","title":{"rendered":"Petr Hannig: Prezident\u0161t\u00ed kandid\u00e1ti trochu jinak"},"content":{"rendered":"<div id=\"fb-root\"><\/div>\n<p><strong>Zd\u00e1 se mi, \u017ee bych se jako b\u00fdval\u00fd prezidentsk\u00fd kandid\u00e1t, m\u011bl tak\u00e9 vyj\u00e1d\u0159it k jednotliv\u00fdm prezidentsk\u00fdm kandid\u00e1t\u016fm.<\/strong><\/p>\n<p>Abych nen\u00e1sledoval ofici\u00e1ln\u00ed pr\u016fzkumy, tak se budu vyjad\u0159ovat k\u00a0jednotliv\u00fdm kandid\u00e1t\u016fm podle abecedn\u00edho po\u0159ad\u00ed. Nebudu zakr\u00fdvat, \u017ee s\u00a0ohledem na to, \u017ee p\u011btikoalice ovl\u00e1d\u00e1 Poslaneckou sn\u011bmovnu i Sen\u00e1t, pat\u0159\u00ed m\u00e9 sympatie kandid\u00e1t\u016fm, kte\u0159\u00ed jsou v\u00a0opozici k\u00a0vl\u00e1dnouc\u00edm stran\u00e1m.<\/p>\n<p>\u010cili abecedn\u00ed po\u0159ad\u00ed t\u011bch, kter\u00e9 bych mohl z\u00a0tohoto \u00fahlu pohledu volit.<\/p>\n<p><strong>Andrej Babi\u0161.\u00a0<\/strong>Jeho klady z\u00a0m\u00e9ho pohledu:<\/p>\n<ol type=\"1\">\n<li>D\u00e1v\u00e1 v\u0161echny sv\u00e9 pen\u00edze za plat poslance (a d\u0159\u00edve i za plat premi\u00e9ra a poslance a je\u0161t\u011b d\u0159\u00edve za plat ministra a poslance) na dobro\u010dinn\u00e9 \u00fa\u010dely a tud\u00ed\u017e se d\u00e1 p\u0159edpokl\u00e1dat, \u017ee i ten vl\u00e1dou na p\u0159\u00ed\u0161t\u00ed rok zv\u00fd\u0161en\u00fd m\u011bs\u00ed\u010dn\u00ed plat prezidenta p\u0159es 340\u00a0000\u00a0K\u010d, bude d\u00e1vat na dobro\u010dinn\u00e9 \u00fa\u010dely, tak\u017ee se z\u00a0n\u011bj bude moci t\u011b\u0161it mnoho samo\u017eivitelek s\u00a0d\u011btmi \u010di ovdov\u011bl\u00fdch senior\u016f.<\/li>\n<li>Mysl\u00ed na \u0159adov\u00e9 ob\u010dany. Vl\u00e1da, jej\u00edm\u017e byl premi\u00e9rem, zv\u00fd\u0161ila d\u016fchody nad z\u00e1konem stanovenou valorizaci, zv\u00fd\u0161ila platy u\u010ditel\u016fm, zdravotn\u00edm sestr\u00e1m, hasi\u010d\u016fm, policist\u016fm\u2026<\/li>\n<li>Velice dob\u0159e vl\u00e1dne sv\u011btov\u00fdmi jazyky: Francouz\u0161tina na 1 s\u00a0hv\u011bzdi\u010dkou, angli\u010dtina na 1 (sly\u0161el jsem jej osobn\u011b mluvit anglicky bez \u010dten\u00ed z pap\u00edru na zahradn\u00ed slavnosti polsk\u00e9ho velvyslanectv\u00ed k\u00a0jak\u00e9musi v\u00fdro\u010d\u00ed polsk\u00e9 historie), n\u011bmecky tak\u00e9 mluv\u00ed obstojn\u011b, nev\u00edm, jak mluv\u00ed rusky, ale vzhledem k\u00a0jeho v\u011bku lze p\u0159edpokl\u00e1dat, \u017ee asi tak jako my v\u0161ichni d\u0159\u00edve narozen\u00ed.<\/li>\n<li>Um\u00ed se nenucen\u011b (vzhledem k\u00a0jazykov\u00e9 vybavenosti) chovat v\u00a0jedn\u00e1n\u00edch s\u00a0osobnostmi sv\u011btov\u00e9 politiky.<\/li>\n<li>A to je asi to hlavn\u00ed, m\u00e1 \u0161anci usp\u011bt, proto\u017ee ne\u00fanavn\u011b jezd\u00ed mezi sv\u00e9 voli\u010de po cel\u00e9 republice.<\/li>\n<\/ol>\n<p>Jeho z\u00e1pory z m\u00e9ho pohledu: Postoj ke kauze Vrb\u011btice. Jako premi\u00e9r nem\u011bl k n\u011bkolik let star\u00e9 z\u00e1le\u017eitosti v\u016fbec vystupovat. M\u011bl to nechat na ministru vnitra a na jeho rozhodnut\u00ed, zda vystoupit, \u010di nikoliv. Mo\u017en\u00e1 i to p\u0159ipravilo ANO o ur\u010dit\u00fd po\u010det hlas\u016f, pr\u00e1v\u011b tak, jako nyn\u00ed mnoho jeho voli\u010d\u016f nemus\u00ed souhlasit s podporou ANO vl\u00e1dn\u00ed koalici v z\u00e1le\u017eitosti v\u00fdcviku ukrajinsk\u00fdch voj\u00e1k\u016f na na\u0161e \u00fazem\u00ed.<\/p>\n<p><strong>Jaroslav Ba\u0161ta.\u00a0<\/strong>Jeho klady z m\u00e9ho pohledu:<\/p>\n<ol type=\"1\">\n<li>Budou jej volit ti ob\u010dan\u00e9, kte\u0159\u00ed nesouhlasili se zdravotnickou politikou vl\u00e1dy Andreje Babi\u0161e, (i kdy\u017e mus\u00edm zd\u016fraznit, \u017ee j\u00e1 jsem se zdravotnickou politikou vl\u00e1dy souhlasil, proto\u017ee jsem byl toho n\u00e1zoru, \u017ee o\u010dkov\u00e1n\u00ed zachra\u0148uje \u017eivoty senior\u016f a lid\u00ed se z\u00e1va\u017en\u00fdmi chorobami).<\/li>\n<li>Jeho postoj k\u00a0situaci na Ukrajin\u011b je jasn\u00fd. Je proti pokra\u010dov\u00e1n\u00ed v\u00e1lky a je zast\u00e1ncem jedn\u00e1n\u00ed s\u00a0Ruskou federac\u00ed vedouc\u00ed k\u00a0zastaven\u00ed v\u00e1lky a za cenu \u00fazemn\u00edch \u00fastupk\u016f. Zn\u00e1 psychologii jak Rus\u016f, tak Ukrajinc\u016f, proto\u017ee byl v\u00a0t\u011bchto zem\u00edch velvyslancem.<\/li>\n<li>Je velice vzd\u011blan\u00fd v\u00a0oblasti historie, geopolitiky, mezin\u00e1rodn\u00edch vztah\u016f.<\/li>\n<li>Bude snad m\u00edt podporu voli\u010d\u016f SPD (12 %).<\/li>\n<\/ol>\n<p>Jeho z\u00e1pory z\u00a0m\u00e9ho pohledu: Velice t\u011b\u017ekop\u00e1dn\u00e9 slovn\u00ed vyjad\u0159ov\u00e1n\u00ed, kter\u00e9 odrazuje povrchn\u00ed voli\u010de. Lid\u00e9 dnes nejsou ochotni naslouchat v\u00fdznamu slov, ale sp\u00ed\u0161e rozhodnosti hlasov\u00e9ho projevu. Mysl\u00edm si, \u017ee to, \u017ee hlasoval pro vstup \u0160v\u00e9dska a Finska do NATO, nebude tak d\u016fle\u017eit\u00fd moment v\u00a0rozhodov\u00e1n\u00ed lid\u00ed, i kdy\u017e si musel b\u00fdt v\u011bdom, \u017ee v\u00a0p\u0159\u00edpad\u011b Finska to je poru\u0161en\u00ed pov\u00e1le\u010dn\u00fdch dohod. Finsko bylo spojencem N\u011bmecka a jako takov\u00e9 m\u011blo b\u00fdt neutr\u00e1ln\u00ed (finlandizace). Pro m\u011b je negativem jeho neseri\u00f3zn\u00ed chov\u00e1n\u00ed, kdy jako p\u0159edseda mal\u00e9 strany BOS ode\u0161el ze dne na den k\u00a0SPD, ani\u017e by hled\u011bl na katastrofick\u00fd dopad na onu stranu, kter\u00e1 si jej zvolila za p\u0159edsedu. Ale to voli\u010d nev\u00ed, zato v\u0161ak v\u00ed, \u017ee ofici\u00e1ln\u00ed preference jej stav\u00ed do role outsidera a voli\u010d nebude cht\u00edt, aby jeho hlas propadl.<\/p>\n<p><strong>Josef St\u0159edula<\/strong>. Jako klady z m\u00e9ho pohledu:<\/p>\n<ol type=\"1\">\n<li>Je jasn\u011b profilovan\u00fdm levicov\u00fdm kandid\u00e1tem, \u010dili by m\u011bl b\u00fdt kandid\u00e1t pracuj\u00edc\u00edch vrstev.<\/li>\n<li>Je pohledn\u00fd, atraktivn\u00ed pro voli\u010dky.<\/li>\n<\/ol>\n<p>Jeho z\u00e1pory z m\u00e9ho pohledu: Nepoveden\u00e1 demonstrace na V\u00e1clavsk\u00e9m n\u00e1m\u011bst\u00ed, kter\u00e1 srazila jeho preference i vzhledem k v\u0161eobecn\u00fdm p\u0159edpoklad\u016fm, \u017ee by mohl ve volb\u00e1ch usp\u011bt. Jeho vyjad\u0159ov\u00e1n\u00ed na adresu Ruska a \u010c\u00edny, kter\u00e9 se mnohdy neshoduje s m\u00edn\u011bn\u00edm t\u011bch, kte\u0159\u00ed by jej mohli volit. V sou\u010dasnosti n\u00edzk\u00e9 volebn\u00ed preference a obava, \u017ee by voli\u010dsk\u00fd hlas propadl a proto rad\u011bji padne volba na Andreje Babi\u0161e, kter\u00fd je tak\u00e9 kandid\u00e1tem pro chud\u0161\u00ed vrstvy obyvatelstva.<\/p>\n<p><strong>Denisa Rohanov\u00e1.\u00a0<\/strong>Jej\u00ed klady z m\u00e9ho pohledu:<\/p>\n<ol type=\"1\">\n<li>Zastupuje z\u00e1jmy ob\u010dan\u016f posti\u017een\u00fdch exekuc\u00ed. Ot\u00e1zkou je ov\u0161em, jestli pr\u00e1v\u011b tyto ob\u010dansk\u00e9 vrstvy v\u016fbec chod\u00ed k\u00a0volb\u00e1m.<\/li>\n<li>Je \u017eena a je zde ur\u010dit\u00e1 spole\u010densk\u00e1 zak\u00e1zka m\u00edt na Hrad\u011b prezidentku (a vzhledem k\u00a0problematick\u00fdm v\u011bcem na Mendelov\u011b univerzit\u011b, kde byla jin\u00e1 prezidentsk\u00e1 kandid\u00e1tka, Nerudov\u00e1, rektorkou a man\u017eel Nerudov\u00e9 m\u011bl problematick\u00e9 obchody t\u00fdkaj\u00edc\u00ed se exekuc\u00ed, ale z\u00a0t\u00e9 protilehl\u00e9 strany, ne\u017e je ochrana t\u011bch, kter\u00e9 postihly exekuce), pokud j\u00ed daj\u00ed m\u00e9dia prostor a ona si velmi dob\u0159e uv\u011bdom\u00ed, co mluvit a hlavn\u011b co ne\u0159\u00edkat, tak by za optim\u00e1ln\u00edch podm\u00ednek mohla zabodovat, nebo\u0165 t\u011bch lid\u00ed, co maj\u00ed exekuce je 700 tis\u00edc.<\/li>\n<li>Dle m\u00e9ho n\u00e1zoru jej\u00ed volebn\u00ed zisk m\u016f\u017ee velmi p\u0159ekvapit.<\/li>\n<\/ol>\n<p>Jej\u00ed z\u00e1pory: M\u011bla by si uv\u011bdomit, kdo by ji mohl volit, a odstranit ze sv\u00e9 webov\u00e9 str\u00e1nky v\u0161echno, co by jej\u00ed voli\u010de mohlo iritovat. Mus\u00ed si uv\u011bdomit, \u017ee je kandid\u00e1tkou t\u011bch nejchud\u0161\u00edch, a tito voli\u010di nen\u00e1vid\u00ed sou\u010dasnou vl\u00e1du a jej\u00ed zahrani\u010dn\u00ed politiku.<\/p>\n<p>U Tom\u00e1\u0161e Zimy si nejsem jist\u00fd, kam jej za\u0159adit. U n\u011bj budou nakonec pozitivn\u011b fungovat jeho akademick\u00e9 tituly a to, \u017ee byl rektorem Karlovy univerzity. Proto\u017ee u\u017e te\u010f je \u010dl\u00e1nek dlouh\u00fd, tak o kandid\u00e1tech toho spektra, kter\u00e9mu jsou velk\u00e1 m\u00e9dia naklon\u011bna, nap\u00ed\u0161u a\u017e p\u0159\u00ed\u0161t\u011b. Dle m\u00e9ho n\u00e1zoru k\u00a0nim je\u0161t\u011b p\u0159ibude Karel Divi\u0161, kter\u00fd podle statistick\u00e9ho v\u00fdpo\u010dtu m\u00e9ho syna Jana, p\u0159edn\u00edho statistika, m\u00e1 26% \u0161anci se svou st\u00ed\u017enost\u00ed usp\u011bt a znovu se tak za\u0159adit do pelotonu kandid\u00e1t\u016f. Otazn\u00edk vis\u00ed nad Karlem Jane\u010dkem, kter\u00fd m\u00e1 sice dle v\u00fdpo\u010dt\u016f m\u00e9ho syna mizivou \u0161anci statisticky u Nejvy\u0161\u0161\u00edho spr\u00e1vn\u00edho soudu usp\u011bt, av\u0161ak vzhledem k\u00a0mo\u017enosti \u00fastavn\u00ed st\u00ed\u017enosti snad bude tak\u00e9 p\u0159ipu\u0161t\u011bn. Nakonec otazn\u00edk vis\u00ed t\u00e9\u017e nad \u00fa\u010dast\u00ed Denisy Rohanov\u00e9, na jej\u00ed\u017e nominace podal st\u00ed\u017enost sen\u00e1tn\u00ed klub STAN, podporuj\u00edc\u00ed Marka Hil\u0161era (co\u017e nen\u00ed p\u0159\u00edli\u0161 p\u0159edv\u00eddav\u00e9, proto\u017ee pokud bude Rohanov\u00e1 kandidovat, tak rozhodn\u011b nebude br\u00e1t hlasy Hil\u0161erovi, ale naopak t\u011bm druh\u00fdm, a pro Hil\u0161era je kandidatura Rohanov\u00e9 naopak p\u0159\u00ednosem). Nav\u00edc, pokud Nejvy\u0161\u0161\u00ed spr\u00e1vn\u00ed soud kandidaturu Denisy Rohanov\u00e9 zam\u00edtne, tak existuje nebezpe\u010d\u00ed, \u017ee jej\u00ed pr\u00e1vn\u00edci budou moci podat \u00fastavn\u00ed st\u00ed\u017enost a kon\u00e1n\u00ed voleb se mo\u017en\u00e1 bude muset odsunout, proto\u017ee se bude \u010dekat na rozhodnut\u00ed \u00fastavn\u00edho soudu, znovurozhodov\u00e1n\u00ed Nejvy\u0161\u0161\u00edho spr\u00e1vn\u00edho soudu atd.<\/p>\n<p>Omlouv\u00e1m se za pon\u011bkud dlouh\u00fd \u010dl\u00e1nek, ale nebylo jej mo\u017en\u00e9 zkr\u00e1tit.<\/p>\n<p><strong>Petr Hannig, p\u0159edseda politick\u00e9 strany Rozumn\u00ed a b\u00fdval\u00fd prezidentsk\u00fd kandid\u00e1t<\/strong><\/p>\n<p><img decoding=\"async\" loading=\"lazy\" class=\"wp-image-19187 aligncenter\" src=\"http:\/\/www.infokuryr.cz\/n\/wp-content\/uploads\/2022\/12\/1-PRO-300x36.jpg\" alt=\"\" width=\"1208\" height=\"145\" srcset=\"https:\/\/www.infokuryr.cz\/n\/wp-content\/uploads\/2022\/12\/1-PRO-300x36.jpg 300w, https:\/\/www.infokuryr.cz\/n\/wp-content\/uploads\/2022\/12\/1-PRO.jpg 699w\" sizes=\"(max-width: 1208px) 100vw, 1208px\" \/><\/p>\n<p>&nbsp;<\/p>\n","protected":false},"excerpt":{"rendered":"<p>Zd\u00e1 se mi, \u017ee bych se jako b\u00fdval\u00fd prezidentsk\u00fd kandid\u00e1t, m\u011bl tak\u00e9 vyj\u00e1d\u0159it k jednotliv\u00fdm&#8230;<\/p>\n","protected":false},"author":2,"featured_media":12094,"comment_status":"closed","ping_status":"closed","sticky":false,"template":"","format":"standard","meta":[],"categories":[6],"tags":[3387,165,27],"_links":{"self":[{"href":"https:\/\/www.infokuryr.cz\/n\/wp-json\/wp\/v2\/posts\/19575"}],"collection":[{"href":"https:\/\/www.infokuryr.cz\/n\/wp-json\/wp\/v2\/posts"}],"about":[{"href":"https:\/\/www.infokuryr.cz\/n\/wp-json\/wp\/v2\/types\/post"}],"author":[{"embeddable":true,"href":"https:\/\/www.infokuryr.cz\/n\/wp-json\/wp\/v2\/users\/2"}],"replies":[{"embeddable":true,"href":"https:\/\/www.infokuryr.cz\/n\/wp-json\/wp\/v2\/comments?post=19575"}],"version-history":[{"count":0,"href":"https:\/\/www.infokuryr.cz\/n\/wp-json\/wp\/v2\/posts\/19575\/revisions"}],"wp:featuredmedia":[{"embeddable":true,"href":"https:\/\/www.infokuryr.cz\/n\/wp-json\/wp\/v2\/media\/12094"}],"wp:attachment":[{"href":"https:\/\/www.infokuryr.cz\/n\/wp-json\/wp\/v2\/media?parent=19575"}],"wp:term":[{"taxonomy":"category","embeddable":true,"href":"https:\/\/www.infokuryr.cz\/n\/wp-json\/wp\/v2\/categories?post=19575"},{"taxonomy":"post_tag","embeddable":true,"href":"https:\/\/www.infokuryr.cz\/n\/wp-json\/wp\/v2\/tags?post=19575"}],"curies":[{"name":"wp","href":"https:\/\/api.w.org\/{rel}","templated":true}]}}